{"id":26645,"date":"2019-06-24T22:04:28","date_gmt":"2019-06-24T20:04:28","guid":{"rendered":"http:\/\/iuzb.de\/?p=26645"},"modified":"2019-08-01T18:17:04","modified_gmt":"2019-08-01T16:17:04","slug":"aufruf-umfrage-zur-zahnaerztlichen-fruehuntersuchung-fu-beim-kleinkind","status":"publish","type":"post","link":"https:\/\/iuzb.de\/?p=26645","title":{"rendered":"Aufruf: Umfrage zur zahn\u00e4rztlichen Fr\u00fchuntersuchung (FU) beim Kleinkind &#8211; Nehmen Sie sich bitte 5 Minuten Zeit &#8211; Online oder per FAX &#8211; Umfrage l\u00e4uft bis 31.07.2019"},"content":{"rendered":"<p style=\"text-align: justify;\">In Zusammenarbeit mit Zahn\u00e4rztekammern und Kassenzahn\u00e4rztlichen Vereinigungen f\u00fchren die Klinik f\u00fcr Zahnerhaltung und Parodontologie des Universit\u00e4tsklinikums Schleswig-Holstein (UKSH) und die Universit\u00e4t Greifswald, Abteilung f\u00fcr Pr\u00e4ventive Zahnmedizin und Kinderzahnheilkunde derzeit eine kurze Online-Umfrage zur oralen Fr\u00fchuntersuchung unter allen in einer Praxis t\u00e4tigen Zahn\u00e4rzten durch.<\/p>\n<p style=\"text-align: justify;\">Trotz des allgemeinen Kariesr\u00fcckgangs in der Gesellschaft stellt die fr\u00fchkindliche Karies (Early Childhood Caries \u2013 ECC) die zahn\u00e4rztliche Praxis weiterhin vor gro\u00dfe Herausforderungen. Bekannte Risikofaktoren sind neben dem sozialen Umfeld, vor allem ges\u00fc\u00dfte Getr\u00e4nke in der Nuckelflasche, eine unregelm\u00e4\u00dfige und mangelhafte Mundhygiene sowie zumeist verz\u00f6gerte Vorstellung des Kindes in der zahn\u00e4rztlichen Praxis. Gerade letzteres f\u00fchrt unweigerlich zu aufwendigeren Behandlungen der schwerwiegenden kari\u00f6sen Defekte.<\/p>\n<p style=\"text-align: justify;\">Hier gibt der neu eingef\u00fchrte Verweis der Eltern durch P\u00e4diater in die zahn\u00e4rztliche Praxis ab dem 6. Lebensmonat Hoffnung, dass gerade Risikokinder fr\u00fchzeitiger beim Zahnarzt vorstellig.<\/p>\n<p style=\"text-align: justify;\">Das Ziel der Umfrage ist es deshalb den Nutzen, Umfang und die Akzeptanz der seit dem Jahr 2016 neu eingef\u00fchrten oralen Fr\u00fchuntersuchung zu hinterfragen.<\/p>\n<p>&nbsp;<\/p>\n<p>&nbsp;<\/p>\n<p><span style=\"font-size: 14pt;\"><strong>Nehmen Sie sich bitte 5 Minuten Zeit f\u00fcr das Thema!<\/strong><\/span><\/p>\n<p><img loading=\"lazy\" decoding=\"async\" class=\"alignleft size-full wp-image-26646\" src=\"https:\/\/iuzb.de\/wp-content\/uploads\/2019\/05\/Umfrage-zur-zahn\u00e4rztlichen-Fr\u00fchuntersuchung.png\" alt=\"\" width=\"164\" height=\"164\" srcset=\"https:\/\/iuzb.de\/wp-content\/uploads\/2019\/05\/Umfrage-zur-zahn\u00e4rztlichen-Fr\u00fchuntersuchung.png 164w, https:\/\/iuzb.de\/wp-content\/uploads\/2019\/05\/Umfrage-zur-zahn\u00e4rztlichen-Fr\u00fchuntersuchung-120x120.png 120w, https:\/\/iuzb.de\/wp-content\/uploads\/2019\/05\/Umfrage-zur-zahn\u00e4rztlichen-Fr\u00fchuntersuchung-90x90.png 90w, https:\/\/iuzb.de\/wp-content\/uploads\/2019\/05\/Umfrage-zur-zahn\u00e4rztlichen-Fr\u00fchuntersuchung-75x75.png 75w\" sizes=\"auto, (max-width: 164px) 100vw, 164px\" \/><\/p>\n<p><strong>Scannen Sie den QR-Code oder nutzen Sie den Link<\/strong><\/p>\n<p><a href=\"http:\/\/www.umfrage-konspar.net\" target=\"_blank\" rel=\"noopener noreferrer\"><strong> u<\/strong><strong>mfrage-konspar.net <\/strong><\/a><\/p>\n<p><strong>und nehmen Sie online an der Umfrage teil.<\/strong><\/p>\n<p>Im anonymen Online-Fragebogen finden Sie vier Fragen zu Ihrer Person sowie sechs spezifische Fragen zur Durchf\u00fchrung der oralen F\u00fchruntersuchung.<\/p>\n<p>Dort finden Sie auch weiterf\u00fchrende Informationen und die M\u00f6glichkeit f\u00fcr Fragen an uns.<\/p>\n<p>Wir freuen uns auf Ihre Teilnahme in den kommenden vier Wochen!<\/p>\n<p>Herzlichen Dank im Voraus.<\/p>\n<p>Mit freundlichen Gr\u00fc\u00dfen<\/p>\n<p>Dr. A. Geiken, Priv.-Doz. Dr. C. Graetz, A.Takriti, Prof. Dr. C. Splieth<\/p>\n<p>____________________________________<\/p>\n<p><strong>Universit\u00e4tsklinikum Schleswig-Holstein<\/strong><br \/>\nAbteilung Zahnerhaltung und Parodontologie<\/p>\n<p><strong>Universit\u00e4t Greifswald<\/strong><br \/>\nAbteilung f\u00fcr Pr\u00e4ventive Zahnmedizin und Kinderzahnheilkunde<\/p>\n<p>&nbsp;<\/p>\n<p><span style=\"font-size: 14pt; color: #ff0000;\">Oder per Fax an 0431-500 26204 :<\/span><\/p>\n<ul>\n<li><a href=\"https:\/\/iuzb.de\/wp-content\/uploads\/2019\/06\/FINAL_FU_ALLE_ZA_Fragebogen_04.04.19.pdf.pdf\" target=\"_blank\" rel=\"noopener noreferrer\"><span style=\"font-size: 14pt;\">Umfrage pdf<\/span><\/a><\/li>\n<\/ul>\n<p>&nbsp;<\/p>\n","protected":false},"excerpt":{"rendered":"<p>In Zusammenarbeit mit Zahn\u00e4rztekammern und Kassenzahn\u00e4rztlichen Vereinigungen f\u00fchren die Klinik f\u00fcr Zahnerhaltung und Parodontologie des Universit\u00e4tsklinikums Schleswig-Holstein (UKSH) und die Universit\u00e4t Greifswald, Abteilung f\u00fcr Pr\u00e4ventive Zahnmedizin und Kinderzahnheilkunde derzeit eine [&#8230;]<\/p>\n","protected":false},"author":13,"featured_media":0,"comment_status":"open","ping_status":"closed","sticky":false,"template":"","format":"standard","meta":{"ngg_post_thumbnail":0,"iawp_total_views":3,"footnotes":""},"categories":[188],"tags":[],"class_list":["post-26645","post","type-post","status-publish","format-standard","hentry","category-medizin"],"_links":{"self":[{"href":"https:\/\/iuzb.de\/index.php?rest_route=\/wp\/v2\/posts\/26645","targetHints":{"allow":["GET"]}}],"collection":[{"href":"https:\/\/iuzb.de\/index.php?rest_route=\/wp\/v2\/posts"}],"about":[{"href":"https:\/\/iuzb.de\/index.php?rest_route=\/wp\/v2\/types\/post"}],"author":[{"embeddable":true,"href":"https:\/\/iuzb.de\/index.php?rest_route=\/wp\/v2\/users\/13"}],"replies":[{"embeddable":true,"href":"https:\/\/iuzb.de\/index.php?rest_route=%2Fwp%2Fv2%2Fcomments&post=26645"}],"version-history":[{"count":11,"href":"https:\/\/iuzb.de\/index.php?rest_route=\/wp\/v2\/posts\/26645\/revisions"}],"predecessor-version":[{"id":26985,"href":"https:\/\/iuzb.de\/index.php?rest_route=\/wp\/v2\/posts\/26645\/revisions\/26985"}],"wp:attachment":[{"href":"https:\/\/iuzb.de\/index.php?rest_route=%2Fwp%2Fv2%2Fmedia&parent=26645"}],"wp:term":[{"taxonomy":"category","embeddable":true,"href":"https:\/\/iuzb.de\/index.php?rest_route=%2Fwp%2Fv2%2Fcategories&post=26645"},{"taxonomy":"post_tag","embeddable":true,"href":"https:\/\/iuzb.de\/index.php?rest_route=%2Fwp%2Fv2%2Ftags&post=26645"}],"curies":[{"name":"wp","href":"https:\/\/api.w.org\/{rel}","templated":true}]}}