{"id":26629,"date":"2019-05-08T10:36:46","date_gmt":"2019-05-08T08:36:46","guid":{"rendered":"http:\/\/iuzb.de\/?p=26629"},"modified":"2019-08-07T13:31:17","modified_gmt":"2019-08-07T11:31:17","slug":"offener-brief-an-den-vorsitzender-der-vertreterversammlung-der-kzv-berlin","status":"publish","type":"post","link":"https:\/\/iuzb.de\/?p=26629","title":{"rendered":"Offener Brief an den Vorsitzenden der Vertreterversammlung der KZV Berlin"},"content":{"rendered":"<p>Vorbemerkung:<\/p>\n<p>Die KZV Berlin hat uns drei Urteile \u00fcbermittelt, nach denen sich (zwingend?) ergeben soll, dass die &#8222;<a href=\"https:\/\/iuzb.de\/wp-content\/uploads\/2019\/04\/2016-Geschaeftsordnung-Paragraf-11-Audioprotokoll-Ergebnisprotokoll.jpg\" target=\"_blank\" rel=\"noopener noreferrer\">Audioprotokolle<\/a>&#8220; der Vertreterversammlung nicht mehr 2 Jahre archiviert, sondern k\u00fcnftig nach Genehmigung des schriftlichen Ergebnisprotokolls gel\u00f6scht werden m\u00fcssen (<a href=\"https:\/\/iuzb.de\/?p=26266\" target=\"_blank\" rel=\"noopener noreferrer\">Antrag des Vorsitzenden der Vertreterversammlung vom 01.04.2019<\/a>):<\/p>\n<ol>\n<li><a href=\"http:\/\/www.gesetze-bayern.de\/Content\/Document\/Y-300-Z-BECKRS-B-2013-N-51342?hl=true&amp;AspxAutoDetectCookieSupport=1\" target=\"_blank\" rel=\"noopener noreferrer\">26.04.2013<\/a>: Verwaltungsgericht Bayreuth vom 26.04.2013 &#8211; 5 K 11.594<\/li>\n<li><a href=\"http:\/\/www.gerichtsentscheidungen.berlin-brandenburg.de\/jportal\/portal\/t\/88p\/bs\/10\/page\/sammlung.psml?pid=Dokumentanzeige&amp;showdoccase=1&amp;js_peid=Trefferliste&amp;documentnumber=1&amp;numberofresults=1&amp;fromdoctodoc=yes&amp;doc.id=JURE160009244&amp;doc.part=L&amp;doc.price=0.0&amp;doc.hl=1#focuspoint\" target=\"_blank\" rel=\"noopener noreferrer\">21.03.2016<\/a>: Verwaltungsgericht Berlin vom 21.03.2016 &#8211; 22 K 136.14<\/li>\n<li><a href=\"http:\/\/www.rechtsprechung.niedersachsen.de\/jportal\/portal\/page\/bsndprod.psml?doc.id=MWRE170008333&amp;st=null&amp;showdoccase=1\" target=\"_blank\" rel=\"noopener noreferrer\">18.10.2017<\/a>: Oberverwaltungsgericht L\u00fcneburg vom 18.10.2017 &#8211; 10 LB 53\/17<\/li>\n<\/ol>\n<p>&nbsp;<\/p>\n<p>&nbsp;<\/p>\n<p><span style=\"font-size: 12pt;\"><strong>Betrifft: L\u00f6schung der Bandaufnahmen der Vertreterversammlung<\/strong><\/span><\/p>\n<p>&nbsp;<\/p>\n<p>Sehr geehrter Herr Kollege Schleithoff,<\/p>\n<p>herzlichen Dank f\u00fcr die \u00dcbermittelung der drei Urteile \u00fcber die Gesch\u00e4ftsstelle, welche ich mir durchgelesen habe.<\/p>\n<p>Zun\u00e4chst einmal, lassen Sie mich bitte anmerken, dass unsere Selbstverwaltung f\u00fcr unseren Berufsstand &#8222;mehr&#8220; darstellen sollte bzw. muss, als die Vorhaltung eines rein technischen Verwaltungstr\u00e4gers. Wir d\u00fcrfen nicht riskieren, dass wir uns als Selbstverwaltung selbst demontieren. Dieses &#8222;mehr&#8220; m\u00fcssen wir als Leitbild immer im Auge haben. Selbstverst\u00e4ndlich unter Beachtung von Recht und Gesetz.<\/p>\n<p>Aber zu den Urteilen. Ich hatte Sie so verstanden, dass es wegen der seit dem 25. Mai 2018 geltenden <a href=\"https:\/\/dejure.org\/gesetze\/DSGVO\" target=\"_blank\" rel=\"noopener noreferrer\">Datenschutzgrundverordnung<\/a> einen zwingenden Grund gibt, dass ein Audioprotokolle (nach der <a href=\"https:\/\/iuzb.de\/wp-content\/uploads\/2019\/04\/2016-Geschaeftsordnung-Paragraf-11-Audioprotokoll-Ergebnisprotokoll.jpg\" target=\"_blank\" rel=\"noopener noreferrer\">Gesch\u00e4ftsordnung<\/a> handelt es sich nun einmal auch um &#8222;Protokoll&#8220;) unmittelbar nach Erstellung des schriftlichen Ergebnisprotokolls gel\u00f6scht werden soll.<\/p>\n<p>Erwartet h\u00e4tte ich daher eine ausf\u00fchrliche Auseinandersetzung mit der Frage der Rechtsstellung der Vertreterversammlung und der Vertreter und inwieweit Pers\u00f6nlichkeitsrechte f\u00fcr die gew\u00e4hlten Repr\u00e4sentanten \u00fcberhaupt greifen. Greifen &#8222;m\u00fcssen&#8220;, aber auch greifen &#8222;sollten&#8220;. Und dies eben in Bezug auf die derzeit g\u00fcltigen Gesetze und Ordnungen. Aber in diesem Zusammenhang aber auch politisch gefragt: Man stelle sich einmal vor, ein Mitglied des Abgeordnetenhauses w\u00fcrde verlangen, dass sein Redebeitrag nicht protokolliert werden solle, weil er meint, dass eine Protokollierung seine Pers\u00f6nlichkeitsrecht verletzt w\u00fcrden?! Von daher erscheint es mir abwegig, \u00e4hnliches im h\u00f6chsten Organ unserer Selbstverwaltung in den Raum zu stellen. Denn dies bedeutet Intransparenz und im Ergebnis eine in sich abgeschlossene und unkontrollierte (Funktion\u00e4rs)Gesellschaft, in welcher sich Seilschaften bilden und durch ein gegenseitiges Geben und Nehmen Abh\u00e4ngigkeiten entstehen und so f\u00fcr &#8222;Korruption&#8220; alle Wege offen stehen &#8211; und wo der Rechtsstaat keine Chance mehr hat, weil keine greifbaren Verh\u00e4ltnisse mehr existieren.<\/p>\n<p>Intransparenz zu f\u00f6rdern kann aber nicht Ziel von Datenschutzvorschriften sein. Verwaltungshandeln muss transparent und nachvollziehbar sein, f\u00fcr unsere Selbstverwaltung gilt dies im Besonderen. Grundlage daf\u00fcr ist ein einwandfreies Protokollwesen.<\/p>\n<p>Wenn Sie einen \u00c4nderungsantrag zur Gesch\u00e4ftsordnung oder Satzung einreichen, sollte dieser also aufs ausf\u00fchrlichste begr\u00fcndet sein &#8211; und zwar bereits zusammen mit dem Tagesordnungsantrag, so dass sich alle Vertreterversammlungsmitglieder damit im Vorfeld auseinandersetzen k\u00f6nnen und nicht erst mit einer &#8222;m\u00fcndlichen Tischvorlagenbegr\u00fcndung&#8220;. *Ironie an* Welche dann sp\u00e4ter auch nicht mehr nachvollzogen werden kann, weil das Audioprotokoll ja gel\u00f6scht werden soll *Ironie aus*.<\/p>\n<p>Die mir \u00fcbermittelten Urteile stammen von den unteren Gerichten, sie sind au\u00dferdem &#8222;alt&#8220; und befassen sich wesentlich mit <a href=\"https:\/\/dejure.org\/gesetze\/BDSG_a.F.\/20.html\" target=\"_blank\" rel=\"noopener noreferrer\">\u00a7 20 des alten Bundesdatenschutzgesetzes<\/a>. Die KZV Berlin ist auch kein Stadtrat und auch nicht die Wirtschaftspr\u00fcferkammer. Von daher vermag ich keinen Bezug zu den Verh\u00e4ltnissen in der KZV Berlin als landesunmittelbare K\u00f6rperschaft des \u00f6ffentlichen Rechts herzustellen.<\/p>\n<p>Aber nochmals: Es muss berufspolitischen Ziel sein, die Vertreterversammlung auch als berufsparlamentarisches Organ zu verstehen &#8211; und nicht nur als oberstes Verwaltungsorgan. Ohne diese Sichtweise braucht es keine Selbstverwaltung, dann k\u00f6nnen wir &#8222;einpacken&#8220; und unsere berufsst\u00e4ndischen Verwaltungsangelegenheiten auch von Staatsbediensteten erledigen lassen.<\/p>\n<p>&#8222;Selbstverwaltung kommt eben nicht von selbst. Da muss man schon was f\u00fcr tun!&#8220;<\/p>\n<p>Mit freundlichen Gr\u00fc\u00dfen<\/p>\n<p><img loading=\"lazy\" decoding=\"async\" class=\"alignleft wp-image-12488\" src=\"https:\/\/iuzb.de\/wp-content\/uploads\/2008\/07\/Alexander-Klutke.jpg\" alt=\"\" width=\"150\" height=\"196\" srcset=\"https:\/\/iuzb.de\/wp-content\/uploads\/2008\/07\/Alexander-Klutke.jpg 750w, https:\/\/iuzb.de\/wp-content\/uploads\/2008\/07\/Alexander-Klutke-115x150.jpg 115w, https:\/\/iuzb.de\/wp-content\/uploads\/2008\/07\/Alexander-Klutke-230x300.jpg 230w\" sizes=\"auto, (max-width: 150px) 100vw, 150px\" \/><\/p>\n<p>&nbsp;<\/p>\n<p>&nbsp;<\/p>\n<p><strong>Alexander Klutke<\/strong><br \/>\nMitglied der Vertreterversammlung<\/p>\n<p>&nbsp;<\/p>\n<p>&nbsp;<\/p>\n","protected":false},"excerpt":{"rendered":"<p>Vorbemerkung: Die KZV Berlin hat uns drei Urteile \u00fcbermittelt, nach denen sich (zwingend?) ergeben soll, dass die &#8222;Audioprotokolle&#8220; der Vertreterversammlung nicht mehr 2 Jahre archiviert, sondern k\u00fcnftig nach Genehmigung des [&#8230;]<\/p>\n","protected":false},"author":13,"featured_media":25298,"comment_status":"open","ping_status":"closed","sticky":false,"template":"","format":"standard","meta":{"ngg_post_thumbnail":0,"iawp_total_views":0,"footnotes":""},"categories":[242,45,195,97,101],"tags":[],"class_list":["post-26629","post","type-post","status-publish","format-standard","has-post-thumbnail","hentry","category-infobriefe","category-kzv-berlin","category-protokolle-kzv-vv","category-vertreterversammlung-kzv-berlin","category-vorsitzender"],"_links":{"self":[{"href":"https:\/\/iuzb.de\/index.php?rest_route=\/wp\/v2\/posts\/26629","targetHints":{"allow":["GET"]}}],"collection":[{"href":"https:\/\/iuzb.de\/index.php?rest_route=\/wp\/v2\/posts"}],"about":[{"href":"https:\/\/iuzb.de\/index.php?rest_route=\/wp\/v2\/types\/post"}],"author":[{"embeddable":true,"href":"https:\/\/iuzb.de\/index.php?rest_route=\/wp\/v2\/users\/13"}],"replies":[{"embeddable":true,"href":"https:\/\/iuzb.de\/index.php?rest_route=%2Fwp%2Fv2%2Fcomments&post=26629"}],"version-history":[{"count":12,"href":"https:\/\/iuzb.de\/index.php?rest_route=\/wp\/v2\/posts\/26629\/revisions"}],"predecessor-version":[{"id":26641,"href":"https:\/\/iuzb.de\/index.php?rest_route=\/wp\/v2\/posts\/26629\/revisions\/26641"}],"wp:featuredmedia":[{"embeddable":true,"href":"https:\/\/iuzb.de\/index.php?rest_route=\/wp\/v2\/media\/25298"}],"wp:attachment":[{"href":"https:\/\/iuzb.de\/index.php?rest_route=%2Fwp%2Fv2%2Fmedia&parent=26629"}],"wp:term":[{"taxonomy":"category","embeddable":true,"href":"https:\/\/iuzb.de\/index.php?rest_route=%2Fwp%2Fv2%2Fcategories&post=26629"},{"taxonomy":"post_tag","embeddable":true,"href":"https:\/\/iuzb.de\/index.php?rest_route=%2Fwp%2Fv2%2Ftags&post=26629"}],"curies":[{"name":"wp","href":"https:\/\/api.w.org\/{rel}","templated":true}]}}