{"id":26507,"date":"2019-04-11T09:30:23","date_gmt":"2019-04-11T07:30:23","guid":{"rendered":"http:\/\/iuzb.de\/?p=26507"},"modified":"2023-04-14T17:23:03","modified_gmt":"2023-04-14T15:23:03","slug":"bericht-zur-verhandlung-kzv-berlin-gegen-land-berlin-in-sachen-vorsands-alterszusatzversorgung","status":"publish","type":"post","link":"https:\/\/iuzb.de\/?p=26507","title":{"rendered":"Bericht zur Verhandlung KZV Berlin gegen Land Berlin in Sachen Vorstands-Alterszusatzversorgung vor dem LSG Berlin-Brandenburg"},"content":{"rendered":"<p>Die Klage der KZV Berlin gegen das Land Berlin in Sachen einer Zusatzrente zugunsten des <a href=\"https:\/\/www.kzv-berlin.de\/kzv-berlin\/organe-und-struktur\/vorstand\/\" target=\"_blank\" rel=\"noopener noreferrer\">Vorstandsvorsitzenden Herrn Dr. J\u00f6rg Meyer,<\/a> wurde gestern vom Landessozialgericht Berlin-Brandenburg kostenpflichtig abgewiesen.<\/p>\n<p>Nach diesem Urteil sollte zu erwarten sein, dass die beiden stellvertretenden&nbsp; Vorstandsvorsitzenden, <a href=\"https:\/\/www.kzv-berlin.de\/kzv-berlin\/organe-und-struktur\/vorstand\/vita-geist\/\" target=\"_blank\" rel=\"noopener noreferrer\">Herr Karsten Geist<\/a> und <a href=\"https:\/\/www.kzv-berlin.de\/kzv-berlin\/organe-und-struktur\/vorstand\/vita-husemann\/\" target=\"_blank\" rel=\"noopener noreferrer\">Herr Dr. J\u00f6rg-Peter Husemann<\/a>, ihre Klagen in gleicher Sache zur\u00fccknehmen werden.<\/p>\n<p>Zwar hat das Gericht festgestellt, dass der <a href=\"https:\/\/iuzb.de\/wp-content\/uploads\/2017\/04\/2017-03-23-Senatsverwaltung-an-KZV-Berlin.pdf\" target=\"_blank\" rel=\"noopener noreferrer\">Bescheid der Aufsichtsbeh\u00f6rde<\/a> hinsichtlich der Begr\u00fcndetheit und der Ermessensaus\u00fcbung <span style=\"text-decoration: underline;\">rechtswidrig<\/span> gewesen ist.<\/p>\n<p>Trotzdem konnte die Klage keinen Erfolg haben, weil die von der Zustimmung ausgenommenen Vertragsklauseln nicht zustimmungs- und genehmigungsf\u00e4hig gewesen sind, weil<\/p>\n<ol>\n<li>die Regelungen hauptamtliche Dienstzeiten <span style=\"text-decoration: underline;\">vor<\/span> Beginn des Vertrages mit einbeziehen sollten, was dem Gebot von Wirtschaftlichkeit und Sparsamkeit widerspricht, und<\/li>\n<li>ein neues Altersruhegeld vorherige \u00dcbergangsgeldleistungen ersetzen sollte. Darin liegt aber ein Formenmissbrauch, weil zwar ein \u00dcbergangsgeld als solches denkbar und m\u00f6glich w\u00e4re, dass aber nicht in ein Altersruhegeld, Altersbez\u00fcge oder eine Altersversorgung umgewandelt werden kann, <span style=\"text-decoration: underline;\">weil das etwas ganz anderes ist<\/span> und <span style=\"text-decoration: underline;\">einem ganz anderem Zweck dient<\/span>.<\/li>\n<\/ol>\n<p>Die drei Vorst\u00e4nde sind bereits, wie in der Verhandlung gesagt wurde, gesetzlich rentenversichert, in diesem Fall \u00fcber ein berufsst\u00e4ndisches Versorgungswerk. Wichtig ist, dass eine dar\u00fcber hinausgehende Alterszusatzversorgung und\/oder ein \u00dcbergangsgeld nicht per se unzul\u00e4ssig ist. Die Unzul\u00e4ssigkeit ergibt sich in diesem Fall jedoch aus den beiden o.g. Punkten heraus.<\/p>\n<p>Den Streitwert hat das Gericht f\u00fcr dieses Verfahren nach dem Rentenbarwert f\u00fcr 6 Jahre berechnet. Dies sind rund 9.200 \u20ac und hat es im Hinblick darauf, dass es eine Dauerrente werden sollte, um den Faktor 3 auf rund 27.700 \u20ac erh\u00f6ht. Dazu ist anzumerken, dass die KZV Berlin im ung\u00fcnstigsten Fall f\u00fcr alle drei Verfahren zusammen einen Streitwert von 733.992,00 \u20ac kalkuliert hatte.*<\/p>\n<p>Die <a href=\"https:\/\/de.wikipedia.org\/wiki\/Revision_(Recht)#Revision_im_Sozialgerichtsprozess\" target=\"_blank\" rel=\"noopener noreferrer\">Revision<\/a> wurde nicht zugelassen, weil das Gericht seine Entscheidung auf Gr\u00fcnde gest\u00fctzt hat, die nach der Rechtsprechung des Bundessozialgerichts klar sind.<\/p>\n<p>Sobald das Urteil (Az. L 7 KA 38\/17 KL ) vorliegt, werden wir darauf hinweisen.<\/p>\n<p>&nbsp;<\/p>\n<p>&nbsp;<\/p>\n<p>&nbsp;<\/p>\n<p>*Protokollauszug Streitwert- und Kostenkalkulation:<br \/>\n<a href=\"https:\/\/iuzb.de\/wp-content\/uploads\/2019\/04\/Protokollauszug-Streitwert-und-Kostenkalkulation.jpg\" target=\"_blank\" rel=\"noopener noreferrer\"><img loading=\"lazy\" decoding=\"async\" class=\"alignnone wp-image-26516\" src=\"https:\/\/iuzb.de\/wp-content\/uploads\/2019\/04\/Protokollauszug-Streitwert-und-Kostenkalkulation.jpg\" alt=\"\" width=\"640\" height=\"393\" srcset=\"https:\/\/iuzb.de\/wp-content\/uploads\/2019\/04\/Protokollauszug-Streitwert-und-Kostenkalkulation.jpg 990w, https:\/\/iuzb.de\/wp-content\/uploads\/2019\/04\/Protokollauszug-Streitwert-und-Kostenkalkulation-195x120.jpg 195w, https:\/\/iuzb.de\/wp-content\/uploads\/2019\/04\/Protokollauszug-Streitwert-und-Kostenkalkulation-450x276.jpg 450w, https:\/\/iuzb.de\/wp-content\/uploads\/2019\/04\/Protokollauszug-Streitwert-und-Kostenkalkulation-768x472.jpg 768w\" sizes=\"auto, (max-width: 640px) 100vw, 640px\" \/><\/a><\/p>\n<p>&nbsp;<\/p>\n<p>&nbsp;<\/p>\n","protected":false},"excerpt":{"rendered":"<p>Die Klage der KZV Berlin gegen das Land Berlin in Sachen einer Zusatzrente zugunsten des Vorstandsvorsitzenden Herrn Dr. J\u00f6rg Meyer, wurde gestern vom Landessozialgericht Berlin-Brandenburg kostenpflichtig abgewiesen. Nach diesem Urteil [&#8230;]<\/p>\n","protected":false},"author":13,"featured_media":26526,"comment_status":"open","ping_status":"closed","sticky":false,"template":"","format":"standard","meta":{"ngg_post_thumbnail":0,"iawp_total_views":1,"footnotes":""},"categories":[98,242,45,68],"tags":[],"class_list":["post-26507","post","type-post","status-publish","format-standard","has-post-thumbnail","hentry","category-diaeten-kzv","category-infobriefe","category-kzv-berlin","category-recht"],"_links":{"self":[{"href":"https:\/\/iuzb.de\/index.php?rest_route=\/wp\/v2\/posts\/26507","targetHints":{"allow":["GET"]}}],"collection":[{"href":"https:\/\/iuzb.de\/index.php?rest_route=\/wp\/v2\/posts"}],"about":[{"href":"https:\/\/iuzb.de\/index.php?rest_route=\/wp\/v2\/types\/post"}],"author":[{"embeddable":true,"href":"https:\/\/iuzb.de\/index.php?rest_route=\/wp\/v2\/users\/13"}],"replies":[{"embeddable":true,"href":"https:\/\/iuzb.de\/index.php?rest_route=%2Fwp%2Fv2%2Fcomments&post=26507"}],"version-history":[{"count":25,"href":"https:\/\/iuzb.de\/index.php?rest_route=\/wp\/v2\/posts\/26507\/revisions"}],"predecessor-version":[{"id":42003,"href":"https:\/\/iuzb.de\/index.php?rest_route=\/wp\/v2\/posts\/26507\/revisions\/42003"}],"wp:featuredmedia":[{"embeddable":true,"href":"https:\/\/iuzb.de\/index.php?rest_route=\/wp\/v2\/media\/26526"}],"wp:attachment":[{"href":"https:\/\/iuzb.de\/index.php?rest_route=%2Fwp%2Fv2%2Fmedia&parent=26507"}],"wp:term":[{"taxonomy":"category","embeddable":true,"href":"https:\/\/iuzb.de\/index.php?rest_route=%2Fwp%2Fv2%2Fcategories&post=26507"},{"taxonomy":"post_tag","embeddable":true,"href":"https:\/\/iuzb.de\/index.php?rest_route=%2Fwp%2Fv2%2Ftags&post=26507"}],"curies":[{"name":"wp","href":"https:\/\/api.w.org\/{rel}","templated":true}]}}