{"id":26472,"date":"2019-04-09T07:28:56","date_gmt":"2019-04-09T05:28:56","guid":{"rendered":"http:\/\/iuzb.de\/?p=26472"},"modified":"2023-04-14T17:28:12","modified_gmt":"2023-04-14T15:28:12","slug":"kzv-berlin-vorstand-fordert-mehr-rente-senat-haelt-dagegen","status":"publish","type":"post","link":"https:\/\/iuzb.de\/?p=26472","title":{"rendered":"KZV Berlin: Die Selbstverwaltung hat schon verloren"},"content":{"rendered":"<p>Tagesspiegel, 09.04.2019:<\/p>\n<h5><a href=\"https:\/\/www.tagesspiegel.de\/berlin\/kassenzahnaerztliche-vereinigung-berlin-kzv-vorstand-fordert-mehr-rente-senat-haelt-dagegen\/24195984.html\" target=\"_blank\" rel=\"noopener noreferrer\"><span style=\"font-size: 12pt;\">KZV-Vorstand fordert mehr Rente &#8211; Senat h\u00e4lt dagegen<\/span><\/a><\/h5>\n<p>&nbsp;<\/p>\n<p>Der Artikel enth\u00e4lt eine bemerkenswert deutliche Ansage der <a href=\"https:\/\/www.berlin.de\/sen\/gpg\/ueber-uns\/leitung\/senatorin\/\" target=\"_blank\" rel=\"noopener noreferrer\">Gesundheitssenatorin Frau Kolat<\/a>:<\/p>\n<blockquote><p>Aus Sicht von Gesundheitssenatorin Dilek Kolat (SPD) lag ein solcher Versto\u00df vor: \u201eAls Rechtsaufsicht achten wir darauf, dass die Gelder der Krankenversicherten rechtm\u00e4\u00dfig verwendet werden. Dabei sind Grunds\u00e4tze der Wirtschaftlichkeit und Sparsamkeit zu beachten. Eine zus\u00e4tzliche <strong>Luxus-Altersvorsorge<\/strong> f\u00fcr die Vorst\u00e4nde der KZV Berlin ist schlicht <strong>unversch\u00e4mt<\/strong>.\u201c Die KZV sei kein <strong>Selbstbedienungsladen<\/strong>. \u201eDaher bleiben wir hart\u201c, sagte Kolat. \u201eIch sehe dem Gerichtsverfahren gelassen entgegen.\u201c<\/p>\n<p>&nbsp;<\/p><\/blockquote>\n<p>Egal, wie das Verfahren <a href=\"https:\/\/iuzb.de\/?p=26433\" target=\"_blank\" rel=\"noopener noreferrer\">morgen<\/a> vor dem LSG ausgeht. Die Selbstverwaltung hat schon verloren. Entweder darf sie insgesamt sehr viel Geld bezahlen, oder der Vorwurf der Selbstbedienungsmentalit\u00e4t wird auch noch gerichtlich best\u00e4tigt.<\/p>\n<p>&nbsp;<\/p>\n","protected":false},"excerpt":{"rendered":"<p>Tagesspiegel, 09.04.2019: KZV-Vorstand fordert mehr Rente &#8211; Senat h\u00e4lt dagegen &nbsp; Der Artikel enth\u00e4lt eine bemerkenswert deutliche Ansage der Gesundheitssenatorin Frau Kolat: Aus Sicht von Gesundheitssenatorin Dilek Kolat (SPD) lag [&#8230;]<\/p>\n","protected":false},"author":13,"featured_media":0,"comment_status":"open","ping_status":"closed","sticky":false,"template":"","format":"standard","meta":{"ngg_post_thumbnail":0,"iawp_total_views":0,"footnotes":""},"categories":[98,45,68],"tags":[],"class_list":["post-26472","post","type-post","status-publish","format-standard","hentry","category-diaeten-kzv","category-kzv-berlin","category-recht"],"_links":{"self":[{"href":"https:\/\/iuzb.de\/index.php?rest_route=\/wp\/v2\/posts\/26472","targetHints":{"allow":["GET"]}}],"collection":[{"href":"https:\/\/iuzb.de\/index.php?rest_route=\/wp\/v2\/posts"}],"about":[{"href":"https:\/\/iuzb.de\/index.php?rest_route=\/wp\/v2\/types\/post"}],"author":[{"embeddable":true,"href":"https:\/\/iuzb.de\/index.php?rest_route=\/wp\/v2\/users\/13"}],"replies":[{"embeddable":true,"href":"https:\/\/iuzb.de\/index.php?rest_route=%2Fwp%2Fv2%2Fcomments&post=26472"}],"version-history":[{"count":12,"href":"https:\/\/iuzb.de\/index.php?rest_route=\/wp\/v2\/posts\/26472\/revisions"}],"predecessor-version":[{"id":42005,"href":"https:\/\/iuzb.de\/index.php?rest_route=\/wp\/v2\/posts\/26472\/revisions\/42005"}],"wp:attachment":[{"href":"https:\/\/iuzb.de\/index.php?rest_route=%2Fwp%2Fv2%2Fmedia&parent=26472"}],"wp:term":[{"taxonomy":"category","embeddable":true,"href":"https:\/\/iuzb.de\/index.php?rest_route=%2Fwp%2Fv2%2Fcategories&post=26472"},{"taxonomy":"post_tag","embeddable":true,"href":"https:\/\/iuzb.de\/index.php?rest_route=%2Fwp%2Fv2%2Ftags&post=26472"}],"curies":[{"name":"wp","href":"https:\/\/api.w.org\/{rel}","templated":true}]}}