{"id":2646,"date":"2011-03-19T13:47:00","date_gmt":"2011-03-19T11:47:00","guid":{"rendered":"http:\/\/www.iuzb.org\/wordpress\/?p=2646"},"modified":"2016-11-26T10:55:19","modified_gmt":"2016-11-26T09:55:19","slug":"rs-1011-wahlen-in-der-kzbv-keine-reale-chance-fur-dr-pochhammer","status":"publish","type":"post","link":"https:\/\/iuzb.de\/?p=2646","title":{"rendered":"Wahlen in der KZBV &#8211; Keine reale Chance f\u00fcr Dr. Pochhammer von der KZV Berlin"},"content":{"rendered":"<p>Am 18. und 19. M\u00e4rz 2011 fand im Berliner <a href=\"http:\/\/www.berlin.intercontinental.com\/meetings-und-events\" target=\"_blank\">Intercontinental-Hotel<\/a> in der Budapester Stra\u00dfe die konstituierende Vertreterversammlung der KZBV f\u00fcr die kommende sechsj\u00e4hrige Legislaturperiode statt. Die KZBV informierte mit einem kleinen &#8222;<a href=\"http:\/\/www.kzbv.de\/\" target=\"_blank\">Liveticker<\/a> &#8220; \u00fcber die Wahlen des Vorsitzenden der Vertreterversammlung und des Vorstandes der KZBV. Die vollst\u00e4ndige <a href=\"https:\/\/iuzb.de\/wp-content\/uploads\/2011\/03\/KonstVV_KZBV_110318-1-1.pdf\" target=\"_blank\">Tagesordnung<\/a> haben freundlicherweise die Kollegen von <a href=\"http:\/\/www.drdohmeier.de\/?p=2770\" target=\"_blank\">BUZ<\/a> im Internet zur Verf\u00fcgung gestellt.<\/p>\n<p>Hier zur Dokumentation die Original-Meldungen des KZBV-Livetickers in Ausz\u00fcgen:<\/p>\n<ul>\n<li><strong>TOP 5 &#8211; Neuwahl des Vorstandes<br \/>\n<\/strong>5.1 Wahl der drei Mitglieder des Vorstandes<br \/>\n5.2 Wahl des Vorsitzenden des Vorstandes<br \/>\n<span style=\"color: white;\">.<\/span><br \/>\n19.03.2011<br \/>\nDamit ist, entgegen aller vorhergehenden Spekulationen (<a href=\"https:\/\/iuzb.de\/?p=2641\" target=\"_blank\">hier<\/a> und <a href=\"http:\/\/www.zwp-online.info\/de\/zwpnews\/dental-news\/branchenmeldungen\/5023\" target=\"_blank\">hier<\/a>), <a href=\"http:\/\/www.kzv-berlin.de\/cms\/index.php?id=3\" target=\"_blank\">Herr Dr. Pochhammer<\/a> k\u00fcnftig nicht im Vorstand der Bundes-KZV vertreten.<br \/>\n<img loading=\"lazy\" decoding=\"async\" class=\"alignnone size-full wp-image-16845\" src=\"https:\/\/iuzb.de\/wp-content\/uploads\/2011\/03\/kzbvkassenzahnaerztlichebundesvereinigung-homepage_1300524835119-3.jpg\" alt=\"kzbvkassenzahnaerztlichebundesvereinigung-homepage_1300524835119-3\" width=\"450\" height=\"358\" srcset=\"https:\/\/iuzb.de\/wp-content\/uploads\/2011\/03\/kzbvkassenzahnaerztlichebundesvereinigung-homepage_1300524835119-3.jpg 450w, https:\/\/iuzb.de\/wp-content\/uploads\/2011\/03\/kzbvkassenzahnaerztlichebundesvereinigung-homepage_1300524835119-3-300x239.jpg 300w\" sizes=\"auto, (max-width: 450px) 100vw, 450px\" \/><br \/>\n18.03.2011:<br \/>\n<img loading=\"lazy\" decoding=\"async\" class=\"alignnone size-full wp-image-16846\" src=\"https:\/\/iuzb.de\/wp-content\/uploads\/2011\/03\/kzbvkassenzahnaerztlichebundesvereinigung-homepage_1300468685620.jpg\" alt=\"kzbvkassenzahnaerztlichebundesvereinigung-homepage_1300468685620\" width=\"450\" height=\"87\" srcset=\"https:\/\/iuzb.de\/wp-content\/uploads\/2011\/03\/kzbvkassenzahnaerztlichebundesvereinigung-homepage_1300468685620.jpg 450w, https:\/\/iuzb.de\/wp-content\/uploads\/2011\/03\/kzbvkassenzahnaerztlichebundesvereinigung-homepage_1300468685620-300x58.jpg 300w\" sizes=\"auto, (max-width: 450px) 100vw, 450px\" \/><br \/>\n&#8222;<span style=\"color: red;\"><strong>Simonis-Effekt<\/strong><\/span>&#8222;!<br \/>\nDr. Fedderwitz gewinnt mit 30:29 Stimmen gegen Dr. E\u00dfer,<br \/>\ndaraufhin Sitzungsunterbrechungen 15:25 &#8211; 18:00 Uhr!<br \/>\n<img loading=\"lazy\" decoding=\"async\" class=\"alignnone size-full wp-image-16848\" src=\"https:\/\/iuzb.de\/wp-content\/uploads\/2011\/03\/kzbvkassenzahnaerztlichebundesvereinigung-homepage_1300456107799-1.jpg\" alt=\"kzbvkassenzahnaerztlichebundesvereinigung-homepage_1300456107799-1\" width=\"450\" height=\"189\" srcset=\"https:\/\/iuzb.de\/wp-content\/uploads\/2011\/03\/kzbvkassenzahnaerztlichebundesvereinigung-homepage_1300456107799-1.jpg 450w, https:\/\/iuzb.de\/wp-content\/uploads\/2011\/03\/kzbvkassenzahnaerztlichebundesvereinigung-homepage_1300456107799-1-300x126.jpg 300w\" sizes=\"auto, (max-width: 450px) 100vw, 450px\" \/><br \/>\n<strong><br \/>\n<span style=\"color: white;\">.<\/span><\/strong><\/li>\n<li><strong>Top 2 &#8211; Wahl des Vorsitzenden der Vertreterversammlung und zweier Stellvertreter\/18.03.2011<\/strong><strong><strong><br \/>\n<img loading=\"lazy\" decoding=\"async\" class=\"alignnone size-full wp-image-16849\" src=\"https:\/\/iuzb.de\/wp-content\/uploads\/2011\/03\/kzbvkassenzahnaerztlichebundesvereinigung-homepage_1300443365572-11.jpg\" alt=\"kzbvkassenzahnaerztlichebundesvereinigung-homepage_1300443365572-11\" width=\"450\" height=\"226\" srcset=\"https:\/\/iuzb.de\/wp-content\/uploads\/2011\/03\/kzbvkassenzahnaerztlichebundesvereinigung-homepage_1300443365572-11.jpg 450w, https:\/\/iuzb.de\/wp-content\/uploads\/2011\/03\/kzbvkassenzahnaerztlichebundesvereinigung-homepage_1300443365572-11-300x151.jpg 300w\" sizes=\"auto, (max-width: 450px) 100vw, 450px\" \/><\/strong><\/strong><span style=\"color: white;\">.<br \/>\n.<\/span><\/li>\n<\/ul>\n<p><span style=\"color: black;\">Pressemitteilung der KZBV:<\/span><\/p>\n<ul>\n<li><span style=\"color: black;\">J\u00fcrgen Fedderwitz erneut an die Spitze der KZBV gew\u00e4hlt<br \/>\nWolfgang E\u00dfer und G\u00fcnther E. Buchholz bleiben Stellvertreter &#8211; <a href=\"http:\/\/www3.kzbv.de\/kportal.nsf\/873f62574dd7c36cc1256eeb0027c289\/c4e48997398eb658c1257858003763f8\/$FILE\/PM%202011.03.19.%20Vorstandswahl.pdf\" target=\"_blank\">lesen<\/a><\/span><\/li>\n<\/ul>\n","protected":false},"excerpt":{"rendered":"<p>Am 18. und 19. M\u00e4rz 2011 fand im Berliner Intercontinental-Hotel in der Budapester Stra\u00dfe die konstituierende Vertreterversammlung der KZBV f\u00fcr die kommende sechsj\u00e4hrige Legislaturperiode statt. Die KZBV informierte mit einem [&#8230;]<\/p>\n","protected":false},"author":13,"featured_media":0,"comment_status":"closed","ping_status":"closed","sticky":false,"template":"","format":"standard","meta":{"ngg_post_thumbnail":0,"iawp_total_views":1,"footnotes":""},"categories":[122,45],"tags":[],"class_list":["post-2646","post","type-post","status-publish","format-standard","hentry","category-kzbv","category-kzv-berlin"],"_links":{"self":[{"href":"https:\/\/iuzb.de\/index.php?rest_route=\/wp\/v2\/posts\/2646","targetHints":{"allow":["GET"]}}],"collection":[{"href":"https:\/\/iuzb.de\/index.php?rest_route=\/wp\/v2\/posts"}],"about":[{"href":"https:\/\/iuzb.de\/index.php?rest_route=\/wp\/v2\/types\/post"}],"author":[{"embeddable":true,"href":"https:\/\/iuzb.de\/index.php?rest_route=\/wp\/v2\/users\/13"}],"replies":[{"embeddable":true,"href":"https:\/\/iuzb.de\/index.php?rest_route=%2Fwp%2Fv2%2Fcomments&post=2646"}],"version-history":[{"count":9,"href":"https:\/\/iuzb.de\/index.php?rest_route=\/wp\/v2\/posts\/2646\/revisions"}],"predecessor-version":[{"id":16856,"href":"https:\/\/iuzb.de\/index.php?rest_route=\/wp\/v2\/posts\/2646\/revisions\/16856"}],"wp:attachment":[{"href":"https:\/\/iuzb.de\/index.php?rest_route=%2Fwp%2Fv2%2Fmedia&parent=2646"}],"wp:term":[{"taxonomy":"category","embeddable":true,"href":"https:\/\/iuzb.de\/index.php?rest_route=%2Fwp%2Fv2%2Fcategories&post=2646"},{"taxonomy":"post_tag","embeddable":true,"href":"https:\/\/iuzb.de\/index.php?rest_route=%2Fwp%2Fv2%2Ftags&post=2646"}],"curies":[{"name":"wp","href":"https:\/\/api.w.org\/{rel}","templated":true}]}}