{"id":26266,"date":"2019-04-01T23:40:57","date_gmt":"2019-04-01T21:40:57","guid":{"rendered":"http:\/\/iuzb.de\/?p=26266"},"modified":"2019-05-09T13:44:19","modified_gmt":"2019-05-09T11:44:19","slug":"was-bezweckt-der-vorsitzende-der-kzv-vertreterversammlung-mit-seinem-unbegruendeten-antrag-auf-loeschung-der-digitalen-vertreterversammlungsaufzeichnungen","status":"publish","type":"post","link":"https:\/\/iuzb.de\/?p=26266","title":{"rendered":"Update: Was bezweckt der Vorsitzende der KZV-Vertreterversammlung mit seinem &#8211; unbegr\u00fcndeten ! &#8211; Antrag auf schnelle L\u00f6schung der Audio-Vertreterversammlungsprotokolle?"},"content":{"rendered":"<p><strong>Update:<\/strong> <span style=\"color: #ff0000;\">-,-,-,-, Live Ticker aus der Vertreterversammlung vom 01.04.2019 &#8211; 23:40 Uhr -,-,-,-,-,-<\/span><\/p>\n<blockquote><p>Antrag Schleithoff wurde von ihm zur weiteren Kl\u00e4rung seines Rechtsverst\u00e4ndnisses zun\u00e4chst zur\u00fcckgezogen.<\/p><\/blockquote>\n<p>Alexander Klutke \/ IUZB<\/p>\n<p>&nbsp;<\/p>\n<p>_________<\/p>\n<p>21.03.2019<\/p>\n<p style=\"text-align: justify;\">Bisher werden die digitalen Audioprotokolle der Vertreterversammlungen nach der Genehmigung der jeweiligen schriftlichen Ergebnisprotokolle f\u00fcr 2 Jahre archiviert (\u00a7 11 Absatz 1 der <a href=\"https:\/\/www.kzv-berlin.de\/fileadmin\/user_upload\/Publikationen\/Handbuch\/Satzung\/2016_Geschaeftsordnung_VV.pdf\" target=\"_blank\" rel=\"noopener noreferrer\">Gesch\u00e4ftsordnung<\/a>).<\/p>\n<p style=\"text-align: justify;\">Der <a href=\"https:\/\/www.kzv-berlin.de\/kzv-berlin\/organe-und-struktur\/vertreterversammlung\/die-vorsitzenden-der-vv.html\" target=\"_blank\" rel=\"noopener noreferrer\">Vorsitzende der Vertreterversammlung<\/a>, Herr Dr. Heinrich Schleithoff (Fraktion Gesundheit), stellt f\u00fcr die kommende Vertreterversammlung am <a href=\"https:\/\/iuzb.de\/?p=26190\" target=\"_blank\" rel=\"noopener noreferrer\">01. April 2019<\/a> als TOP 9 den Antrag, dass die digitalen Audioprotokolle k\u00fcnftig nach der Genehmigung der Ergebnisprotokolle gel\u00f6scht werden sollen.<\/p>\n<p style=\"text-align: justify;\"><strong>Der Antrag enth\u00e4lt leider keine Begr\u00fcndung!<\/strong><strong><br \/>\n<\/strong><\/p>\n<p style=\"text-align: justify;\">Die IUZB ist jedoch aus verschiedenen Gr\u00fcnden gegen diesen Antrag.<\/p>\n<p style=\"text-align: justify;\">Unter anderem deshalb, weil damit in Zweifelsf\u00e4llen (Beweis-)Mittel zum Nachvollzug von Entscheidungsfindungen zu schnell unwiederbringlich vernichtet werden.<\/p>\n<p>&nbsp;<\/p>\n<p>&nbsp;<\/p>\n<p><a href=\"https:\/\/iuzb.de\/wp-content\/uploads\/2019\/03\/2019-03-14-Einladung-VV-am-01.04.2019-Auszug-TOP-9.pdf\" target=\"_blank\" rel=\"noopener noreferrer\"><img loading=\"lazy\" decoding=\"async\" class=\"alignnone size-full wp-image-26271\" src=\"https:\/\/iuzb.de\/wp-content\/uploads\/2019\/03\/2019-03-14-Einladung-VV-am-01.04.2019-Auszug-TOP-9-Bild.jpg\" alt=\"\" width=\"791\" height=\"1091\" srcset=\"https:\/\/iuzb.de\/wp-content\/uploads\/2019\/03\/2019-03-14-Einladung-VV-am-01.04.2019-Auszug-TOP-9-Bild.jpg 791w, https:\/\/iuzb.de\/wp-content\/uploads\/2019\/03\/2019-03-14-Einladung-VV-am-01.04.2019-Auszug-TOP-9-Bild-87x120.jpg 87w, https:\/\/iuzb.de\/wp-content\/uploads\/2019\/03\/2019-03-14-Einladung-VV-am-01.04.2019-Auszug-TOP-9-Bild-218x300.jpg 218w, https:\/\/iuzb.de\/wp-content\/uploads\/2019\/03\/2019-03-14-Einladung-VV-am-01.04.2019-Auszug-TOP-9-Bild-768x1059.jpg 768w\" sizes=\"auto, (max-width: 791px) 100vw, 791px\" \/><\/a><\/p>\n","protected":false},"excerpt":{"rendered":"<p>Update: -,-,-,-, Live Ticker aus der Vertreterversammlung vom 01.04.2019 &#8211; 23:40 Uhr -,-,-,-,-,- Antrag Schleithoff wurde von ihm zur weiteren Kl\u00e4rung seines Rechtsverst\u00e4ndnisses zun\u00e4chst zur\u00fcckgezogen. Alexander Klutke \/ IUZB &nbsp; [&#8230;]<\/p>\n","protected":false},"author":13,"featured_media":26287,"comment_status":"open","ping_status":"closed","sticky":false,"template":"","format":"standard","meta":{"ngg_post_thumbnail":0,"iawp_total_views":1,"footnotes":""},"categories":[45,195,97,101],"tags":[],"class_list":["post-26266","post","type-post","status-publish","format-standard","has-post-thumbnail","hentry","category-kzv-berlin","category-protokolle-kzv-vv","category-vertreterversammlung-kzv-berlin","category-vorsitzender"],"_links":{"self":[{"href":"https:\/\/iuzb.de\/index.php?rest_route=\/wp\/v2\/posts\/26266","targetHints":{"allow":["GET"]}}],"collection":[{"href":"https:\/\/iuzb.de\/index.php?rest_route=\/wp\/v2\/posts"}],"about":[{"href":"https:\/\/iuzb.de\/index.php?rest_route=\/wp\/v2\/types\/post"}],"author":[{"embeddable":true,"href":"https:\/\/iuzb.de\/index.php?rest_route=\/wp\/v2\/users\/13"}],"replies":[{"embeddable":true,"href":"https:\/\/iuzb.de\/index.php?rest_route=%2Fwp%2Fv2%2Fcomments&post=26266"}],"version-history":[{"count":23,"href":"https:\/\/iuzb.de\/index.php?rest_route=\/wp\/v2\/posts\/26266\/revisions"}],"predecessor-version":[{"id":26398,"href":"https:\/\/iuzb.de\/index.php?rest_route=\/wp\/v2\/posts\/26266\/revisions\/26398"}],"wp:featuredmedia":[{"embeddable":true,"href":"https:\/\/iuzb.de\/index.php?rest_route=\/wp\/v2\/media\/26287"}],"wp:attachment":[{"href":"https:\/\/iuzb.de\/index.php?rest_route=%2Fwp%2Fv2%2Fmedia&parent=26266"}],"wp:term":[{"taxonomy":"category","embeddable":true,"href":"https:\/\/iuzb.de\/index.php?rest_route=%2Fwp%2Fv2%2Fcategories&post=26266"},{"taxonomy":"post_tag","embeddable":true,"href":"https:\/\/iuzb.de\/index.php?rest_route=%2Fwp%2Fv2%2Ftags&post=26266"}],"curies":[{"name":"wp","href":"https:\/\/api.w.org\/{rel}","templated":true}]}}