{"id":26190,"date":"2019-03-14T16:22:00","date_gmt":"2019-03-14T15:22:00","guid":{"rendered":"http:\/\/iuzb.de\/?p=26190"},"modified":"2019-03-14T16:24:35","modified_gmt":"2019-03-14T15:24:35","slug":"01-04-2019-einladung-zur-vertreterversammlung-der-kzv-berlin","status":"publish","type":"post","link":"https:\/\/iuzb.de\/?p=26190","title":{"rendered":"01.04.2019: Einladung zur Vertreterversammlung der KZV Berlin"},"content":{"rendered":"<p>&nbsp;<\/p>\n<ul>\n<li>Montag, 01. April 2019<\/li>\n<li>19:00 Uhr c.t.<\/li>\n<li>Zahn\u00e4rztehaus &#8211; KZV Berlin, Georg-Wilhelm-Stra\u00dfe 16, 10711 Berlin<\/li>\n<\/ul>\n<p>&nbsp;<\/p>\n<table style=\"height: 240px;\">\n<tbody>\n<tr style=\"height: 24px;\">\n<td style=\"text-align: left; vertical-align: top; height: 24px; width: 80.45px;\">TOP 01<\/td>\n<td style=\"text-align: left; vertical-align: top; height: 24px; width: 567.883px;\">Begr\u00fc\u00dfung, Feststellung der Anwesenheit, Totenehrung<\/td>\n<\/tr>\n<tr style=\"height: 24px;\">\n<td style=\"text-align: left; vertical-align: top; height: 24px; width: 80.45px;\">TOP 02<\/td>\n<td style=\"text-align: left; vertical-align: top; height: 24px; width: 567.883px;\">Protokoll der VV vom 19.11.2018<\/td>\n<\/tr>\n<tr style=\"height: 24px;\">\n<td style=\"text-align: left; vertical-align: top; height: 24px; width: 80.45px;\">TOP 03<\/td>\n<td style=\"text-align: left; vertical-align: top; height: 24px; width: 567.883px;\">Bericht aus den Pr\u00fcfgremien (Anlage 1 und 1a)<br \/>\nReferent: Herr Koll. Gerlach, Leitender Beratungszahnarzt der Pr\u00fcfungsstelle und Referent des Vorstandes f\u00fcr PAR<\/td>\n<\/tr>\n<tr style=\"height: 24px;\">\n<td style=\"text-align: left; vertical-align: top; height: 24px; width: 80.45px;\">TOP 04<\/td>\n<td style=\"text-align: left; vertical-align: top; height: 24px; width: 567.883px;\">Bericht des Vorsitzenden der VV<\/td>\n<\/tr>\n<tr style=\"height: 24px;\">\n<td style=\"text-align: left; vertical-align: top; height: 24px; width: 80.45px;\">TOP 05<\/td>\n<td style=\"text-align: left; vertical-align: top; height: 24px; width: 567.883px;\">Bericht(e) aus den Aussch\u00fcssen<\/td>\n<\/tr>\n<tr style=\"height: 24px;\">\n<td style=\"text-align: left; vertical-align: top; height: 24px; width: 80.45px;\">TOP 06<\/td>\n<td style=\"text-align: left; vertical-align: top; height: 24px; width: 567.883px;\">Bericht des Vorstandes<\/td>\n<\/tr>\n<tr style=\"height: 24px;\">\n<td style=\"text-align: left; vertical-align: top; height: 24px; width: 80.45px;\">TOP 07<\/td>\n<td style=\"text-align: left; vertical-align: top; height: 24px; width: 567.883px;\">Fragestunde<\/td>\n<\/tr>\n<tr style=\"height: 24px;\">\n<td style=\"text-align: left; vertical-align: top; height: 24px; width: 80.45px;\">TOP 08<\/td>\n<td style=\"text-align: left; vertical-align: top; height: 24px; width: 567.883px;\">Antr\u00e4ge<br \/>\n1) Folgeantrag des Vorstandes (Anlage 2)<br \/>\nErlass der Verwaltungskosten \u00fcber abgerechnete Leistungen f\u00fcr den Humanistischen Landesverband Berlin-Brandenburg (HVD) -8744-, unter der verantwortlichen Leitung der Zahn\u00e4rztin Monika Zahn (ehemals Karin Backhaus) f\u00fcr die Zeit ab 01.07.2019 bis 30.06.2021<\/td>\n<\/tr>\n<tr style=\"height: 24px;\">\n<td style=\"text-align: left; vertical-align: top; height: 24px; width: 80.45px;\">TOP 09<\/td>\n<td style=\"text-align: left; vertical-align: top; height: 24px; width: 567.883px;\">\u00c4nderung der Gesch\u00e4ftsordnung der VV ,,\u00a7 11 Protokoll&#8220; (Anlage 3)<\/td>\n<\/tr>\n<tr style=\"height: 24px;\">\n<td style=\"text-align: left; vertical-align: top; height: 24px; width: 80.45px;\">TOP 10<\/td>\n<td style=\"text-align: left; vertical-align: top; height: 24px; width: 567.883px;\">Verschiedenes<\/td>\n<\/tr>\n<\/tbody>\n<\/table>\n<p>&nbsp;<\/p>\n","protected":false},"excerpt":{"rendered":"<p>&nbsp; Montag, 01. April 2019 19:00 Uhr c.t. Zahn\u00e4rztehaus &#8211; KZV Berlin, Georg-Wilhelm-Stra\u00dfe 16, 10711 Berlin &nbsp; TOP 01 Begr\u00fc\u00dfung, Feststellung der Anwesenheit, Totenehrung TOP 02 Protokoll der VV vom [&#8230;]<\/p>\n","protected":false},"author":13,"featured_media":0,"comment_status":"open","ping_status":"closed","sticky":false,"template":"","format":"standard","meta":{"ngg_post_thumbnail":0,"iawp_total_views":1,"footnotes":""},"categories":[45,97],"tags":[],"class_list":["post-26190","post","type-post","status-publish","format-standard","hentry","category-kzv-berlin","category-vertreterversammlung-kzv-berlin"],"_links":{"self":[{"href":"https:\/\/iuzb.de\/index.php?rest_route=\/wp\/v2\/posts\/26190","targetHints":{"allow":["GET"]}}],"collection":[{"href":"https:\/\/iuzb.de\/index.php?rest_route=\/wp\/v2\/posts"}],"about":[{"href":"https:\/\/iuzb.de\/index.php?rest_route=\/wp\/v2\/types\/post"}],"author":[{"embeddable":true,"href":"https:\/\/iuzb.de\/index.php?rest_route=\/wp\/v2\/users\/13"}],"replies":[{"embeddable":true,"href":"https:\/\/iuzb.de\/index.php?rest_route=%2Fwp%2Fv2%2Fcomments&post=26190"}],"version-history":[{"count":3,"href":"https:\/\/iuzb.de\/index.php?rest_route=\/wp\/v2\/posts\/26190\/revisions"}],"predecessor-version":[{"id":26193,"href":"https:\/\/iuzb.de\/index.php?rest_route=\/wp\/v2\/posts\/26190\/revisions\/26193"}],"wp:attachment":[{"href":"https:\/\/iuzb.de\/index.php?rest_route=%2Fwp%2Fv2%2Fmedia&parent=26190"}],"wp:term":[{"taxonomy":"category","embeddable":true,"href":"https:\/\/iuzb.de\/index.php?rest_route=%2Fwp%2Fv2%2Fcategories&post=26190"},{"taxonomy":"post_tag","embeddable":true,"href":"https:\/\/iuzb.de\/index.php?rest_route=%2Fwp%2Fv2%2Ftags&post=26190"}],"curies":[{"name":"wp","href":"https:\/\/api.w.org\/{rel}","templated":true}]}}