{"id":26174,"date":"2019-03-14T14:48:05","date_gmt":"2019-03-14T13:48:05","guid":{"rendered":"http:\/\/iuzb.de\/?p=26174"},"modified":"2019-05-09T13:44:57","modified_gmt":"2019-05-09T11:44:57","slug":"aufruf-zur-telematik-schreiben-sie-an-die-bundestagsabgeordnete-karin-maag-von-der-cdu-csu","status":"publish","type":"post","link":"https:\/\/iuzb.de\/?p=26174","title":{"rendered":"Telematik-Aufruf: Bitte schicken Sie einen MUSTERBRIEF an die Bundestagsabgeordnete Frau Karin Maag (CDU)"},"content":{"rendered":"<p>Liebe Kolleginnen und Kollegen!<\/p>\n<p>Es gibt immer noch sehr viele, die z\u00f6gern, sich der TI anzuschlie\u00dfen.<\/p>\n<p>Ich finde, dass es sehr viele berechtigte Bedenken gibt.<\/p>\n<p>Frau Maag (<a href=\"https:\/\/www.bundestag.de\/abgeordnete\/biografien\/M\/maag_karin-521780\" target=\"_blank\" rel=\"noopener noreferrer\">Bundestag<\/a> \/ <a href=\"http:\/\/www.karin-maag.de\/\" target=\"_blank\" rel=\"noopener noreferrer\">Webseite<\/a>) von der CDU hat an der Umarbeitung des MVZ-Gesetzes <a href=\"https:\/\/iuzb.de\/?p=26171\" target=\"_blank\" rel=\"noopener noreferrer\">mitgeschrieben<\/a>.<\/p>\n<p>Ob das uns nutzt oder nicht, sei dahingestellt.<\/p>\n<p>Sie ist aber offenbar die richtige Stelle, um \u00fcberhaupt in den Dialog mit den gesetzeinbringenden Politikern zu kommen.<\/p>\n<p>Ich glaube, viele von uns wissen auch nicht, dass der Erstanschluss, so wie die Anbieterfirmen ihn uns verkaufen, nicht alles an Aufwand enth\u00e4lt, den wir aber im unterschiedlichen Ma\u00df betreiben m\u00fcssen.<\/p>\n<p>Ich habe ein paar Andeutungen im Brief an Frau Maag zusammengefasst; wie gesagt, ich m\u00fcsste f\u00fcr den TI- Anschluss umbauen, wenn ich die baulichen Voraussetzungen, die die Aufstellbedingungen z.B. f\u00fcr ORGA-Ger\u00e4te vorgeben, erf\u00fcllen will. Zweitger\u00e4te und Ersatzger\u00e4te sind i.d.R. nicht erfasst. Regelungen, wer die Kosten f\u00fcr den Konnektoraustausch nach 5 Jahren Laufzeit (vorgeschrieben!) \u00fcbernimmt, vermisse ich auch.<\/p>\n<p>Viele Gr\u00fcnde, die mich abhalten, mich bedingungslos auf dieses System einzulassen.<\/p>\n<p>Wenn Sie den Argumenten folgen k\u00f6nnen und wollen, senden Sie diesen von mir verfassten Brief in Ihrem Namen noch einmal ab an Frau Maag.<\/p>\n<p>Vielleicht verbessern sich die Bedingungen ja doch noch f\u00fcr uns\u2026 und den Patienten, der im Prinzip gar nicht gefragt wird!!!!!<\/p>\n<p>Kollegiale Gr\u00fc\u00dfe<\/p>\n<p><a href=\"https:\/\/www.verchkaner.de\/zahnaerzte\/stefanverch\/\" target=\"_blank\" rel=\"noopener noreferrer\">Stefan Verch<\/a><\/p>\n<p><a href=\"https:\/\/www.verchkaner.de\/zahnaerzte\/stefanverch\/\" target=\"_blank\" rel=\"noopener noreferrer\"><img loading=\"lazy\" decoding=\"async\" class=\"alignnone size-full wp-image-26178\" src=\"https:\/\/iuzb.de\/wp-content\/uploads\/2019\/03\/Dr.StefanVerch.jpg\" alt=\"\" width=\"514\" height=\"226\" srcset=\"https:\/\/iuzb.de\/wp-content\/uploads\/2019\/03\/Dr.StefanVerch.jpg 514w, https:\/\/iuzb.de\/wp-content\/uploads\/2019\/03\/Dr.StefanVerch-273x120.jpg 273w, https:\/\/iuzb.de\/wp-content\/uploads\/2019\/03\/Dr.StefanVerch-450x198.jpg 450w\" sizes=\"auto, (max-width: 514px) 100vw, 514px\" \/><\/a><\/p>\n<p>&nbsp;<\/p>\n<p><span style=\"text-decoration: underline;\"><a href=\"https:\/\/iuzb.de\/wp-content\/uploads\/2019\/03\/Musterbrief-an-Bundestagsabgeordnete-Frau-Maag-wegen-ZA-Telematik.pdf\" target=\"_blank\" rel=\"noopener noreferrer\">Musterbrief<\/a>:<\/span><\/p>\n<p><a href=\"https:\/\/iuzb.de\/wp-content\/uploads\/2019\/03\/Musterbrief-an-Bundestagsabgeordnete-Frau-Maag-wegen-ZA-Telematik.pdf\" target=\"_blank\" rel=\"noopener noreferrer\"><img loading=\"lazy\" decoding=\"async\" class=\"alignnone size-full wp-image-26185\" src=\"https:\/\/iuzb.de\/wp-content\/uploads\/2019\/03\/Musterbrief-an-Bundestagsabgeordnete-Frau-Maag-wegen-ZA-Telematik-Bild.jpg\" alt=\"\" width=\"795\" height=\"1125\" srcset=\"https:\/\/iuzb.de\/wp-content\/uploads\/2019\/03\/Musterbrief-an-Bundestagsabgeordnete-Frau-Maag-wegen-ZA-Telematik-Bild.jpg 795w, https:\/\/iuzb.de\/wp-content\/uploads\/2019\/03\/Musterbrief-an-Bundestagsabgeordnete-Frau-Maag-wegen-ZA-Telematik-Bild-85x120.jpg 85w, https:\/\/iuzb.de\/wp-content\/uploads\/2019\/03\/Musterbrief-an-Bundestagsabgeordnete-Frau-Maag-wegen-ZA-Telematik-Bild-212x300.jpg 212w, https:\/\/iuzb.de\/wp-content\/uploads\/2019\/03\/Musterbrief-an-Bundestagsabgeordnete-Frau-Maag-wegen-ZA-Telematik-Bild-768x1087.jpg 768w\" sizes=\"auto, (max-width: 795px) 100vw, 795px\" \/><\/a><\/p>\n<p>&nbsp;<\/p>\n","protected":false},"excerpt":{"rendered":"<p>Liebe Kolleginnen und Kollegen! Es gibt immer noch sehr viele, die z\u00f6gern, sich der TI anzuschlie\u00dfen. Ich finde, dass es sehr viele berechtigte Bedenken gibt. Frau Maag (Bundestag \/ Webseite) [&#8230;]<\/p>\n","protected":false},"author":13,"featured_media":26189,"comment_status":"open","ping_status":"closed","sticky":false,"template":"","format":"standard","meta":{"ngg_post_thumbnail":0,"iawp_total_views":1,"footnotes":""},"categories":[242,252],"tags":[],"class_list":["post-26174","post","type-post","status-publish","format-standard","has-post-thumbnail","hentry","category-infobriefe","category-telematik"],"_links":{"self":[{"href":"https:\/\/iuzb.de\/index.php?rest_route=\/wp\/v2\/posts\/26174","targetHints":{"allow":["GET"]}}],"collection":[{"href":"https:\/\/iuzb.de\/index.php?rest_route=\/wp\/v2\/posts"}],"about":[{"href":"https:\/\/iuzb.de\/index.php?rest_route=\/wp\/v2\/types\/post"}],"author":[{"embeddable":true,"href":"https:\/\/iuzb.de\/index.php?rest_route=\/wp\/v2\/users\/13"}],"replies":[{"embeddable":true,"href":"https:\/\/iuzb.de\/index.php?rest_route=%2Fwp%2Fv2%2Fcomments&post=26174"}],"version-history":[{"count":9,"href":"https:\/\/iuzb.de\/index.php?rest_route=\/wp\/v2\/posts\/26174\/revisions"}],"predecessor-version":[{"id":26187,"href":"https:\/\/iuzb.de\/index.php?rest_route=\/wp\/v2\/posts\/26174\/revisions\/26187"}],"wp:featuredmedia":[{"embeddable":true,"href":"https:\/\/iuzb.de\/index.php?rest_route=\/wp\/v2\/media\/26189"}],"wp:attachment":[{"href":"https:\/\/iuzb.de\/index.php?rest_route=%2Fwp%2Fv2%2Fmedia&parent=26174"}],"wp:term":[{"taxonomy":"category","embeddable":true,"href":"https:\/\/iuzb.de\/index.php?rest_route=%2Fwp%2Fv2%2Fcategories&post=26174"},{"taxonomy":"post_tag","embeddable":true,"href":"https:\/\/iuzb.de\/index.php?rest_route=%2Fwp%2Fv2%2Ftags&post=26174"}],"curies":[{"name":"wp","href":"https:\/\/api.w.org\/{rel}","templated":true}]}}