{"id":26114,"date":"2019-03-04T16:47:58","date_gmt":"2019-03-04T15:47:58","guid":{"rendered":"http:\/\/iuzb.de\/?p=26114"},"modified":"2025-09-06T07:27:03","modified_gmt":"2025-09-06T05:27:03","slug":"vorstandsverguetungen-kzv-berlin-brandenburg-bremen-und-kzbv-2","status":"publish","type":"post","link":"https:\/\/iuzb.de\/?p=26114","title":{"rendered":"Pflichtver\u00f6ffentlichung Vorstandsverg\u00fctungen KZV Berlin, Brandenburg, Bremen und KZBV"},"content":{"rendered":"<p>Pflichtver\u00f6ffentlichungen der Vorstandsverg\u00fctungen der KZBV und der KZV\u2019en gem\u00e4\u00df <a href=\"http:\/\/www.sozialgesetzbuch-sgb.de\/sgbv\/79.html\" target=\"_blank\" rel=\"noopener noreferrer\">\u00a7 79 Abs. 4 SGB V<\/a> zum 01. M\u00e4rz 2019:<\/p>\n<p>Auszug KZV Berlin, Brandenburg Bremen:<\/p>\n<p><a href=\"https:\/\/iuzb.de\/wp-content\/uploads\/2019\/03\/2019-03-01-Bundesanzeiger-KZV-Berlin-Brandenburg-Bremen-Vorstandsverguetungen.jpg\" target=\"_blank\" rel=\"noopener noreferrer\"><img loading=\"lazy\" decoding=\"async\" class=\"alignnone size-full wp-image-26116\" src=\"https:\/\/iuzb.de\/wp-content\/uploads\/2019\/03\/2019-03-01-Bundesanzeiger-KZV-Berlin-Brandenburg-Bremen-Vorstandsverguetungen.jpg\" alt=\"\" width=\"1803\" height=\"1219\" srcset=\"https:\/\/iuzb.de\/wp-content\/uploads\/2019\/03\/2019-03-01-Bundesanzeiger-KZV-Berlin-Brandenburg-Bremen-Vorstandsverguetungen.jpg 1803w, https:\/\/iuzb.de\/wp-content\/uploads\/2019\/03\/2019-03-01-Bundesanzeiger-KZV-Berlin-Brandenburg-Bremen-Vorstandsverguetungen-177x120.jpg 177w, https:\/\/iuzb.de\/wp-content\/uploads\/2019\/03\/2019-03-01-Bundesanzeiger-KZV-Berlin-Brandenburg-Bremen-Vorstandsverguetungen-444x300.jpg 444w, https:\/\/iuzb.de\/wp-content\/uploads\/2019\/03\/2019-03-01-Bundesanzeiger-KZV-Berlin-Brandenburg-Bremen-Vorstandsverguetungen-768x519.jpg 768w, https:\/\/iuzb.de\/wp-content\/uploads\/2019\/03\/2019-03-01-Bundesanzeiger-KZV-Berlin-Brandenburg-Bremen-Vorstandsverguetungen-1600x1082.jpg 1600w\" sizes=\"auto, (max-width: 1803px) 100vw, 1803px\" \/><\/a><\/p>\n<p>Auszug Kassenzahn\u00e4rztlichen Bundesvereinigung:<\/p>\n<p><a href=\"https:\/\/iuzb.de\/wp-content\/uploads\/2019\/03\/2019-03-01-Bundesanzeiger-KZBV-Vorstandsverguetungen.jpg\" target=\"_blank\" rel=\"noopener noreferrer\"><img loading=\"lazy\" decoding=\"async\" class=\"alignnone size-full wp-image-26118\" src=\"https:\/\/iuzb.de\/wp-content\/uploads\/2019\/03\/2019-03-01-Bundesanzeiger-KZBV-Vorstandsverguetungen.jpg\" alt=\"\" width=\"1793\" height=\"919\" srcset=\"https:\/\/iuzb.de\/wp-content\/uploads\/2019\/03\/2019-03-01-Bundesanzeiger-KZBV-Vorstandsverguetungen.jpg 1793w, https:\/\/iuzb.de\/wp-content\/uploads\/2019\/03\/2019-03-01-Bundesanzeiger-KZBV-Vorstandsverguetungen-234x120.jpg 234w, https:\/\/iuzb.de\/wp-content\/uploads\/2019\/03\/2019-03-01-Bundesanzeiger-KZBV-Vorstandsverguetungen-450x231.jpg 450w, https:\/\/iuzb.de\/wp-content\/uploads\/2019\/03\/2019-03-01-Bundesanzeiger-KZBV-Vorstandsverguetungen-768x394.jpg 768w, https:\/\/iuzb.de\/wp-content\/uploads\/2019\/03\/2019-03-01-Bundesanzeiger-KZBV-Vorstandsverguetungen-1600x820.jpg 1600w\" sizes=\"auto, (max-width: 1793px) 100vw, 1793px\" \/><\/a><\/p>\n<p>Quelle: Bundesanzeiger (<a href=\"https:\/\/www.bundesanzeiger.de\/ebanzwww\/wexsservlet?nosession=true&amp;page.navid=to_search_start&amp;global_data.designmode=eb\" target=\"_blank\" rel=\"noopener noreferrer\">Suche<\/a>: \u201c KZV \u201c )<\/p>\n","protected":false},"excerpt":{"rendered":"<p>Pflichtver\u00f6ffentlichungen der Vorstandsverg\u00fctungen der KZBV und der KZV\u2019en gem\u00e4\u00df \u00a7 79 Abs. 4 SGB V zum 01. M\u00e4rz 2019: Auszug KZV Berlin, Brandenburg Bremen: Auszug Kassenzahn\u00e4rztlichen Bundesvereinigung: Quelle: Bundesanzeiger (Suche: [&#8230;]<\/p>\n","protected":false},"author":13,"featured_media":0,"comment_status":"open","ping_status":"closed","sticky":false,"template":"","format":"standard","meta":{"ngg_post_thumbnail":0,"iawp_total_views":0,"footnotes":""},"categories":[98,122,45],"tags":[],"class_list":["post-26114","post","type-post","status-publish","format-standard","hentry","category-diaeten-kzv","category-kzbv","category-kzv-berlin"],"_links":{"self":[{"href":"https:\/\/iuzb.de\/index.php?rest_route=\/wp\/v2\/posts\/26114","targetHints":{"allow":["GET"]}}],"collection":[{"href":"https:\/\/iuzb.de\/index.php?rest_route=\/wp\/v2\/posts"}],"about":[{"href":"https:\/\/iuzb.de\/index.php?rest_route=\/wp\/v2\/types\/post"}],"author":[{"embeddable":true,"href":"https:\/\/iuzb.de\/index.php?rest_route=\/wp\/v2\/users\/13"}],"replies":[{"embeddable":true,"href":"https:\/\/iuzb.de\/index.php?rest_route=%2Fwp%2Fv2%2Fcomments&post=26114"}],"version-history":[{"count":7,"href":"https:\/\/iuzb.de\/index.php?rest_route=\/wp\/v2\/posts\/26114\/revisions"}],"predecessor-version":[{"id":48565,"href":"https:\/\/iuzb.de\/index.php?rest_route=\/wp\/v2\/posts\/26114\/revisions\/48565"}],"wp:attachment":[{"href":"https:\/\/iuzb.de\/index.php?rest_route=%2Fwp%2Fv2%2Fmedia&parent=26114"}],"wp:term":[{"taxonomy":"category","embeddable":true,"href":"https:\/\/iuzb.de\/index.php?rest_route=%2Fwp%2Fv2%2Fcategories&post=26114"},{"taxonomy":"post_tag","embeddable":true,"href":"https:\/\/iuzb.de\/index.php?rest_route=%2Fwp%2Fv2%2Ftags&post=26114"}],"curies":[{"name":"wp","href":"https:\/\/api.w.org\/{rel}","templated":true}]}}