{"id":260,"date":"2009-01-13T16:14:37","date_gmt":"2009-01-13T14:14:37","guid":{"rendered":"http:\/\/www.iuzb.org\/wordpress\/?p=260"},"modified":"2016-11-30T18:43:10","modified_gmt":"2016-11-30T17:43:10","slug":"tagesspiegel-krisensitzung-bei-den-zahnarzten","status":"publish","type":"post","link":"https:\/\/iuzb.de\/?p=260","title":{"rendered":"Tagesspiegel: Krisensitzung bei den Zahn\u00e4rzten"},"content":{"rendered":"<p>Der Tagesspiegel <a href=\"http:\/\/www.tagesspiegel.de\/berlin\/krisensitzung-bei-den-zahnaerzten\/1416548.html\" target=\"_blank\">berichtet<\/a> heute:<\/p>\n<p><img loading=\"lazy\" decoding=\"async\" class=\"alignnone size-full wp-image-17192\" src=\"https:\/\/iuzb.de\/wp-content\/uploads\/2009\/01\/tsp13012009krisensitzungbei.jpg\" alt=\"tsp13012009krisensitzungbei\" width=\"623\" height=\"704\" srcset=\"https:\/\/iuzb.de\/wp-content\/uploads\/2009\/01\/tsp13012009krisensitzungbei.jpg 623w, https:\/\/iuzb.de\/wp-content\/uploads\/2009\/01\/tsp13012009krisensitzungbei-265x300.jpg 265w\" sizes=\"auto, (max-width: 623px) 100vw, 623px\" \/><\/p>\n<p><span style=\"color: white;\">.<\/span>Die IUZB forderte bereits am <a title=\"IUZB: Pr\u00fcfbericht der Aufsichtsbeh\u00f6rde untermauert Skandal um Nachtnotfalldienst am Friedrichshain\" href=\"http:\/\/www.iuzb.de\/?p=202\" target=\"_blank\">07.11.2008<\/a>:<\/p>\n<blockquote><p>&#8222;Die IUZB fordert Herrn Dr. J\u00f6rg Meyer auf, alle seine \u00c4mter, insbesondere als <a href=\"http:\/\/www.kzv-berlin.de\/cms\/index.php?id=17\" target=\"_blank\">Pressesprecher<\/a> der KZV Berlin, aber insbesondere auch als <a href=\"http:\/\/www.vzberlin.org\/_DasVZB\/Ansprechpartner\/VA.htm\" target=\"_blank\">stellvertretender Vorsitzender<\/a> des Aufsichtsausschusses des Versorgungswerkes, sofort niederzulegen.<\/p>\n<p>Denn wer selbst nicht Willens ist, in eigenen \u00f6ffentlichen Angelegenheiten gegen\u00fcber der Kollegenschaft von sich aus bereitwilligst und jeden Zweifel ausr\u00e4umend f\u00fcr die notwendige Transparenz zu sorgen, der beweist damit, dass er nicht die pers\u00f6nliche Eignung f\u00fcr ein Mandat im Aufsichtsorgan unseres Versorgungswerkes besitzt.&#8220;<\/p><\/blockquote>\n<p><span style=\"color: white;\">.<\/span><\/p>\n<p><span style=\"color: black;\">Wir berichten weiter&#8230;..<\/span><\/p>\n<p>Ihre <strong><em>IUZB<\/em><\/strong><\/p>\n","protected":false},"excerpt":{"rendered":"<p>Der Tagesspiegel berichtet heute: .Die IUZB forderte bereits am 07.11.2008: &#8222;Die IUZB fordert Herrn Dr. J\u00f6rg Meyer auf, alle seine \u00c4mter, insbesondere als Pressesprecher der KZV Berlin, aber insbesondere auch [&#8230;]<\/p>\n","protected":false},"author":13,"featured_media":0,"comment_status":"closed","ping_status":"closed","sticky":false,"template":"","format":"standard","meta":{"ngg_post_thumbnail":0,"iawp_total_views":2,"footnotes":""},"categories":[45,128],"tags":[],"class_list":["post-260","post","type-post","status-publish","format-standard","hentry","category-kzv-berlin","category-nachtnofalldienstskandal"],"_links":{"self":[{"href":"https:\/\/iuzb.de\/index.php?rest_route=\/wp\/v2\/posts\/260","targetHints":{"allow":["GET"]}}],"collection":[{"href":"https:\/\/iuzb.de\/index.php?rest_route=\/wp\/v2\/posts"}],"about":[{"href":"https:\/\/iuzb.de\/index.php?rest_route=\/wp\/v2\/types\/post"}],"author":[{"embeddable":true,"href":"https:\/\/iuzb.de\/index.php?rest_route=\/wp\/v2\/users\/13"}],"replies":[{"embeddable":true,"href":"https:\/\/iuzb.de\/index.php?rest_route=%2Fwp%2Fv2%2Fcomments&post=260"}],"version-history":[{"count":3,"href":"https:\/\/iuzb.de\/index.php?rest_route=\/wp\/v2\/posts\/260\/revisions"}],"predecessor-version":[{"id":17195,"href":"https:\/\/iuzb.de\/index.php?rest_route=\/wp\/v2\/posts\/260\/revisions\/17195"}],"wp:attachment":[{"href":"https:\/\/iuzb.de\/index.php?rest_route=%2Fwp%2Fv2%2Fmedia&parent=260"}],"wp:term":[{"taxonomy":"category","embeddable":true,"href":"https:\/\/iuzb.de\/index.php?rest_route=%2Fwp%2Fv2%2Fcategories&post=260"},{"taxonomy":"post_tag","embeddable":true,"href":"https:\/\/iuzb.de\/index.php?rest_route=%2Fwp%2Fv2%2Ftags&post=260"}],"curies":[{"name":"wp","href":"https:\/\/api.w.org\/{rel}","templated":true}]}}