{"id":25690,"date":"2019-02-08T23:57:42","date_gmt":"2019-02-08T22:57:42","guid":{"rendered":"http:\/\/iuzb.de\/?p=25690"},"modified":"2022-09-23T09:27:25","modified_gmt":"2022-09-23T07:27:25","slug":"studie-medizinischer-nutzen-von-zahnspangen-laut-gutachten-nicht-belegt","status":"publish","type":"post","link":"https:\/\/iuzb.de\/?p=25690","title":{"rendered":"UPDATE: Medizinischer Nutzen von Zahnspangen laut Gutachten nicht belegt"},"content":{"rendered":"<p>Studie des <a href=\"https:\/\/www.iges.com\" target=\"_blank\" rel=\"noopener\">IGES-Instituts<\/a> f\u00fcr das Bundesgesundheitsministerium<\/p>\n<p>Zeit, 03.01.2019: <a href=\"https:\/\/www.zeit.de\/wissen\/gesundheit\/2019-01\/kieferorthopaedie-zahnspangen-medizinischer-nutzen-nicht-belegt-gutachten-gesundheitsministerium\" target=\"_blank\" rel=\"noopener\">Medizinischer Nutzen von Zahnspangen laut Gutachten nicht belegt<\/a><\/p>\n<p>&nbsp;<\/p>\n<p><span style=\"text-decoration: underline; color: #ff0000;\">Update:<\/span><\/p>\n<p>Hier das Gutachten des IGES-Instituts, die Schlussbetrachtung beginnt ab Seite 113:<\/p>\n<ul>\n<li>IGES, 15.01.2019: <a href=\"https:\/\/www.iges.com\/e6\/e1621\/e10211\/e23547\/e23557\/index_ger.html?preview=preview\" target=\"_blank\" rel=\"noopener\">Nutzen von Zahnspangen unklar<\/a><\/li>\n<li>Bundesministerium f\u00fcr Gesundheit, 04.01.2019: <a href=\"https:\/\/www.bundesgesundheitsministerium.de\/ministerium\/meldungen\/2019\/studie-das-bringen-zahnspangen.html\" target=\"_blank\" rel=\"noopener\">Das bringen Zahnspangen<\/a><\/li>\n<li><span style=\"font-size: 12pt;\"><strong><a href=\"https:\/\/www.bundesgesundheitsministerium.de\/fileadmin\/Dateien\/5_Publikationen\/Praevention\/Berichte\/IGES_Gutachten_KfO.pdf\" target=\"_blank\" rel=\"noopener\">Das Gutachten zum Herunterladen<\/a><\/strong> auf der Internetseite des Bundesgesundheitsministeriums<\/span><\/li>\n<\/ul>\n<p>Aus dem Schlussabsatz auf Seite 115:<\/p>\n<blockquote><p>Zus\u00e4tzlich zu diesen Neuregelungen ist die Implementierung einer zentralen Informationsplattform f\u00fcr Patientinnen und Patienten anzustreben. [&#8230;] sodass Patientinnen und Patienten sich ausreichend informieren k\u00f6nnen und dazu bef\u00e4higt werden, m\u00fcndig Entscheidungen zu treffen.<\/p><\/blockquote>\n<p>&nbsp;<\/p>\n","protected":false},"excerpt":{"rendered":"<p>Studie des IGES-Instituts f\u00fcr das Bundesgesundheitsministerium Zeit, 03.01.2019: Medizinischer Nutzen von Zahnspangen laut Gutachten nicht belegt &nbsp; Update: Hier das Gutachten des IGES-Instituts, die Schlussbetrachtung beginnt ab Seite 113: IGES, [&#8230;]<\/p>\n","protected":false},"author":13,"featured_media":0,"comment_status":"open","ping_status":"closed","sticky":false,"template":"","format":"standard","meta":{"ngg_post_thumbnail":0,"iawp_total_views":1,"footnotes":""},"categories":[339],"tags":[],"class_list":["post-25690","post","type-post","status-publish","format-standard","hentry","category-zahnspangen"],"_links":{"self":[{"href":"https:\/\/iuzb.de\/index.php?rest_route=\/wp\/v2\/posts\/25690","targetHints":{"allow":["GET"]}}],"collection":[{"href":"https:\/\/iuzb.de\/index.php?rest_route=\/wp\/v2\/posts"}],"about":[{"href":"https:\/\/iuzb.de\/index.php?rest_route=\/wp\/v2\/types\/post"}],"author":[{"embeddable":true,"href":"https:\/\/iuzb.de\/index.php?rest_route=\/wp\/v2\/users\/13"}],"replies":[{"embeddable":true,"href":"https:\/\/iuzb.de\/index.php?rest_route=%2Fwp%2Fv2%2Fcomments&post=25690"}],"version-history":[{"count":16,"href":"https:\/\/iuzb.de\/index.php?rest_route=\/wp\/v2\/posts\/25690\/revisions"}],"predecessor-version":[{"id":25962,"href":"https:\/\/iuzb.de\/index.php?rest_route=\/wp\/v2\/posts\/25690\/revisions\/25962"}],"wp:attachment":[{"href":"https:\/\/iuzb.de\/index.php?rest_route=%2Fwp%2Fv2%2Fmedia&parent=25690"}],"wp:term":[{"taxonomy":"category","embeddable":true,"href":"https:\/\/iuzb.de\/index.php?rest_route=%2Fwp%2Fv2%2Fcategories&post=25690"},{"taxonomy":"post_tag","embeddable":true,"href":"https:\/\/iuzb.de\/index.php?rest_route=%2Fwp%2Fv2%2Ftags&post=25690"}],"curies":[{"name":"wp","href":"https:\/\/api.w.org\/{rel}","templated":true}]}}