{"id":25678,"date":"2018-12-24T00:25:17","date_gmt":"2018-12-23T23:25:17","guid":{"rendered":"http:\/\/iuzb.de\/?p=25678"},"modified":"2022-11-08T21:49:10","modified_gmt":"2022-11-08T20:49:10","slug":"baer-will-datenschutz-fuer-elektronische-patientenakten-lockern","status":"publish","type":"post","link":"https:\/\/iuzb.de\/?p=25678","title":{"rendered":"Elektronische Patientenakte: Dorothee B\u00e4r will Datenschutz f\u00fcr Patienten lockern und kritisiert die Selbstverwaltungen"},"content":{"rendered":"<p>Welt, 23.12.2018:<\/p>\n<p><a href=\"https:\/\/www.welt.de\/wirtschaft\/article186013534\/Dorothee-Baer-will-Datenschutz-fuer-Patienten-lockern.html\" target=\"_blank\" rel=\"noopener\">Elektronische Patientenakte: Dorothee B\u00e4r will Datenschutz f\u00fcr Patienten lockern<\/a><\/p>\n<p>&nbsp;<\/p>\n<p>Bundesregierung, <a href=\"https:\/\/www.bundesregierung.de\/breg-de\/bundesregierung\/staatsministerin-fuer-digitalisierung\" target=\"_blank\" rel=\"noopener\">Staatsministerin f\u00fcr Digitalisierung<\/a>:<\/p>\n<ul>\n<li><a href=\"https:\/\/dorothee-baer.de\/\" target=\"_blank\" rel=\"noopener\">Dorothee B\u00e4r, MDB<\/a> und <a href=\"https:\/\/de.wikipedia.org\/wiki\/Dorothee_B%C3%A4r\" target=\"_blank\" rel=\"noopener\">Wikipedia<\/a><\/li>\n<\/ul>\n","protected":false},"excerpt":{"rendered":"<p>Welt, 23.12.2018: Elektronische Patientenakte: Dorothee B\u00e4r will Datenschutz f\u00fcr Patienten lockern &nbsp; Bundesregierung, Staatsministerin f\u00fcr Digitalisierung: Dorothee B\u00e4r, MDB und Wikipedia<\/p>\n","protected":false},"author":13,"featured_media":0,"comment_status":"open","ping_status":"closed","sticky":false,"template":"","format":"standard","meta":{"ngg_post_thumbnail":0,"iawp_total_views":0,"footnotes":""},"categories":[345],"tags":[],"class_list":["post-25678","post","type-post","status-publish","format-standard","hentry","category-e-patientenakte"],"_links":{"self":[{"href":"https:\/\/iuzb.de\/index.php?rest_route=\/wp\/v2\/posts\/25678","targetHints":{"allow":["GET"]}}],"collection":[{"href":"https:\/\/iuzb.de\/index.php?rest_route=\/wp\/v2\/posts"}],"about":[{"href":"https:\/\/iuzb.de\/index.php?rest_route=\/wp\/v2\/types\/post"}],"author":[{"embeddable":true,"href":"https:\/\/iuzb.de\/index.php?rest_route=\/wp\/v2\/users\/13"}],"replies":[{"embeddable":true,"href":"https:\/\/iuzb.de\/index.php?rest_route=%2Fwp%2Fv2%2Fcomments&post=25678"}],"version-history":[{"count":4,"href":"https:\/\/iuzb.de\/index.php?rest_route=\/wp\/v2\/posts\/25678\/revisions"}],"predecessor-version":[{"id":25682,"href":"https:\/\/iuzb.de\/index.php?rest_route=\/wp\/v2\/posts\/25678\/revisions\/25682"}],"wp:attachment":[{"href":"https:\/\/iuzb.de\/index.php?rest_route=%2Fwp%2Fv2%2Fmedia&parent=25678"}],"wp:term":[{"taxonomy":"category","embeddable":true,"href":"https:\/\/iuzb.de\/index.php?rest_route=%2Fwp%2Fv2%2Fcategories&post=25678"},{"taxonomy":"post_tag","embeddable":true,"href":"https:\/\/iuzb.de\/index.php?rest_route=%2Fwp%2Fv2%2Ftags&post=25678"}],"curies":[{"name":"wp","href":"https:\/\/api.w.org\/{rel}","templated":true}]}}