{"id":25611,"date":"2018-12-07T10:49:42","date_gmt":"2018-12-07T09:49:42","guid":{"rendered":"http:\/\/iuzb.de\/?p=25611"},"modified":"2018-12-07T10:52:23","modified_gmt":"2018-12-07T09:52:23","slug":"vzb-investment-erweiterung-des-vorstands-der-aves-one-ag","status":"publish","type":"post","link":"https:\/\/iuzb.de\/?p=25611","title":{"rendered":"VZB Investment: Erweiterung des Vorstands der Aves One AG"},"content":{"rendered":"<p style=\"text-align: justify;\">In seiner gestrigen Sitzung (30.11.2018) hat der <a href=\"https:\/\/avesone.com\/de\/de\/aves_unternehmen_management_team.php\" target=\"_blank\" rel=\"noopener\">Aufsichtsrat<\/a> der <a href=\"https:\/\/avesone.com\/de\/de\/\" target=\"_blank\" rel=\"noopener\">Aves One A<\/a>G Herrn Tobias Aulich mit sofortiger Wirkung f\u00fcr vier Jahre zum <a href=\"https:\/\/avesone.com\/de\/de\/aves_unternehmen_management_team.php\" target=\"_blank\" rel=\"noopener\">Vorstand<\/a> der Gesellschaft bestellt. Damit erg\u00e4nzt der 36-j\u00e4hrige Aulich das bestehende Vorstandsteam aus J\u00fcrgen Bauer und Sven Mei\u00dfner.<\/p>\n<p style=\"text-align: justify;\">Tobias Aulich ist bereits seit f\u00fcnf Jahren f\u00fcr den Aves One Konzern t\u00e4tig. Als Gesch\u00e4ftsf\u00fchrer in mehreren Tochtergesellschaften spielte er eine zentrale Rolle bei dem deutlichen Ausbau des Logistik-Portfolios, das die Basis f\u00fcr das zuletzt sehr starke operative Wachstum des Unternehmens bildet. Herr Aulich verf\u00fcgt \u00fcber langj\u00e4hrige Erfahrung in den Bereichen Akquisitionen sowie Finanzierung und Portfolio Management.<\/p>\n<p style=\"text-align: justify;\">Ralf Wohltmann, Aufsichtsratsvorsitzender der Aves One AG:<\/p>\n<blockquote>\n<p style=\"text-align: justify;\">\u201eWir freuen uns, dass wir Herrn Aulich als drittes Vorstandsmitglied f\u00fcr die Aves One AG gewinnen konnten. Er bringt ein profundes Wissen in den f\u00fcr das Unternehmen relevanten M\u00e4rkten und Abl\u00e4ufen ein. Nach dem deutlichen Wachstum der Gesellschaft in den letzten Jahren ist die Erweiterung des Vorstandsteams ein notwendiger und logischer Schritt, womit wir f\u00fcr die Zukunft bestens aufgestellt sind.\u201c<\/p>\n<\/blockquote>\n<p>Quelle: Aves One AG, <a href=\"https:\/\/avesone.com\/de\/de\/news\/cn_181130_de.php\" target=\"_blank\" rel=\"noopener\">Pressemitteilung<\/a> vom 30.11.2018<\/p>\n","protected":false},"excerpt":{"rendered":"<p>In seiner gestrigen Sitzung (30.11.2018) hat der Aufsichtsrat der Aves One AG Herrn Tobias Aulich mit sofortiger Wirkung f\u00fcr vier Jahre zum Vorstand der Gesellschaft bestellt. Damit erg\u00e4nzt der 36-j\u00e4hrige [&#8230;]<\/p>\n","protected":false},"author":13,"featured_media":0,"comment_status":"open","ping_status":"closed","sticky":false,"template":"","format":"standard","meta":{"ngg_post_thumbnail":0,"iawp_total_views":2,"footnotes":""},"categories":[222],"tags":[],"class_list":["post-25611","post","type-post","status-publish","format-standard","hentry","category-invesntment-logistik"],"_links":{"self":[{"href":"https:\/\/iuzb.de\/index.php?rest_route=\/wp\/v2\/posts\/25611","targetHints":{"allow":["GET"]}}],"collection":[{"href":"https:\/\/iuzb.de\/index.php?rest_route=\/wp\/v2\/posts"}],"about":[{"href":"https:\/\/iuzb.de\/index.php?rest_route=\/wp\/v2\/types\/post"}],"author":[{"embeddable":true,"href":"https:\/\/iuzb.de\/index.php?rest_route=\/wp\/v2\/users\/13"}],"replies":[{"embeddable":true,"href":"https:\/\/iuzb.de\/index.php?rest_route=%2Fwp%2Fv2%2Fcomments&post=25611"}],"version-history":[{"count":5,"href":"https:\/\/iuzb.de\/index.php?rest_route=\/wp\/v2\/posts\/25611\/revisions"}],"predecessor-version":[{"id":25616,"href":"https:\/\/iuzb.de\/index.php?rest_route=\/wp\/v2\/posts\/25611\/revisions\/25616"}],"wp:attachment":[{"href":"https:\/\/iuzb.de\/index.php?rest_route=%2Fwp%2Fv2%2Fmedia&parent=25611"}],"wp:term":[{"taxonomy":"category","embeddable":true,"href":"https:\/\/iuzb.de\/index.php?rest_route=%2Fwp%2Fv2%2Fcategories&post=25611"},{"taxonomy":"post_tag","embeddable":true,"href":"https:\/\/iuzb.de\/index.php?rest_route=%2Fwp%2Fv2%2Ftags&post=25611"}],"curies":[{"name":"wp","href":"https:\/\/api.w.org\/{rel}","templated":true}]}}