{"id":2560,"date":"2011-02-18T01:54:00","date_gmt":"2011-02-17T23:54:00","guid":{"rendered":"http:\/\/www.iuzb.org\/wordpress\/?p=2560"},"modified":"2023-04-02T11:28:06","modified_gmt":"2023-04-02T09:28:06","slug":"vzb-kleine-sensation-bei-der-entsendungswahl-der-berliner-vertreter","status":"publish","type":"post","link":"https:\/\/iuzb.de\/?p=2560","title":{"rendered":"VZB: Kleine Sensation bei der Entsendungswahl der Berliner Vertreter"},"content":{"rendered":"<p style=\"text-align: justify;\">Vor wenigen Minuten wurde heute Abend in der Delegiertenversammlung der Berliner Zahn\u00e4rztekammer die Entsendungswahl der Berliner Mitglieder in die <a href=\"http:\/\/www.vzberlin.org\/_DasVZB\/Ansprechpartner\/VA.htm#Wahl_der_Vertreterversammlung_des_Versor\" target=\"_blank\" rel=\"noopener\">Vertreterversammlung<\/a> des Versorgungswerkes der Zahn\u00e4rztekammer Berlin (VZB) abgeschlossen. Es handelt sich um eine Verh\u00e4ltniswahl.<\/p>\n<p style=\"text-align: justify;\">W\u00e4hrend bei der Wahl vor vier Jahren der Berliner Landesverband des FVDZ und der Verband der Zahn\u00e4rzte von Berlin noch eine gemeinsame Wahlliste gebildet hatten, haben sich offenbar beide Verb\u00e4nde in Fragen der k\u00fcnftigen personellen Besetzung der F\u00fchrungsposten &#8222;zerstritten&#8220; und sind heute mit zwei getrennten Wahlisten angetreten. F\u00fcr den FVDZ die &#8222;Liste Essink&#8220; und f\u00fcr den Berliner Verband die &#8222;Liste Dr. Schmiedel&#8220;.<\/p>\n<p style=\"text-align: justify;\">Die Oppositionsverb\u00e4nde sind vor vier Jahren und auch heute wieder geeint als &#8222;Liste Kampmann&#8220; angetreten.<\/p>\n<p style=\"text-align: justify;\">Die Stimmenausz\u00e4hlung ergab folgendes Ergebnis und folgende Delegierte werden von der Berliner Zahn\u00e4rzteschaft voraussichtlich in die Vertreterversammlung des VZB entsandt:<\/p>\n<ul style=\"text-align: justify;\">\n<li><strong>Liste 1 Essink &#8211; 9 Stimmen = 1 Vertreter<\/strong> :<br \/>\n&#8211; Albert Essink (FVDZ)<br \/>\n<span style=\"color: white;\">.<\/span><\/li>\n<li><strong>Liste 2 Kampmann &#8211; 20 Stimmen = 4 Vertreter<\/strong> :<br \/>\n&#8211; Winnetou Kampmann (Fraktion Gesundheit)<br \/>\n&#8211; Dr. Lutz-Stephan Wei\u00df (GpZ\/IUZB)<br \/>\n&#8211; Dr. Helmut Dohmeier- de Haan (BUZ)<br \/>\n&#8211; Olaf Cornehlsen (IUZB)<br \/>\n<span style=\"color: white;\">.<\/span><\/li>\n<li><strong>Liste 3 Dr. Schmiedel &#8211; 16 Stimmen = 3 Vertreter<\/strong> :<br \/>\n&#8211; Dr. Wolfgang Schmiedel (VdZvB)<br \/>\n&#8211; Dr. Ingo Rellermeier (VdZvB)<br \/>\n&#8211; Dr. Wolfgang Kopp (VdZvB)<\/li>\n<\/ul>\n<p style=\"text-align: justify;\">Die Liste Kampmann hat in den vergangenen vier Jahren in der zw\u00f6lf Mitglieder umfassenden Vertreterversammlung des VZB drei Mitglieder gestellt. In der kommenden Legislaturperiode werden es voraussichtlich vier Mitglieder sein!<\/p>\n<p style=\"text-align: justify;\">Nach dem Berliner Kammergesetz muss die Beteiligung aller Mitglieder an den Organen des VZB entsprechend dem Anteil der Mitglieder der beteiligten Kammerbereiche Berlin, Brandenburg und Bremen an der Gesamtmitgliederzahl des VZB sichergestellt sein. Der Anteil der Beteiligung ist zu Beginn des Anschlusses und dann jeweils am Anfang der Amtsperiode der Vertreterversammlung festzulegen. Die beteiligten Kammerbereiche m\u00fcssen durch mindestens ein Mitglied in der Vertreterversammlung vertreten sein.<\/p>\n<p style=\"text-align: justify;\">Bremen stellte in der Vertreterversammlung des VZB bisher ein Mitglied. Die Delegiertenversammlung der Zahn\u00e4rztekammer Bremen hat am <a href=\"http:\/\/www.zaek-hb.de\/cms_sources\/dateien\/kammerexpress\/KaEx_1012_iNET.pdf\" target=\"_blank\" rel=\"noopener\">16. Oktober 2010<\/a> jeweils wie bisher den Kammerpr\u00e4sidenten Dr. Wolfgang Menke als Mitglied der Vertreterversammlung gew\u00e4hlt und Dr. Gunnar Hoops f\u00fcr den <a href=\"http:\/\/www.vzberlin.org\/_DasVZB\/Ansprechpartner\/VA.htm#Aufsichtsausschuss\" target=\"_blank\" rel=\"noopener\">Aufsichtsausschuss<\/a> und Rolf Weggen f\u00fcr den <a href=\"http:\/\/www.vzberlin.org\/_DasVZB\/Ansprechpartner\/VA.htm#Verwaltungsausschuss_des_Versorgungswerk\" target=\"_blank\" rel=\"noopener\">Verwaltungsausschuss<\/a> des VZB vorgesehen. Brandenburg stellte in der Vertreterversammlung bisher drei Mitglieder. Wir gehen davon aus, das deren Entsendungsmitglieder bei der n\u00e4chsten Kammerversammlung am 09. April 2011 gew\u00e4hlt werden.<\/p>\n<p style=\"text-align: justify;\">Die Vertreterversammlung des VZB konstituiert sich am 07. Mai 2011.<\/p>\n<p style=\"text-align: justify;\"><span style=\"color: #ffffff;\">.<\/span><\/p>\n<p style=\"text-align: justify;\">U.G.<\/p>\n","protected":false},"excerpt":{"rendered":"<p>Vor wenigen Minuten wurde heute Abend in der Delegiertenversammlung der Berliner Zahn\u00e4rztekammer die Entsendungswahl der Berliner Mitglieder in die Vertreterversammlung des Versorgungswerkes der Zahn\u00e4rztekammer Berlin (VZB) abgeschlossen. Es handelt sich [&#8230;]<\/p>\n","protected":false},"author":13,"featured_media":0,"comment_status":"closed","ping_status":"closed","sticky":false,"template":"","format":"standard","meta":{"ngg_post_thumbnail":0,"iawp_total_views":3,"footnotes":""},"categories":[91,48,87],"tags":[],"class_list":["post-2560","post","type-post","status-publish","format-standard","hentry","category-delegiertenversammlung","category-iuzb","category-vertreterversammlung"],"_links":{"self":[{"href":"https:\/\/iuzb.de\/index.php?rest_route=\/wp\/v2\/posts\/2560","targetHints":{"allow":["GET"]}}],"collection":[{"href":"https:\/\/iuzb.de\/index.php?rest_route=\/wp\/v2\/posts"}],"about":[{"href":"https:\/\/iuzb.de\/index.php?rest_route=\/wp\/v2\/types\/post"}],"author":[{"embeddable":true,"href":"https:\/\/iuzb.de\/index.php?rest_route=\/wp\/v2\/users\/13"}],"replies":[{"embeddable":true,"href":"https:\/\/iuzb.de\/index.php?rest_route=%2Fwp%2Fv2%2Fcomments&post=2560"}],"version-history":[{"count":4,"href":"https:\/\/iuzb.de\/index.php?rest_route=\/wp\/v2\/posts\/2560\/revisions"}],"predecessor-version":[{"id":41803,"href":"https:\/\/iuzb.de\/index.php?rest_route=\/wp\/v2\/posts\/2560\/revisions\/41803"}],"wp:attachment":[{"href":"https:\/\/iuzb.de\/index.php?rest_route=%2Fwp%2Fv2%2Fmedia&parent=2560"}],"wp:term":[{"taxonomy":"category","embeddable":true,"href":"https:\/\/iuzb.de\/index.php?rest_route=%2Fwp%2Fv2%2Fcategories&post=2560"},{"taxonomy":"post_tag","embeddable":true,"href":"https:\/\/iuzb.de\/index.php?rest_route=%2Fwp%2Fv2%2Ftags&post=2560"}],"curies":[{"name":"wp","href":"https:\/\/api.w.org\/{rel}","templated":true}]}}