{"id":25501,"date":"2018-12-02T10:11:13","date_gmt":"2018-12-02T09:11:13","guid":{"rendered":"http:\/\/iuzb.de\/?p=25501"},"modified":"2018-12-02T15:43:46","modified_gmt":"2018-12-02T14:43:46","slug":"berliner-aerztekammerwahl-2018-wahlbeteiligung-nur-376","status":"publish","type":"post","link":"https:\/\/iuzb.de\/?p=25501","title":{"rendered":"Berliner \u00c4rztekammerwahl 2018: \u00dcber 20.000 Nichtw\u00e4hler"},"content":{"rendered":"<p>Die Mitglieder der Berliner \u00c4rztekammer haben am 30.11.2018 eine neue Delegiertenversammlung gew\u00e4hlt. Die Wahlbeteiligung lag bei nur 37,6 % nach 38,5 % im Jahr 2014.<\/p>\n<p>St\u00e4rkste Kraft wurde<\/p>\n<ul>\n<li>der <a href=\"http:\/\/www.aerztekammerwahl-berlin.de\/\" target=\"_blank\" rel=\"noopener\">Marburger Bund<\/a> (31,1 %),<\/li>\n<li>gefolgt von <a href=\"http:\/\/www.allianz-berliner-aerzte.de\/\" target=\"_blank\" rel=\"noopener\">ALLIANZ BERLINER \u00c4RZTE<\/a> (29 %)<\/li>\n<li>und der <a href=\"http:\/\/www.fraktiongesundheit.de\/\" target=\"_blank\" rel=\"noopener\">Fraktion Gesundheit<\/a> (23,4 %).<\/li>\n<\/ul>\n<p>Neben einer Hauptstimme f\u00fcr eine Wahlliste, haben die Mitglieder der \u00c4rztekammer auch die M\u00f6glichkeit, bis zu zwei Bewerberinnen\/Bewerbern je eine pers\u00f6nliche Vorzugsstimme zu vergeben. Hier erhielten die meisten Stimmen:<\/p>\n<ul>\n<li>696 Stimmen <a href=\"https:\/\/de.wikipedia.org\/wiki\/G%C3%BCnther_Jonitz\" target=\"_blank\" rel=\"noopener\">Dr. G\u00fcnther Jonitz<\/a> (Marburger Bund und derzeitiger <a href=\"https:\/\/www.aerztekammer-berlin.de\/50ueberUns\/20_Organisation\/30_Vorstand\/01_Jonitz.html\" target=\"_blank\" rel=\"noopener\">Kammerpr\u00e4sident<\/a>)<\/li>\n<li>502 Stimmen <a href=\"https:\/\/www.aerztezeitung.de\/politik_gesellschaft\/berufspolitik\/article\/932183\/berlin-kammervize-wille-legt-amt-nieder.html\" target=\"_blank\" rel=\"noopener\">Dr. Elmar Wille<\/a> (ALLIANZ BERLINER \u00c4RZTE)<\/li>\n<li>467 Stimmen Dr. Regine Held (ALLIANZ BERLINER \u00c4RZTE und derzeitige <a href=\"https:\/\/www.aerztekammer-berlin.de\/50ueberUns\/20_Organisation\/30_Vorstand\/02_Held.html\" target=\"_blank\" rel=\"noopener\">Kammervizepr\u00e4sidentin<\/a>)<\/li>\n<\/ul>\n<p>Mehr auf der Webseite der Berliner \u00c4rztekammer:<\/p>\n<ul>\n<li><a href=\"https:\/\/www.aerztekammer-berlin.de\/40presse\/10_Pressemitteilungen\/655_Ergebnisse-der-Kammerwahl-2018\/index.shtml\" target=\"_blank\" rel=\"noopener\">Berliner \u00c4rztinnen und \u00c4rzte haben eine neue Delegiertenversammlung gew\u00e4hlt<\/a><\/li>\n<\/ul>\n","protected":false},"excerpt":{"rendered":"<p>Die Mitglieder der Berliner \u00c4rztekammer haben am 30.11.2018 eine neue Delegiertenversammlung gew\u00e4hlt. Die Wahlbeteiligung lag bei nur 37,6 % nach 38,5 % im Jahr 2014. St\u00e4rkste Kraft wurde der Marburger [&#8230;]<\/p>\n","protected":false},"author":13,"featured_media":0,"comment_status":"open","ping_status":"closed","sticky":false,"template":"","format":"standard","meta":{"ngg_post_thumbnail":0,"iawp_total_views":1,"footnotes":""},"categories":[124],"tags":[],"class_list":["post-25501","post","type-post","status-publish","format-standard","hentry","category-aerztekammer-berlin"],"_links":{"self":[{"href":"https:\/\/iuzb.de\/index.php?rest_route=\/wp\/v2\/posts\/25501","targetHints":{"allow":["GET"]}}],"collection":[{"href":"https:\/\/iuzb.de\/index.php?rest_route=\/wp\/v2\/posts"}],"about":[{"href":"https:\/\/iuzb.de\/index.php?rest_route=\/wp\/v2\/types\/post"}],"author":[{"embeddable":true,"href":"https:\/\/iuzb.de\/index.php?rest_route=\/wp\/v2\/users\/13"}],"replies":[{"embeddable":true,"href":"https:\/\/iuzb.de\/index.php?rest_route=%2Fwp%2Fv2%2Fcomments&post=25501"}],"version-history":[{"count":16,"href":"https:\/\/iuzb.de\/index.php?rest_route=\/wp\/v2\/posts\/25501\/revisions"}],"predecessor-version":[{"id":25517,"href":"https:\/\/iuzb.de\/index.php?rest_route=\/wp\/v2\/posts\/25501\/revisions\/25517"}],"wp:attachment":[{"href":"https:\/\/iuzb.de\/index.php?rest_route=%2Fwp%2Fv2%2Fmedia&parent=25501"}],"wp:term":[{"taxonomy":"category","embeddable":true,"href":"https:\/\/iuzb.de\/index.php?rest_route=%2Fwp%2Fv2%2Fcategories&post=25501"},{"taxonomy":"post_tag","embeddable":true,"href":"https:\/\/iuzb.de\/index.php?rest_route=%2Fwp%2Fv2%2Ftags&post=25501"}],"curies":[{"name":"wp","href":"https:\/\/api.w.org\/{rel}","templated":true}]}}