{"id":25365,"date":"2018-11-15T12:51:02","date_gmt":"2018-11-15T11:51:02","guid":{"rendered":"http:\/\/iuzb.de\/?p=25365"},"modified":"2019-03-10T15:45:43","modified_gmt":"2019-03-10T14:45:43","slug":"was-hat-es-mit-der-personendatenabfrage-der-zahnaerztekammer-berlin-auf-sich","status":"publish","type":"post","link":"https:\/\/iuzb.de\/?p=25365","title":{"rendered":"Was hat es mit der Personendatenabfrage der Zahn\u00e4rztekammer Berlin auf sich?"},"content":{"rendered":"<p style=\"text-align: justify;\"><a href=\"https:\/\/iuzb.de\/wp-content\/uploads\/2018\/11\/2018-11-00-ZAKBln-Dateabfrge.jpg\" target=\"_blank\" rel=\"noopener noreferrer\"><img loading=\"lazy\" decoding=\"async\" class=\"alignright wp-image-25369\" src=\"https:\/\/iuzb.de\/wp-content\/uploads\/2018\/11\/2018-11-00-ZAKBln-Dateabfrge.jpg\" alt=\"\" width=\"350\" height=\"457\" srcset=\"https:\/\/iuzb.de\/wp-content\/uploads\/2018\/11\/2018-11-00-ZAKBln-Dateabfrge.jpg 814w, https:\/\/iuzb.de\/wp-content\/uploads\/2018\/11\/2018-11-00-ZAKBln-Dateabfrge-92x120.jpg 92w, https:\/\/iuzb.de\/wp-content\/uploads\/2018\/11\/2018-11-00-ZAKBln-Dateabfrge-230x300.jpg 230w, https:\/\/iuzb.de\/wp-content\/uploads\/2018\/11\/2018-11-00-ZAKBln-Dateabfrge-768x1002.jpg 768w\" sizes=\"auto, (max-width: 350px) 100vw, 350px\" \/><\/a>Aktuell erhalten Mitglieder der Zahn\u00e4rztekammer Berlin ein Aufforderungsschreiben zur Abgabe von umfangreichen Personendaten. In dem Begleitschreiben wird auf die gesetzliche Pflicht zur Datenherausgabe hingewiesen. Eine Erl\u00e4uterung, weshalb die Datenaktualisierung grunds\u00e4tzlich oder aber im konkreten Einzelfall erforderlich ist, davon steht leider nichts im Aufforderungsschreiben. So muss sich halt jedes Mitglied selbst seine Gedanken machen, welchen Hintergrund die Aktualisierung hat, denn es h\u00e4tte ja auch die M\u00f6glichkeit bestanden, jedem Mitglied die von ihm bei der Zahn\u00e4rztekammer gespeicherten Personendaten mitzuteilen und um Mitteilung zu bitten, falls Daten nicht mehr aktuell sind.<\/p>\n<p style=\"text-align: justify;\">Die jetzige Aktion erweckt daher den Eindruck, dass die Kammer dabei ist, die Mitgliederdatenbank nicht nur zu aktualisieren, sondern vielmehr neu aufzubauen.<\/p>\n<p style=\"text-align: justify;\">Aus diesem Grund m\u00f6chten wir Sie auf Folgendes aufmerksam machen:<\/p>\n<p style=\"text-align: justify;\">Schon zum <a href=\"https:\/\/www.zaek-berlin.de\/dateien\/Content\/Dokumente\/\u00dcber-uns\/Gesch\u00e4ftsberichte\/Z\u00c4K_Berlin_GB_2016.pdf\" target=\"_blank\" rel=\"noopener noreferrer\">Gesch\u00e4ftsbericht 2016<\/a> der Zahn\u00e4rztekammer Berlin, stellten wir von der IUZB erhebliche Differenzen bei den Zahlen der Mitgliederverwaltung fest &#8211; diese Differenzen wurden damals lapidar als &#8222;Zahlendreher&#8220; abgetan.<\/p>\n<p style=\"text-align: justify;\">Auch der <a href=\"https:\/\/www.zaek-berlin.de\/dateien\/Content\/Dokumente\/\u00dcber-uns\/Gesch\u00e4ftsberichte\/Z\u00c4K_Berlin_Gesch\u00e4ftsbericht_2017.pdf\" target=\"_blank\" rel=\"noopener noreferrer\">Gesch\u00e4ftsbericht f\u00fcr das Jahr 2017<\/a>, enth\u00e4lt aus unserer Sicht Hinweise \u00fcber unklare Zahlen bez\u00fcglich der Anzahl der Mitglieder. Hier wird zum Stichtag von 4.784 zahlungspflichtigen Mitgliedern berichtet &#8211; die Aufschl\u00fcsselung \u00fcber die einzelnen Beitragsklassen ergibt bei Summation jedoch nur 4.740 Mitglieder. Wo sind die 44 fehlenden Mitglieder geblieben? Wie viele Mitglieder sind nun wirklich beitragspflichtig? Laut Gesch\u00e4ftsbericht gibt es diesbez\u00fcglich weiterhin keine gesonderten Arbeitsanweisungen an die Mitarbeiter. Dazu passt ein zum Vorjahr erh\u00f6htes Ausbuchen offener Forderungen in H\u00f6he von mehr als 36.000,00 \u20ac.<\/p>\n<p style=\"text-align: justify;\"><a href=\"https:\/\/iuzb.de\/wp-content\/uploads\/2016\/11\/2016-11-18-Kammerwahl-Offizielle-Mitgliederadress-Datei-fehlerhaft-\u2013-\u00fcber-220-R\u00fccklaeufer-Bild.jpg\" target=\"_blank\" rel=\"noopener noreferrer\"><img loading=\"lazy\" decoding=\"async\" class=\"wp-image-16107 aligncenter\" src=\"https:\/\/iuzb.de\/wp-content\/uploads\/2016\/11\/2016-11-18-Kammerwahl-Offizielle-Mitgliederadress-Datei-fehlerhaft-\u2013-\u00fcber-220-R\u00fccklaeufer-Bild.jpg\" alt=\"\" width=\"350\" height=\"234\" srcset=\"https:\/\/iuzb.de\/wp-content\/uploads\/2016\/11\/2016-11-18-Kammerwahl-Offizielle-Mitgliederadress-Datei-fehlerhaft-\u2013-\u00fcber-220-R\u00fccklaeufer-Bild.jpg 1307w, https:\/\/iuzb.de\/wp-content\/uploads\/2016\/11\/2016-11-18-Kammerwahl-Offizielle-Mitgliederadress-Datei-fehlerhaft-\u2013-\u00fcber-220-R\u00fccklaeufer-Bild-179x120.jpg 179w, https:\/\/iuzb.de\/wp-content\/uploads\/2016\/11\/2016-11-18-Kammerwahl-Offizielle-Mitgliederadress-Datei-fehlerhaft-\u2013-\u00fcber-220-R\u00fccklaeufer-Bild-448x300.jpg 448w, https:\/\/iuzb.de\/wp-content\/uploads\/2016\/11\/2016-11-18-Kammerwahl-Offizielle-Mitgliederadress-Datei-fehlerhaft-\u2013-\u00fcber-220-R\u00fccklaeufer-Bild-768x514.jpg 768w\" sizes=\"auto, (max-width: 350px) 100vw, 350px\" \/><\/a>Was die derzeitige Datenaktualisierungsaktion betrifft, so vermuten wir auch einen Zusammenhang mit den von der IUZB festgestellten fehlerhaften Adressen aus dem W\u00e4hlerverzeichnis, siehe unsere Berichterstattungen vom <a href=\"https:\/\/iuzb.de\/?p=16095\" target=\"_blank\" rel=\"noopener noreferrer\">18.11.2016<\/a> und <a href=\"https:\/\/iuzb.de\/?p=16458\" target=\"_blank\" rel=\"noopener noreferrer\">21.11.2016<\/a>.<\/p>\n<p>Wir bef\u00fcrchten, dass in der Mitgliederverwaltung der Zahn\u00e4rztekammer Berlin weiterhin einiges im Argen liegt.<\/p>\n<p>&nbsp;<\/p>\n<p><img loading=\"lazy\" decoding=\"async\" class=\"alignleft wp-image-12488\" src=\"https:\/\/iuzb.de\/wp-content\/uploads\/2008\/07\/Alexander-Klutke.jpg\" alt=\"\" width=\"150\" height=\"196\" srcset=\"https:\/\/iuzb.de\/wp-content\/uploads\/2008\/07\/Alexander-Klutke.jpg 750w, https:\/\/iuzb.de\/wp-content\/uploads\/2008\/07\/Alexander-Klutke-115x150.jpg 115w, https:\/\/iuzb.de\/wp-content\/uploads\/2008\/07\/Alexander-Klutke-230x300.jpg 230w\" sizes=\"auto, (max-width: 150px) 100vw, 150px\" \/><\/p>\n<p>&nbsp;<\/p>\n<p><strong>Alexander Klutke<\/strong><\/p>\n<p>Mitglied der Delegiertenversammlung<br \/>\nSchatzmeister Wahlliste IUZB e.V.<\/p>\n","protected":false},"excerpt":{"rendered":"<p>Aktuell erhalten Mitglieder der Zahn\u00e4rztekammer Berlin ein Aufforderungsschreiben zur Abgabe von umfangreichen Personendaten. In dem Begleitschreiben wird auf die gesetzliche Pflicht zur Datenherausgabe hingewiesen. Eine Erl\u00e4uterung, weshalb die Datenaktualisierung grunds\u00e4tzlich [&#8230;]<\/p>\n","protected":false},"author":13,"featured_media":23255,"comment_status":"open","ping_status":"closed","sticky":false,"template":"","format":"standard","meta":{"ngg_post_thumbnail":0,"iawp_total_views":1,"footnotes":""},"categories":[242,46],"tags":[],"class_list":["post-25365","post","type-post","status-publish","format-standard","has-post-thumbnail","hentry","category-infobriefe","category-zahnaerztekammer-berlin"],"_links":{"self":[{"href":"https:\/\/iuzb.de\/index.php?rest_route=\/wp\/v2\/posts\/25365","targetHints":{"allow":["GET"]}}],"collection":[{"href":"https:\/\/iuzb.de\/index.php?rest_route=\/wp\/v2\/posts"}],"about":[{"href":"https:\/\/iuzb.de\/index.php?rest_route=\/wp\/v2\/types\/post"}],"author":[{"embeddable":true,"href":"https:\/\/iuzb.de\/index.php?rest_route=\/wp\/v2\/users\/13"}],"replies":[{"embeddable":true,"href":"https:\/\/iuzb.de\/index.php?rest_route=%2Fwp%2Fv2%2Fcomments&post=25365"}],"version-history":[{"count":24,"href":"https:\/\/iuzb.de\/index.php?rest_route=\/wp\/v2\/posts\/25365\/revisions"}],"predecessor-version":[{"id":26158,"href":"https:\/\/iuzb.de\/index.php?rest_route=\/wp\/v2\/posts\/25365\/revisions\/26158"}],"wp:featuredmedia":[{"embeddable":true,"href":"https:\/\/iuzb.de\/index.php?rest_route=\/wp\/v2\/media\/23255"}],"wp:attachment":[{"href":"https:\/\/iuzb.de\/index.php?rest_route=%2Fwp%2Fv2%2Fmedia&parent=25365"}],"wp:term":[{"taxonomy":"category","embeddable":true,"href":"https:\/\/iuzb.de\/index.php?rest_route=%2Fwp%2Fv2%2Fcategories&post=25365"},{"taxonomy":"post_tag","embeddable":true,"href":"https:\/\/iuzb.de\/index.php?rest_route=%2Fwp%2Fv2%2Ftags&post=25365"}],"curies":[{"name":"wp","href":"https:\/\/api.w.org\/{rel}","templated":true}]}}