{"id":2531,"date":"2015-03-17T11:28:00","date_gmt":"2015-03-17T10:28:00","guid":{"rendered":"http:\/\/www.iuzb.org\/wordpress\/?p=2531"},"modified":"2017-01-16T18:08:47","modified_gmt":"2017-01-16T17:08:47","slug":"kzv-protokolle-vertreterversammlungen","status":"publish","type":"post","link":"https:\/\/iuzb.de\/?p=2531","title":{"rendered":"KZV: Protokolle Vertreterversammlungen"},"content":{"rendered":"<p><span style=\"color: red;\"><strong>Selbstverwaltung kommt nicht von selbst<\/strong><\/span><\/p>\n<p style=\"text-align: justify;\">In den Delegierten-\/Vertreterversammlungen und in den anderen Organen und Gremien unserer Selbstverwaltungsk\u00f6rperschaften findet nicht nur &#8222;Verwaltungshandeln&#8220; statt, sondern dort wird im Rahmen der Selbstverwaltung auch Berufspolitik gestaltet und ausge\u00fcbt. Alle Wahllisten haben damit zu k\u00e4mpfen, dass sich leider zu wenig Kolleginnen und Kollegen f\u00fcr die Geschehnisse in unseren K\u00f6rperschaften interessieren. Die mangelnde Wahlbeteiligung von nur rund 50 % pro Wahl und die fast nicht vorhandene Anzahl an Gastzuschauern an den berufs\u00f6ffentlichen Delegierten- und Vertreterversammlungen ist leider ein trauriger Beleg daf\u00fcr.<\/p>\n<p style=\"text-align: justify;\">Wir, als Opposition, haben dar\u00fcber hinaus noch mit dem Problem zu k\u00e4mpfen, dass unsere Arbeit \u00fcber die offiziellen Medien unserer K\u00f6rperschaften, wie zum Beispiel das MBZ, nicht dargestellt wird und wenn doch, dann lediglich in negativem Zusammenhang. Und dies, obwohl unsere K\u00f6rperschaften eigentlich von Amts wegen dazu verpflichtet sind, im Rahmen der \u00d6ffentlichkeitsarbeit objektiv zu berichten und dabei die Verh\u00e4ltnism\u00e4\u00dfigkeit und die (berufspolitischen) Neutralit\u00e4t zu <a href=\"https:\/\/iuzb.de\/?p=2246\" target=\"_blank\">wahren<\/a> und wir nichts anderes tun, als das, wof\u00fcr wir gew\u00e4hlt sind. &#8211; N\u00e4mlich unseren &#8222;Job&#8220; als Opposition zu erledigen.<\/p>\n<p style=\"text-align: justify;\">F\u00fcr alle interessierte Kolleginnen und Kollegen gibt es jedoch eine M\u00f6glichkeit, sich auch objektiviert \u00fcber die berufspolitische Arbeit in unseren Selbstverwaltungen zu informieren: N\u00e4mlich \u00fcber die Original-Protokolle der Delegierten- und Vertreterversammlungen. Hierbei wenden unsere gew\u00e4hlten Mitglieder zum Teil auch sehr viel Zeit auf, um daf\u00fcr zu sorgen, dass diese Protokolle auch richtig und vollst\u00e4ndig sind, wenn unseren Widerspr\u00fcchen auch nicht immer stattgegeben wird. Dieser Zeiteinsatz betraf in der Vergangenheit insbesondere die Vertreterversammlungsprotokolle unserer KZV, wo wir aber k\u00fcnftig auf Besserung hoffen (siehe unseren <a href=\"https:\/\/iuzb.de\/?p=2484\" target=\"_blank\">Appell<\/a> (Seite <a href=\"https:\/\/iuzb.de\/wp-content\/uploads\/2014\/01\/Widerspruch_gegen_VV_Ergebnisprotokoll_vom_24.01.2011.pdf\" target=\"_blank\">2<\/a>) vom 28.01.2011 an die beiden neuen Vorsitzenden der Vertreterversammlung).<\/p>\n<p style=\"text-align: justify;\"><span style=\"color: #000000;\">Wir k\u00f6nnen alle Mitgliederinnen und Mitglieder nur bitten, die Protokolle regelm\u00e4\u00dfig zu lesen. Es sind nicht nur die Protokolle der K\u00f6rperschaften &#8211; es sind auch IHRE Protokolle.<\/span><\/p>\n<p>&nbsp;<\/p>\n<p>x-x-x-x-x-x-x-x-x-x- x-x-x-x-x-<\/p>\n<p><span style=\"font-size: 18pt; color: #ff0000;\">Wir stellen unseren Service ein, da die Protokolle mittlerweile mehr oder weniger nur noch als Ergebnisprotokolle gef\u00fchrt werden und sie in dieser Form unserer Meinung nach nicht mehr geeignet sind, um Meinunsgbildungsprozesse ausreichend nachvollziehen zu k\u00f6nnen.<\/span><\/p>\n<p><a href=\"https:\/\/www.kzv-berlin.de\/kzv-berlin\/organe-und-struktur\/vertreterversammlung\/protokolle-der-vv.html\" target=\"_blank\">https:\/\/www.kzv-berlin.de\/kzv-berlin\/organe-und-struktur\/vertreterversammlung\/protokolle-der-vv.html<\/a><\/p>\n<p>x-x-x-x-x-x-x-x-x-x-x-x-x-x-x-<\/p>\n<p>&nbsp;<\/p>\n<p><strong>Kassenzahn\u00e4rztliche Vereinigung Berlin K.d.\u00f6.R., Protokolle der Vertreterversammlungen<\/strong><\/p>\n<table style=\"width: 544.033px;\">\n<tbody>\n<tr>\n<td style=\"width: 143px;\">2015<\/td>\n<td style=\"width: 119px;\"><\/td>\n<td style=\"width: 201.033px;\"><\/td>\n<\/tr>\n<tr>\n<td style=\"width: 143px;\">12.10.2015<\/td>\n<td style=\"width: 119px;\">\u00a0Protokoll<\/td>\n<td style=\"width: 201.033px;\">noch nicht ver\u00f6ffentlicht<\/td>\n<\/tr>\n<tr>\n<td style=\"width: 143px;\">20.04.2015<\/td>\n<td style=\"width: 119px;\">\u00a0<a href=\"http:\/\/www.kzv-berlin.de\/fileadmin\/user_upload\/Sekretariat\/2015-04-20VV-Protokoll.pdf\" target=\"_blank\">Protokoll<\/a><\/td>\n<td style=\"width: 201.033px;\"><\/td>\n<\/tr>\n<tr>\n<td style=\"width: 143px;\"><span style=\"text-decoration: underline;\"><strong>2014<\/strong><\/span><\/td>\n<td style=\"width: 119px;\"><\/td>\n<td style=\"width: 201.033px;\"><\/td>\n<\/tr>\n<tr>\n<td style=\"width: 143px;\">\u00a001.12.2014<\/td>\n<td style=\"width: 119px;\">\u00a0<a href=\"http:\/\/www.kzv-berlin.de\/fileadmin\/user_upload\/Sekretariat\/Protokoll_01.pdf\" target=\"_blank\">Protokoll<\/a><\/td>\n<td style=\"width: 201.033px;\"><\/td>\n<\/tr>\n<tr>\n<td style=\"width: 143px;\">\u00a013.10.2014<\/td>\n<td style=\"width: 119px;\">\u00a0<a href=\"http:\/\/www.kzv-berlin.de\/fileadmin\/user_upload\/Sekretariat\/Protokoll_1.pdf\" target=\"_blank\">Protokoll<\/a><\/td>\n<td style=\"width: 201.033px;\"><\/td>\n<\/tr>\n<tr>\n<td style=\"width: 143px;\">\u00a023.06.2014<\/td>\n<td style=\"width: 119px;\">\u00a0<a href=\"http:\/\/www.kzv-berlin.de\/fileadmin\/user_upload\/Publikationen\/VV-Protokolle\/2014-06-23_VV-Protokoll.pdf\" target=\"_blank\">Protokoll<\/a><\/td>\n<td style=\"width: 201.033px;\"><\/td>\n<\/tr>\n<tr>\n<td style=\"width: 143px;\">\u00a0<span style=\"text-decoration: underline;\"><strong>2013<\/strong><\/span><\/td>\n<td style=\"width: 119px;\"><\/td>\n<td style=\"width: 201.033px;\"><\/td>\n<\/tr>\n<tr>\n<td style=\"width: 143px;\">\u00a009.12.2013<\/td>\n<td style=\"width: 119px;\">\u00a0<a href=\"http:\/\/www.kzv-berlin.de\/fileadmin\/user_upload\/Publikationen\/VV-Protokolle\/2013-12-09_VV-Protokoll.pdf\" target=\"_blank\">Protokoll<\/a><\/td>\n<td style=\"width: 201.033px;\"><\/td>\n<\/tr>\n<tr>\n<td style=\"width: 143px;\">\u00a018.10.2013<\/td>\n<td style=\"width: 119px;\">\u00a0<a href=\"http:\/\/www.kzv-berlin.de\/fileadmin\/user_upload\/Publikationen\/VV-Protokolle\/2013-10-28_VV-Protokoll.pdf\" target=\"_blank\">Protokoll<\/a><\/td>\n<td style=\"width: 201.033px;\"><\/td>\n<\/tr>\n<tr>\n<td style=\"width: 143px;\">\u00a003.06.2013<\/td>\n<td style=\"width: 119px;\">\u00a0<a href=\"http:\/\/www.kzv-berlin.de\/fileadmin\/user_upload\/Publikationen\/VV-Protokolle\/2013-06-03_VV-Protokoll.pdf\" target=\"_blank\">Protokoll<\/a><\/td>\n<td style=\"width: 201.033px;\"><\/td>\n<\/tr>\n<tr>\n<td style=\"width: 143px;\">\u00a018.03.2013<\/td>\n<td style=\"width: 119px;\">\u00a0<a href=\"http:\/\/www.kzv-berlin.de\/fileadmin\/user_upload\/Publikationen\/VV-Protokolle\/2013-03-18_VV-Protokoll.pdf\" target=\"_blank\">Protokoll<\/a><\/td>\n<td style=\"width: 201.033px;\"><\/td>\n<\/tr>\n<tr>\n<td style=\"width: 143px;\">\u00a0<span style=\"text-decoration: underline;\"><strong>2012<\/strong><\/span><\/td>\n<td style=\"width: 119px;\"><\/td>\n<td style=\"width: 201.033px;\"><\/td>\n<\/tr>\n<tr>\n<td style=\"width: 143px;\">\u00a003.12.2012<\/td>\n<td style=\"width: 119px;\">\u00a0<a href=\"http:\/\/www.kzv-berlin.de\/fileadmin\/user_upload\/Publikationen\/VV-Protokolle\/2012-12-03_VV-Protokoll.pdf\" target=\"_blank\">Protokoll<\/a><\/td>\n<td style=\"width: 201.033px;\"><\/td>\n<\/tr>\n<tr>\n<td style=\"width: 143px;\">\u00a024.09.2012<\/td>\n<td style=\"width: 119px;\">\u00a0<a href=\"http:\/\/www.kzv-berlin.de\/fileadmin\/user_upload\/Publikationen\/VV-Protokolle\/2012-09-24_VV-Protokoll.pdf\" target=\"_blank\">Protokoll <\/a><\/td>\n<td style=\"width: 201.033px;\"><\/td>\n<\/tr>\n<tr>\n<td style=\"width: 143px;\">\u00a011.06.2012<\/td>\n<td style=\"width: 119px;\">\u00a0<a href=\"http:\/\/www.kzv-berlin.de\/fileadmin\/user_upload\/Publikationen\/VV-Protokolle\/2012-06-11_VV-Protokoll.pdf\" target=\"_blank\">Protokoll<\/a><\/td>\n<td style=\"width: 201.033px;\"><\/td>\n<\/tr>\n<tr>\n<td style=\"width: 143px;\">\u00a023.04.2012<\/td>\n<td style=\"width: 119px;\">\u00a0<a href=\"http:\/\/www.kzv-berlin.de\/fileadmin\/user_upload\/Publikationen\/VV-Protokolle\/2012-04-23_VV-Protokoll.pdf\" target=\"_blank\">Protokoll<\/a><\/td>\n<td style=\"width: 201.033px;\"><\/td>\n<\/tr>\n<tr>\n<td style=\"width: 143px;\"><strong>\u00a0<\/strong><span style=\"text-decoration: underline;\"><strong>2011<\/strong><\/span><\/td>\n<td style=\"width: 119px;\"><\/td>\n<td style=\"width: 201.033px;\"><\/td>\n<\/tr>\n<tr>\n<td style=\"width: 143px;\">\u00a012.12.2011<\/td>\n<td style=\"width: 119px;\">\u00a0<a href=\"http:\/\/www.kzv-berlin.de\/fileadmin\/user_upload\/Publikationen\/VV-Protokolle\/2011-12-12_VV-Protokoll.pdf\" target=\"_blank\">Protokoll<\/a><\/td>\n<td style=\"width: 201.033px;\"><\/td>\n<\/tr>\n<tr>\n<td style=\"width: 143px;\">\u00a021.11.2011<\/td>\n<td style=\"width: 119px;\">\u00a0<a href=\"http:\/\/www.kzv-berlin.de\/fileadmin\/user_upload\/Publikationen\/VV-Protokolle\/2011-11-21_VV-Protokoll.pdf\" target=\"_blank\">Protokoll<\/a><\/td>\n<td style=\"width: 201.033px;\"><\/td>\n<\/tr>\n<\/tbody>\n<\/table>\n<p>_._._._._._._._._._._._._._._._._._._._._._._._._._._._._._._._.<\/p>\n<p><strong><span style=\"text-decoration: underline;\">2011<\/span><br \/>\n<\/strong><\/p>\n<p>17.10.2011 &#8211; Protokoll<br \/>\n06.06.2011 &#8211; Protokoll<br \/>\n28.03.2011 &#8211; Protokoll<br \/>\n14.02.2011 &#8211; Protokoll (Ausschusswahlen) ist noch nicht ver\u00f6ffentlkicht<br \/>\n10.01.2011 &#8211; <span style=\"color: red;\">Protokoll (Konstituierung) ist noch nicht ver\u00f6ffentlicht<\/span>\/Stand 09.02.2011<\/p>\n<p><strong><span style=\"text-decoration: underline;\">2010<\/span><br \/>\n<\/strong>08.11.2010 &#8211; <span style=\"color: red;\">Protokoll ist noch nicht ver\u00f6ffentlicht<\/span>\/Stand 09.02.2011<br \/>\n23.08.2010 &#8211; Ergebnisniederschrift \u00fcber die ao-Vertreterversammlung mit Anlage<br \/>\n07.06.2010 &#8211; <span style=\"color: red;\">Protokoll ist noch nicht ver\u00f6ffentlicht<\/span> \/Stand 09.02.2011<br \/>\n13.04.2010 &#8211; Ergebnisniederschrift \u00fcber die ao-Vertreterversammlung<br \/>\n15.02.2010 &#8211; <span style=\"color: red;\">Protokoll ist noch nicht ver\u00f6ffentlicht<\/span>\/Stand 09.02.2011<\/p>\n<p><strong><span style=\"text-decoration: underline;\">2009<\/span><br \/>\n<\/strong>16.11.2009 &#8211; <span style=\"color: red;\">Protokoll ist noch nicht ver\u00f6ffentlicht<\/span>\/Stand 09.02.2011<br \/>\n14.10.2009 &#8211; Ergebnisniederschrift \u00fcber die ao-Vertreterversammlung<br \/>\n14.09.2009 &#8211; Ergebnisniederschrift \u00fcber die Vertreterversammlung<br \/>\n29.06.2009 &#8211; Ergebnisniederschrift \u00fcber die ao-Vertreterversammlung<br \/>\n15.06.2009 &#8211; Ergebnisniederschrift \u00fcber die Vertreterversammlung<br \/>\n16.03.2009 &#8211; Ergebnisniederschrift \u00fcber die Vertreterversammlung<br \/>\n13.01.2009 &#8211; Ergebnisniederschrift \u00fcber die ao-Vertreterversammlung<\/p>\n<p><strong><span style=\"text-decoration: underline;\">2008<\/span><br \/>\n<\/strong>03.11.2008 &#8211; Ergebnisniederschrift \u00fcber die Vertreterversammlung mit Anlagen<br \/>\n08.09.2008 &#8211; Ergebnisniederschrift \u00fcber die Vertreterversammlung mit Anlagen<br \/>\n09.06.2008 &#8211; Ergebnisniederschrift \u00fcber die Vertreterversammlung mit Anlagen<br \/>\n09.06.2008 &#8211; Resolution der Vertreterversammlung der KZV Berlin<br \/>\n21.04.2008 &#8211; Ergebnisniederschrift \u00fcber die Vertreterversammlung Anlagen<br \/>\n25.02.2008 &#8211; Ergebnisniederschrift \u00fcber die Vertreterversammlung, Wortprotokoll, Anlagen<\/p>\n<p><strong><span style=\"text-decoration: underline;\">2007<\/span><br \/>\n<\/strong>03.12.2007 &#8211; Ergebnisniederschrift \u00fcber die Vertreterversammlung, Wortprotokoll, M\u00fcndlicher Bericht der Rechnungspr\u00fcfungsausschuss der KZV Berlin an die Vertreterversammlung am 03.12.2007<br \/>\n25.06.2007 &#8211; Ergebnisniederschrift \u00fcber die Vertreterversammlung<br \/>\n26.03.2007 &#8211; Ergebnisprotokoll (Bandabschrift) \u00fcber die Vertreterversammlung<br \/>\n26.03.2007 &#8211; Ergebnisniederschrift \u00fcber die Vertreterversammlung<\/p>\n<p><span style=\"text-decoration: underline;\"><strong>2006<\/strong><\/span><\/p>\n<p>25.09.2006 &#8211; Ergebnisniederschrift \u00fcber die Vertreterversammlung<br \/>\n12.06.2006 &#8211; Ergebnisniederschrift \u00fcber die Vertreterversammlung<br \/>\n27.02.2006 &#8211; Ergebnisniederschrift \u00fcber die Vertreterversammlung (Nachfolge-VV)<br \/>\n20.02.2006 &#8211; Ergebnisniederschrift \u00fcber die Vertreterversammlung<\/p>\n<p><span style=\"text-decoration: underline;\"><strong>2005<\/strong><\/span><\/p>\n<p>19.12.2005 &#8211; Nachtrag zur korrigierten Fassung vom 19.12.2005<br \/>\n19.12.2005 &#8211; Ergebnisniederschrift \u00fcber die Vertreterversammlung<br \/>\n28.11.2005 &#8211; Ergebnisniederschrift \u00fcber die Vertreterversammlung<br \/>\n07.11.2005 &#8211; Ergebnisniederschrift \u00fcber die Vertreterversammlung<br \/>\n15.08.2005 &#8211; Niederschrift \u00fcber die Vertreterversammlung<br \/>\n01.06.2005 &#8211; Ergebnisniederschrift \u00fcber die Vertreterversammlung<br \/>\n14.02.2005 &#8211; Ergebnisniederschrift \u00fcber die Vertreterversammlung<\/p>\n<p><strong><span style=\"text-decoration: underline;\">2004<\/span><br \/>\n<\/strong><br \/>\n13.12.2004 &#8211; Sitzungsniederschrift und Protokollauszug \u00fcber die konstituierende Vertreterversammlung<br \/>\n25.10.2004 &#8211; Sitzungsniederschrift und Protokollauszug \u00fcber die konstituierende Vertreterversammlung<\/p>\n<p><strong><span style=\"text-decoration: underline;\">2003<\/span><br \/>\n<\/strong><br \/>\n24.11.2003 &#8211; Sitzungsniederschrift und Protokollauszug \u00fcber die Vertreterversammlung<br \/>\n29.09.2003 &#8211; Sitzungsniederschrift und Protokollauszug \u00fcber die Vertreterversammlung<br \/>\n15.09.2003 &#8211; Sitzungsniederschrift und Protokollauszug \u00fcber die au\u00dferordentliche Vertreterversammlung<br \/>\n07.04.2003 &#8211; Sitzungsniederschrift und Protokollauszug \u00fcber die Vertreterversammlung<\/p>\n","protected":false},"excerpt":{"rendered":"<p>Selbstverwaltung kommt nicht von selbst In den Delegierten-\/Vertreterversammlungen und in den anderen Organen und Gremien unserer Selbstverwaltungsk\u00f6rperschaften findet nicht nur &#8222;Verwaltungshandeln&#8220; statt, sondern dort wird im Rahmen der Selbstverwaltung auch [&#8230;]<\/p>\n","protected":false},"author":13,"featured_media":0,"comment_status":"open","ping_status":"closed","sticky":false,"template":"","format":"standard","meta":{"ngg_post_thumbnail":0,"iawp_total_views":1,"footnotes":""},"categories":[195],"tags":[],"class_list":["post-2531","post","type-post","status-publish","format-standard","hentry","category-protokolle-kzv-vv"],"_links":{"self":[{"href":"https:\/\/iuzb.de\/index.php?rest_route=\/wp\/v2\/posts\/2531","targetHints":{"allow":["GET"]}}],"collection":[{"href":"https:\/\/iuzb.de\/index.php?rest_route=\/wp\/v2\/posts"}],"about":[{"href":"https:\/\/iuzb.de\/index.php?rest_route=\/wp\/v2\/types\/post"}],"author":[{"embeddable":true,"href":"https:\/\/iuzb.de\/index.php?rest_route=\/wp\/v2\/users\/13"}],"replies":[{"embeddable":true,"href":"https:\/\/iuzb.de\/index.php?rest_route=%2Fwp%2Fv2%2Fcomments&post=2531"}],"version-history":[{"count":13,"href":"https:\/\/iuzb.de\/index.php?rest_route=\/wp\/v2\/posts\/2531\/revisions"}],"predecessor-version":[{"id":19058,"href":"https:\/\/iuzb.de\/index.php?rest_route=\/wp\/v2\/posts\/2531\/revisions\/19058"}],"wp:attachment":[{"href":"https:\/\/iuzb.de\/index.php?rest_route=%2Fwp%2Fv2%2Fmedia&parent=2531"}],"wp:term":[{"taxonomy":"category","embeddable":true,"href":"https:\/\/iuzb.de\/index.php?rest_route=%2Fwp%2Fv2%2Fcategories&post=2531"},{"taxonomy":"post_tag","embeddable":true,"href":"https:\/\/iuzb.de\/index.php?rest_route=%2Fwp%2Fv2%2Ftags&post=2531"}],"curies":[{"name":"wp","href":"https:\/\/api.w.org\/{rel}","templated":true}]}}