{"id":25303,"date":"2018-11-07T22:37:08","date_gmt":"2018-11-07T21:37:08","guid":{"rendered":"http:\/\/iuzb.de\/?p=25303"},"modified":"2018-11-07T22:46:46","modified_gmt":"2018-11-07T21:46:46","slug":"maremueritz-eroeffnung-verschiebt-sich-um-wochen","status":"publish","type":"post","link":"https:\/\/iuzb.de\/?p=25303","title":{"rendered":"Marem\u00fcritz-Er\u00f6ffnung verschiebt sich um Wochen"},"content":{"rendered":"<p>Nordkurier, 07.11.2018:<\/p>\n<p><a href=\"https:\/\/www.nordkurier.de\/mueritz\/maremueritz-eroeffnung-verschiebt-sich-um-wochen-0733655111.html\" target=\"_blank\" rel=\"noopener\">Marem\u00fcritz-Er\u00f6ffnung verschiebt sich um Wochen<\/a><\/p>\n<p>&nbsp;<\/p>\n<p><span style=\"text-decoration: underline;\">Weiterf\u00fchrend:<\/span><\/p>\n<ul>\n<li><a href=\"https:\/\/12-18.com\/projects\/maremueritz\" target=\"_blank\" rel=\"noopener\">12.18. Projekt Marem\u00fcritz<\/a><\/li>\n<li><a href=\"https:\/\/www.maremueritz.de\/\" target=\"_blank\" rel=\"noopener\">Marem\u00fcritz \u2013 Yachthafenresort und Spa<\/a><br \/>\n&#8222;Wir freuen uns, Sie ab dem <a href=\"https:\/\/maremueritz.com\/de\/home\" target=\"_blank\" rel=\"noopener\">31.01.2019<\/a> im Land der tausend Seen in der partiell er\u00f6ffneten Anlage zu begr\u00fc\u00dfen.&#8220;<\/li>\n<\/ul>\n","protected":false},"excerpt":{"rendered":"<p>Nordkurier, 07.11.2018: Marem\u00fcritz-Er\u00f6ffnung verschiebt sich um Wochen &nbsp; Weiterf\u00fchrend: 12.18. Projekt Marem\u00fcritz Marem\u00fcritz \u2013 Yachthafenresort und Spa &#8222;Wir freuen uns, Sie ab dem 31.01.2019 im Land der tausend Seen in [&#8230;]<\/p>\n","protected":false},"author":13,"featured_media":0,"comment_status":"open","ping_status":"closed","sticky":false,"template":"","format":"standard","meta":{"ngg_post_thumbnail":0,"iawp_total_views":3,"footnotes":""},"categories":[77,47],"tags":[],"class_list":["post-25303","post","type-post","status-publish","format-standard","hentry","category-investment-maremueritz","category-versorgungswerk-vzb"],"_links":{"self":[{"href":"https:\/\/iuzb.de\/index.php?rest_route=\/wp\/v2\/posts\/25303","targetHints":{"allow":["GET"]}}],"collection":[{"href":"https:\/\/iuzb.de\/index.php?rest_route=\/wp\/v2\/posts"}],"about":[{"href":"https:\/\/iuzb.de\/index.php?rest_route=\/wp\/v2\/types\/post"}],"author":[{"embeddable":true,"href":"https:\/\/iuzb.de\/index.php?rest_route=\/wp\/v2\/users\/13"}],"replies":[{"embeddable":true,"href":"https:\/\/iuzb.de\/index.php?rest_route=%2Fwp%2Fv2%2Fcomments&post=25303"}],"version-history":[{"count":4,"href":"https:\/\/iuzb.de\/index.php?rest_route=\/wp\/v2\/posts\/25303\/revisions"}],"predecessor-version":[{"id":25307,"href":"https:\/\/iuzb.de\/index.php?rest_route=\/wp\/v2\/posts\/25303\/revisions\/25307"}],"wp:attachment":[{"href":"https:\/\/iuzb.de\/index.php?rest_route=%2Fwp%2Fv2%2Fmedia&parent=25303"}],"wp:term":[{"taxonomy":"category","embeddable":true,"href":"https:\/\/iuzb.de\/index.php?rest_route=%2Fwp%2Fv2%2Fcategories&post=25303"},{"taxonomy":"post_tag","embeddable":true,"href":"https:\/\/iuzb.de\/index.php?rest_route=%2Fwp%2Fv2%2Ftags&post=25303"}],"curies":[{"name":"wp","href":"https:\/\/api.w.org\/{rel}","templated":true}]}}