{"id":25299,"date":"2018-11-06T13:21:08","date_gmt":"2018-11-06T12:21:08","guid":{"rendered":"http:\/\/iuzb.de\/?p=25299"},"modified":"2018-11-06T13:22:04","modified_gmt":"2018-11-06T12:22:04","slug":"eugh-urteil-urlaub-ist-vererbbar","status":"publish","type":"post","link":"https:\/\/iuzb.de\/?p=25299","title":{"rendered":"EuGH-Urteil: Urlaub ist vererbbar"},"content":{"rendered":"<p><span style=\"text-decoration: underline;\">Leitsatz:<\/span><\/p>\n<p><strong>Die Erben eines verstorbenen Arbeitnehmers k\u00f6nnen von dessen ehemaligem Arbeitgeber eine finanzielle Verg\u00fctung f\u00fcr den von dem Arbeitnehmer nicht genommenen bezahlten Jahresurlaub verlangen.<\/strong><\/p>\n<p>Der Anspruch des verstorbenen Arbeitnehmers auf eine finanzielle Verg\u00fctung f\u00fcr nicht genommenen bezahlten Jahresurlaub kann n\u00e4mlich im Wege der Erbfolge auf seine Erben \u00fcbergehen.<\/p>\n<p><span style=\"text-decoration: underline;\">Weiterf\u00fchrend:<\/span><\/p>\n<ul>\n<li>Gerichtshof der Europ\u00e4ischen Union, <a href=\"https:\/\/curia.europa.eu\/jcms\/upload\/docs\/application\/pdf\/2018-11\/cp180164de.pdf\" target=\"_blank\" rel=\"noopener\">Pressemitteilung Nr. 164\/18 vom 06. November 2018<\/a><\/li>\n<li>Spiegel, 06.11.2018: <a href=\"http:\/\/www.spiegel.de\/karriere\/eugh-urteilt-ueber-urlaubsanspruch-urlaub-ist-vererbbar-a-1236915.html\" target=\"_blank\" rel=\"noopener\">EuGH-Urteil: Urlaub ist vererbbar<\/a><\/li>\n<\/ul>\n<p>&nbsp;<\/p>\n<p>&nbsp;<\/p>\n<p>&nbsp;<\/p>\n","protected":false},"excerpt":{"rendered":"<p>Leitsatz: Die Erben eines verstorbenen Arbeitnehmers k\u00f6nnen von dessen ehemaligem Arbeitgeber eine finanzielle Verg\u00fctung f\u00fcr den von dem Arbeitnehmer nicht genommenen bezahlten Jahresurlaub verlangen. Der Anspruch des verstorbenen Arbeitnehmers auf [&#8230;]<\/p>\n","protected":false},"author":13,"featured_media":0,"comment_status":"open","ping_status":"closed","sticky":false,"template":"","format":"standard","meta":{"ngg_post_thumbnail":0,"iawp_total_views":0,"footnotes":""},"categories":[84],"tags":[],"class_list":["post-25299","post","type-post","status-publish","format-standard","hentry","category-eugh"],"_links":{"self":[{"href":"https:\/\/iuzb.de\/index.php?rest_route=\/wp\/v2\/posts\/25299","targetHints":{"allow":["GET"]}}],"collection":[{"href":"https:\/\/iuzb.de\/index.php?rest_route=\/wp\/v2\/posts"}],"about":[{"href":"https:\/\/iuzb.de\/index.php?rest_route=\/wp\/v2\/types\/post"}],"author":[{"embeddable":true,"href":"https:\/\/iuzb.de\/index.php?rest_route=\/wp\/v2\/users\/13"}],"replies":[{"embeddable":true,"href":"https:\/\/iuzb.de\/index.php?rest_route=%2Fwp%2Fv2%2Fcomments&post=25299"}],"version-history":[{"count":2,"href":"https:\/\/iuzb.de\/index.php?rest_route=\/wp\/v2\/posts\/25299\/revisions"}],"predecessor-version":[{"id":25301,"href":"https:\/\/iuzb.de\/index.php?rest_route=\/wp\/v2\/posts\/25299\/revisions\/25301"}],"wp:attachment":[{"href":"https:\/\/iuzb.de\/index.php?rest_route=%2Fwp%2Fv2%2Fmedia&parent=25299"}],"wp:term":[{"taxonomy":"category","embeddable":true,"href":"https:\/\/iuzb.de\/index.php?rest_route=%2Fwp%2Fv2%2Fcategories&post=25299"},{"taxonomy":"post_tag","embeddable":true,"href":"https:\/\/iuzb.de\/index.php?rest_route=%2Fwp%2Fv2%2Ftags&post=25299"}],"curies":[{"name":"wp","href":"https:\/\/api.w.org\/{rel}","templated":true}]}}