{"id":2518,"date":"2014-11-16T20:02:00","date_gmt":"2014-11-16T19:02:00","guid":{"rendered":"http:\/\/www.iuzb.org\/wordpress\/?p=2518"},"modified":"2016-11-23T23:06:32","modified_gmt":"2016-11-23T22:06:32","slug":"vzb-protokolle-vertreterversammlungen","status":"publish","type":"post","link":"https:\/\/iuzb.de\/?p=2518","title":{"rendered":"VZB: Protokolle Vertreterversammlungen"},"content":{"rendered":"<p><span style=\"color: red;\"><strong>Selbstverwaltung kommt nicht von selbst<\/strong><\/span><\/p>\n<p>In den Delegierten-\/Vertreterversammlungen und in den anderen Organen und Gremien unserer Selbstverwaltungsk\u00f6rperschaften findet nicht nur &#8222;Verwaltungshandeln&#8220; statt, sondern dort wird im Rahmen der Selbstverwaltung auch Berufspolitik gestaltet und ausge\u00fcbt. Alle Wahllisten haben damit zu k\u00e4mpfen, dass sich leider zu wenig Kolleginnen und Kollegen f\u00fcr die Geschehnisse in unseren K\u00f6rperschaften interessieren. Die mangelnde Wahlbeteiligung von nur rund 50 % pro Wahl und die fast nicht vorhandene Anzahl an Gastzuschauern an den berufs\u00f6ffentlichen Delegierten- und Vertreterversammlungen ist leider ein trauriger Beleg daf\u00fcr.<\/p>\n<p>Wir, als Opposition, haben dar\u00fcber hinaus noch mit dem Problem zu k\u00e4mpfen, dass unsere Arbeit \u00fcber die offiziellen Medien unserer K\u00f6rperschaften, wie zum Beispiel das MBZ, nicht dargestellt wird und wenn doch, dann lediglich in negativem Zusammenhang. Und dies, obwohl unsere K\u00f6rperschaften eigentlich von Amts wegen dazu verpflichtet sind, im Rahmen der \u00d6ffentlichkeitsarbeit objektiv zu berichten und dabei die Verh\u00e4ltnism\u00e4\u00dfigkeit und die (berufspolitischen) Neutralit\u00e4t zu <a href=\"http:\/\/www.iuzb.org\/wordpress\/?p=2246\" target=\"_blank\">wahren<\/a> und wir nichts anderes tun, als das, wof\u00fcr wir gew\u00e4hlt sind. &#8211; N\u00e4mlich unseren &#8222;Job&#8220; als Opposition zu erledigen.<\/p>\n<p>F\u00fcr alle interessierte Kolleginnen und Kollegen gibt es jedoch eine M\u00f6glichkeit, sich auch objektiviert \u00fcber die berufspolitische Arbeit in unseren Selbstverwaltungen zu informieren: N\u00e4mlich \u00fcber die Original-Protokolle der Delegierten- und Vertreterversammlungen. Hierbei wenden unsere gew\u00e4hlten Mitglieder zum Teil auch sehr viel Zeit auf, um daf\u00fcr zu sorgen, dass diese Protokolle auch richtig und vollst\u00e4ndig sind, wenn unseren Widerspr\u00fcchen auch nicht immer stattgegeben wird. Dieser Zeiteinsatz betraff in der Vergangenheit insbesondere die Vertreterversammlungsprotokolle unserer KZV, wo wir aber k\u00fcnftig auf Besserung hoffen (siehe unseren <a href=\"https:\/\/iuzb.de\/?p=2484\" target=\"_blank\">Appell<\/a> (Seite <a href=\"https:\/\/iuzb.de\/wp-content\/uploads\/2014\/01\/Widerspruch_gegen_VV_Ergebnisprotokoll_vom_24.01.2011.pdf\" target=\"_blank\">2<\/a>) vom 28.01.2011 an die beiden neuen Vorsitzenden der Vertreterversammlung).<\/p>\n<p><span style=\"color: #000000;\">Wir k\u00f6nnen alle Mitgliederinnen und Mitglieder nur bitten, die Protokolle regelm\u00e4\u00dfig zu lesen. Es sind nicht nur die Protokolle der K\u00f6rperschaften &#8211; es sind auch IHRE Protokolle.<\/span><\/p>\n<p>&nbsp;<\/p>\n<p><strong>Versorgungswerk der Zahn\u00e4rztekammer Berlin K.d.\u00f6.R., Protokolle Vertreterversammlungen<\/strong><\/p>\n<p>&nbsp;<\/p>\n<p><strong>.-.-.-.-.-.-.-.-.-.-.-.-.-.-.-.-.-.-.-.-.-.-.-.<br \/>\n<\/strong><\/p>\n<h3>16.11.2014: <a href=\"http:\/\/www.iuzb.org\/wordpress\/?p=10320\" target=\"_blank\">Zugang zu Protokollen k\u00fcnftig nur noch mittels Passwortbarriere \u2013 Wir k\u00f6nnen nun nicht mehr auf die Protokolle verlinken und m\u00fcssen unseren Service leider einstellen.<\/a><\/h3>\n<p>.-.-.-.-.-.-.-.-.-.-.-.-.-.-.-.-.-.-.-.-.-.-.-.<\/p>\n<p>&nbsp;<\/p>\n<p>&nbsp;<\/p>\n<table border=\"0\">\n<tbody>\n<tr>\n<td colspan=\"4\"><strong>3. Amtsperiode ab 2013<\/strong><\/td>\n<\/tr>\n<tr>\n<td>3. Amtsperiode<\/td>\n<td><a href=\"http:\/\/vzberlin.org\/Formulare_PDF\/Protokoll%20VV%202014-03-29%20mit%20Unterschriften%20und%20Anlagen.pdf\" target=\"_blank\">3. Vertreterversammlung<\/a><\/td>\n<td>29.03.2014<\/td>\n<td><\/td>\n<\/tr>\n<tr>\n<td>3. Amtsperiode<\/td>\n<td><a href=\"http:\/\/vzberlin.org\/Archiv\/Protokoll%20VV%202013-11-30%20fertig%20mit%20Unterschriften%20und%20Anlagen.pdf\" target=\"_blank\">2. Vertreterversammlung<\/a><\/td>\n<td>30.11.2013<\/td>\n<td><\/td>\n<\/tr>\n<tr>\n<td>3. Amtsperiode<\/td>\n<td><a href=\"http:\/\/vzberlin.org\/1.%20Ordentlichen%20Vertreterversammlung%20vom%2013.%20April%202013.pdf\" target=\"_blank\">1. Vertreterversammlung<\/a><\/td>\n<td>13.04.2013<\/td>\n<td><\/td>\n<\/tr>\n<tr>\n<td colspan=\"4\"><strong>2. Amtsperiode ab 2011-2012<\/strong><\/td>\n<\/tr>\n<tr>\n<td>2. Amtsperiode<\/td>\n<td><a href=\"http:\/\/vzberlin.org\/Formulare_PDF\/Protokoll%20VV%202012-12-01.pdf\" target=\"_blank\">4<\/a>. Vertreterversammlung<\/td>\n<td>01.12.2012<\/td>\n<td><\/td>\n<\/tr>\n<tr>\n<td>2. Amtsperiode<\/td>\n<td><a href=\"http:\/\/vzberlin.org\/Geschaeftsberichte\/Geschaeftsberichte\/Protokoll%20VV%202012-04-21.pdf\" target=\"_blank\">3<\/a>. Vertreterversammlung<\/td>\n<td>21.04.2012<\/td>\n<td><\/td>\n<\/tr>\n<tr>\n<td>2. Amtsperiode<\/td>\n<td><a href=\"http:\/\/vzberlin.org\/Formulare_PDF\/Protokoll%20VV%202011-11-26.pdf\" target=\"_blank\">2<\/a>. Vertreterversammlung<\/td>\n<td>26.11.2011<\/td>\n<td><\/td>\n<\/tr>\n<tr>\n<td>2. Amtsperiode<\/td>\n<td><a href=\"http:\/\/vzberlin.org\/Formulare_PDF\/1.%20Ordentliche%20Vertreterversammlung%20vom%207.%20Mai%202011.pdf\" target=\"_blank\">1<\/a>. Vertreterversammlung<\/td>\n<td>07.05.2011<\/td>\n<td><\/td>\n<\/tr>\n<tr>\n<td colspan=\"4\"><strong>1. Amtsperiode 2007-2011<\/strong><\/td>\n<\/tr>\n<tr>\n<td>1. Amtsperiode<\/td>\n<td><a href=\"http:\/\/vzberlin.org\/Geschaeftsberichte\/Geschaeftsberichte\/Protokoll%20VV%202011-01-08.pdf\" target=\"_blank\">11<\/a>. Vertreterversammlung<\/td>\n<td>08.01.2011<\/td>\n<td><\/td>\n<\/tr>\n<tr>\n<td>1. Amtsperiode<\/td>\n<td><a href=\"http:\/\/vzberlin.org\/Formulare_PDF\/10.%20Ordentliche%20Vertreterversammlung%20vom%2027.%20November%202010%20-%20Korrektur.pdf\" target=\"_blank\">10<\/a>. Vertreterversammlung<\/td>\n<td>27.11.2010 Korrektur<\/td>\n<td><\/td>\n<\/tr>\n<tr>\n<td>1. Amtsperiode<\/td>\n<td><a href=\"http:\/\/vzberlin.org\/Formulare_PDF\/10.%20Ordentliche%20Vertreterversammlung%20vom%2027.%20November%202010.pdf\" target=\"_blank\">10<\/a>. Vertreterversammlung<\/td>\n<td>27.11.2010<\/td>\n<td><\/td>\n<\/tr>\n<tr>\n<td>1. Amtsperiode<\/td>\n<td><a href=\"http:\/\/vzberlin.org\/Geschaeftsberichte\/Geschaeftsberichte\/Protokoll%20VV%202010-03-20.pdf\" target=\"_blank\">9<\/a>. Vertreterversammlung<\/td>\n<td>20.03.2010<\/td>\n<td><\/td>\n<\/tr>\n<tr>\n<td>1. Amtsperiode<\/td>\n<td><a href=\"http:\/\/vzberlin.org\/Geschaeftsberichte\/Geschaeftsberichte\/Protokoll%20VV%202009-11-28.pdf\" target=\"_blank\">8<\/a>. Vertreterversammlung<\/td>\n<td>28.11.2009<\/td>\n<td><\/td>\n<\/tr>\n<tr>\n<td>1. Amtsperiode<\/td>\n<td><a href=\"http:\/\/vzberlin.org\/Geschaeftsberichte\/Geschaeftsberichte\/Protokoll%20VV%2028.03.2009.pdf\" target=\"_blank\">7<\/a>. Vertreterversammlung<\/td>\n<td>28.03.2009<\/td>\n<td><\/td>\n<\/tr>\n<tr>\n<td>1. Amtsperiode<\/td>\n<td><a href=\"http:\/\/vzberlin.org\/Geschaeftsberichte\/Geschaeftsberichte\/Protokoll%20VV%202008-11-29.pdf\" target=\"_blank\">6<\/a>. Vertreterversammlung<\/td>\n<td>29.11.2008<\/td>\n<td><\/td>\n<\/tr>\n<tr>\n<td>1. Amtsperiode<\/td>\n<td><a href=\"http:\/\/vzberlin.org\/Geschaeftsberichte\/Geschaeftsberichte\/VV%20Protokoll%2023%2002%202008%20komplett.pdf\" target=\"_blank\">5<\/a>. Vertreterversammlung<\/td>\n<td>23.02.2008<\/td>\n<td><\/td>\n<\/tr>\n<tr>\n<td>1. Amtsperiode<\/td>\n<td><a href=\"http:\/\/vzberlin.org\/Geschaeftsberichte\/Geschaeftsberichte\/VV%20Protokoll%2012%2012%202007.pdf\" target=\"_blank\">4<\/a>. Vertreterversammlung<\/td>\n<td>12.12.2007<\/td>\n<td><\/td>\n<\/tr>\n<tr>\n<td>1. Amtsperiode<\/td>\n<td><a href=\"http:\/\/vzberlin.org\/Geschaeftsberichte\/Geschaeftsberichte\/3.%20Ordentliche%20Vertreterversammlung%20vom%2010.%20November%202007.pdf\" target=\"_blank\">3<\/a>. Vertreterversammlung<\/td>\n<td>10.11.2007<\/td>\n<td><\/td>\n<\/tr>\n<tr>\n<td>1. Amtsperiode<\/td>\n<td><a href=\"http:\/\/vzberlin.org\/Geschaeftsberichte\/Geschaeftsberichte\/Protokoll%20der%20Vertreterversammlung%20vom%208.%20September%202007.pdf\" target=\"_blank\">2<\/a>. Vertreterversammlung<\/td>\n<td>08.09.2007<\/td>\n<td><\/td>\n<\/tr>\n<tr>\n<td>1. Amtsperiode<\/td>\n<td><a href=\"http:\/\/vzberlin.org\/Geschaeftsberichte\/Geschaeftsberichte\/Protokoll%20der%20Vertreterversammlung%20vom%2012.%20Mai%202007.pdf\" target=\"_blank\">1<\/a>. Vertreterversammlung<\/td>\n<td>12.05.2007<\/td>\n<td><\/td>\n<\/tr>\n<\/tbody>\n<\/table>\n","protected":false},"excerpt":{"rendered":"<p>Selbstverwaltung kommt nicht von selbst In den Delegierten-\/Vertreterversammlungen und in den anderen Organen und Gremien unserer Selbstverwaltungsk\u00f6rperschaften findet nicht nur &#8222;Verwaltungshandeln&#8220; statt, sondern dort wird im Rahmen der Selbstverwaltung auch [&#8230;]<\/p>\n","protected":false},"author":13,"featured_media":0,"comment_status":"closed","ping_status":"closed","sticky":false,"template":"","format":"standard","meta":{"ngg_post_thumbnail":0,"iawp_total_views":3,"footnotes":""},"categories":[197,47],"tags":[],"class_list":["post-2518","post","type-post","status-publish","format-standard","hentry","category-protokolle-vzb-vv","category-versorgungswerk-vzb"],"_links":{"self":[{"href":"https:\/\/iuzb.de\/index.php?rest_route=\/wp\/v2\/posts\/2518","targetHints":{"allow":["GET"]}}],"collection":[{"href":"https:\/\/iuzb.de\/index.php?rest_route=\/wp\/v2\/posts"}],"about":[{"href":"https:\/\/iuzb.de\/index.php?rest_route=\/wp\/v2\/types\/post"}],"author":[{"embeddable":true,"href":"https:\/\/iuzb.de\/index.php?rest_route=\/wp\/v2\/users\/13"}],"replies":[{"embeddable":true,"href":"https:\/\/iuzb.de\/index.php?rest_route=%2Fwp%2Fv2%2Fcomments&post=2518"}],"version-history":[{"count":4,"href":"https:\/\/iuzb.de\/index.php?rest_route=\/wp\/v2\/posts\/2518\/revisions"}],"predecessor-version":[{"id":16367,"href":"https:\/\/iuzb.de\/index.php?rest_route=\/wp\/v2\/posts\/2518\/revisions\/16367"}],"wp:attachment":[{"href":"https:\/\/iuzb.de\/index.php?rest_route=%2Fwp%2Fv2%2Fmedia&parent=2518"}],"wp:term":[{"taxonomy":"category","embeddable":true,"href":"https:\/\/iuzb.de\/index.php?rest_route=%2Fwp%2Fv2%2Fcategories&post=2518"},{"taxonomy":"post_tag","embeddable":true,"href":"https:\/\/iuzb.de\/index.php?rest_route=%2Fwp%2Fv2%2Ftags&post=2518"}],"curies":[{"name":"wp","href":"https:\/\/api.w.org\/{rel}","templated":true}]}}