{"id":25171,"date":"2018-10-21T09:55:19","date_gmt":"2018-10-21T07:55:19","guid":{"rendered":"http:\/\/iuzb.de\/?p=25171"},"modified":"2025-09-05T21:26:18","modified_gmt":"2025-09-05T19:26:18","slug":"in-der-buchhaltung-verschwinden-330-000-euro-unklare-deals-bei-den-gleichwertigkeitspruefungen-fuer-gefluechtete-kolleginnen-und-kollegen-was-ist-los-im-philipp-pfaff-institut","status":"publish","type":"post","link":"https:\/\/iuzb.de\/?p=25171","title":{"rendered":"In der Buchhaltung verschwinden 330.000 Euro, unklare Deals bei den Gleichwertigkeitspr\u00fcfungen f\u00fcr gefl\u00fcchtete Kolleginnen und Kollegen. Was ist los im Philipp-Pfaff-Institut?"},"content":{"rendered":"<p style=\"text-align: justify;\"><span style=\"font-family: arial, helvetica, sans-serif; font-size: 12pt;\"><strong>SKANDAL im PPI<\/strong><\/span><\/p>\n<p style=\"text-align: justify;\"><span style=\"font-family: arial, helvetica, sans-serif; font-size: 12pt;\">Die aufgrund von Falschangaben ins Zwielicht geratene Gesch\u00e4ftsf\u00fchrung des <a href=\"https:\/\/www.pfaff-berlin.de\" target=\"_blank\" rel=\"noopener noreferrer\">Philipp-Pfaff-Institut<\/a> (PPI), kommt ihren Pr\u00fcfungspflichten \u00fcber mindestens 11 Jahre nicht ausreichend nach \u2013 mehr als 330.000 Euro verschwinden in der Buchhaltung. Erst eine Anfang des Jahres 2018 erfolgte Steuerpr\u00fcfung brachte den Stein ins Rollen. Die Staatsanwaltschaft ermittelt gegen eine Buchhalterin.<\/span><\/p>\n<p style=\"text-align: justify;\"><span style=\"font-family: arial, helvetica, sans-serif; font-size: 12pt;\"><strong>Fragen und Aufkl\u00e4rung unerw\u00fcnscht<\/strong><\/span><\/p>\n<p style=\"text-align: justify;\"><span style=\"font-family: arial, helvetica, sans-serif; font-size: 12pt;\">Auf der <a href=\"https:\/\/iuzb.de\/wp-content\/uploads\/2018\/10\/2018-09-28-Einladung-8.-DV-18-Okt-2018.pdf\" target=\"_blank\" rel=\"noopener noreferrer\">Delegiertenversammlung<\/a> vom 18. Oktober 2018 sollte der Bericht des Sonderpr\u00fcfers einer Wirtschaftspr\u00fcfungsgesellschaft die Delegierten \u00fcber die Hintergr\u00fcnde dieses seit Monaten schwelenden Betrugsfalles informieren.<\/span><\/p>\n<p style=\"text-align: justify;\"><span style=\"font-family: arial, helvetica, sans-serif; font-size: 12pt;\">Fest steht, dass es der Buchhalterin \u00fcber Jahre m\u00f6glich war, durch Manipulationen von Rechnungen und Gutschriften erhebliche Betr\u00e4ge auf ihr eigenes Konto zu transferieren. Wie dies trotz des angeblich praktizierten Vieraugenprinzips geschehen konnte, sollte von der Pr\u00fcfungsfirma eruiert und den Delegierten erl\u00e4utert werden.<\/span><\/p>\n<p style=\"text-align: justify;\"><span style=\"font-family: arial, helvetica, sans-serif; font-size: 12pt;\">Ausdr\u00fccklich hatte der Sonderpr\u00fcfer die Delegierten darum gebeten, dass Zwischenfragen zu seinen Vortrag sofort gestellt werden und ihm so die Gelegenheit zur unmittelbaren Antwort gegeben wird.<\/span><\/p>\n<p style=\"text-align: justify;\"><span style=\"font-family: arial, helvetica, sans-serif; font-size: 12pt;\">Die Fragen erfolgten \u00fcberwiegend durch die Delegierten der IUZB und der Fraktion Gesundheit.<\/span><\/p>\n<p style=\"text-align: justify;\"><span style=\"font-family: arial, helvetica, sans-serif; font-size: 12pt;\">Als immer mehr Details eines offensichtlichen Kontrollversagens der Gesch\u00e4ftsf\u00fchrung des PPI erfragt wurden, stellte der Kollege Bertram Steiner (<a href=\"https:\/\/www.fvdz.de\/vorstand-berlin.html\" target=\"_blank\" rel=\"noopener noreferrer\">FVDZ Landesvorstand<\/a>) den Antrag, weitere Nachfragen an den Wirtschaftspr\u00fcfer erst am Ende des Vortrages zuzulassen.<\/span><\/p>\n<p style=\"text-align: justify;\"><span style=\"font-family: arial, helvetica, sans-serif; font-size: 12pt;\">Da sich einige Kolleginnen und Kollegen ihr Fragerecht auf diese Weise aber nicht nehmen lassen wollten und am Ende des Vortrages eher noch deutlicher die Unzul\u00e4nglichkeit des Handelns der Gesch\u00e4ftsf\u00fchrung erfragte, zog der Kollege Karsten Geist (<a href=\"https:\/\/www.fvdz.de\/vorstand-berlin.html\" target=\"_blank\" rel=\"noopener noreferrer\">ebenfalls FVDZ Landesvorstand<\/a> und <a href=\"https:\/\/www.kzv-berlin.de\/kzv-berlin\/organe-und-struktur\/vorstand.html\" target=\"_blank\" rel=\"noopener noreferrer\">Vorstandsmitglied der KZV Berlin<\/a>) die ultimative Notbremse und stellte den Antrag auf Schluss der Debatte.<\/span><\/p>\n<p style=\"text-align: justify;\"><span style=\"font-family: arial, helvetica, sans-serif; font-size: 12pt;\">Dass er sich hierbei auf die Zustimmung der Mehrheit der Delegierten des Verbandes der Zahn\u00e4rzte von Berlin und des Freien Verbandes Deutscher Zahn\u00e4rzte verlassen konnte, \u00fcberraschte niemanden wirklich.<\/span><\/p>\n<p style=\"text-align: justify;\"><span style=\"font-family: arial, helvetica, sans-serif; font-size: 12pt;\">Dass auch der Vorstand der Zahn\u00e4rztekammer von seinem im Vorfeld der Versammlung, sowohl vom Vorstandsvorsitzenden Dr. Heegewaldt, als auch dem Gesch\u00e4ftsf\u00fchrer Dr. Fischdick, gegebenen Versprechen nach l\u00fcckenloser Aufkl\u00e4rung abr\u00fccken w\u00fcrden, hatte sich bereits einige Tage zuvor abgezeichnet.<\/span><\/p>\n<p style=\"text-align: justify;\"><span style=\"font-family: arial, helvetica, sans-serif; font-size: 12pt;\">Mit der schriftlichen Mitteilung des Kammergesch\u00e4ftsf\u00fchrers vom 12. Oktober 2018:<\/span><\/p>\n<blockquote><p><span style=\"font-family: arial, helvetica, sans-serif; font-size: 12pt;\"><a href=\"https:\/\/iuzb.de\/wp-content\/uploads\/2018\/10\/2018-10-12-ZAEK-an-Delegierten-Klutke.pdf\" target=\"_blank\" rel=\"noopener noreferrer\">&#8222;Eine gesonderte Einsichtnahme in die Belege ist zur Zeit nicht m\u00f6glich und kann nicht gew\u00e4hrt werden.\u201c<\/a><\/span><\/p><\/blockquote>\n<p style=\"text-align: justify;\"><span style=\"font-family: arial, helvetica, sans-serif; font-size: 12pt;\">wurde klargestellt, dass der Forderung nach kursbezogener Auflistung aller Belege nicht entsprochen werden w\u00fcrde.<\/span><\/p>\n<p style=\"text-align: justify;\"><span style=\"font-family: arial, helvetica, sans-serif; font-size: 12pt;\">Damit war die Katze aus dem Sack und es muss bezweifelt werden, dass diese Absicht \u00fcberhaupt jemals ernsthaft bestanden hat.<\/span><\/p>\n<p style=\"text-align: justify;\"><span style=\"font-family: arial, helvetica, sans-serif; font-size: 12pt;\">Die jetzt in aller Hektik eingeleiteten sogenannten \u201e<em>Sicherungsma\u00dfnahmen<\/em>\u201c deuten darauf hin, dass nun mit allen Mitteln der Versuch unternommen wird, das tats\u00e4chliche Ausma\u00df des Skandals zu verschleiern.<\/span><\/p>\n<p style=\"text-align: justify;\"><span style=\"font-family: arial, helvetica, sans-serif; font-size: 12pt;\">Fest steht, dass die Kostenkalkulation diverser, u.a. mit \u00f6ffentlichen Mitteln, finanzierter Fortbildungskurse weder von dem beauftragten Steuerb\u00fcro, noch von dem Sonderpr\u00fcfer anhand von Belegen kursbezogen nachvollziehbar sind.<\/span><\/p>\n<p style=\"text-align: justify;\"><span style=\"font-family: arial, helvetica, sans-serif; font-size: 12pt;\">Fest steht auch, dass sich die Gesch\u00e4ftsf\u00fchrung schon lange Ratschl\u00e4gen zur Schaffung von mehr Abrechnungstransparenz widersetzte und auf diese Weise den Betrug und den Verlust erst m\u00f6glich machte.<\/span><\/p>\n<p style=\"text-align: justify;\"><span style=\"font-family: arial, helvetica, sans-serif; font-size: 12pt;\">Dass die Vorst\u00e4nde der Zahn\u00e4rztekammer Berlin und Brandenburg weiterhin an der Gesch\u00e4ftsf\u00fchrung des PPI festhalten, l\u00e4sst den schlimmen Verdacht aufkommen, dass hier von der eigenen Verantwortung bei der Kontrolle der Gesch\u00e4ftsf\u00fchrung des PPI abgelenkt werden soll.<\/span><\/p>\n<p style=\"text-align: justify;\"><span style=\"font-family: arial, helvetica, sans-serif; font-size: 12pt;\"><strong>Die IUZB verlangt l\u00fcckenlose Aufkl\u00e4rung\u2026.<\/strong><\/span><\/p>\n<p style=\"text-align: justify;\"><span style=\"font-family: arial, helvetica, sans-serif; font-size: 12pt;\">\u2026und dass die Vorst\u00e4nde und Gesch\u00e4ftsf\u00fchrungen nicht das GmbH-Gesetz als Abwehrschild gegen Transparenz vor sich hertragen, dass PPI geh\u00f6rt schlie\u00dflich der Berliner und Brandenburger Zahn\u00e4rzteschaft. Denn sonst k\u00f6nnte eine schlimme logische Schlussfolgerung irgendwann lauten: \u201eDas Philipp-Pfaff-Institut muss aufgel\u00f6st werden!\u201c<\/span><\/p>\n<p style=\"text-align: justify;\"><span style=\"font-family: arial, helvetica, sans-serif; font-size: 12pt;\">Leider zahlt es sich f\u00fcr die Kollegenschaft jetzt wieder einmal negativ aus, dass die beiden in unseren K\u00f6rperschaften machthabenden Verb\u00e4nde und deren willige Helfer alles daran setzen, <a href=\"https:\/\/iuzb.de\/?p=19763\" target=\"_blank\" rel=\"noopener noreferrer\">die IUZB in der Kammer<\/a> \u2013 und auch im Versorgungswerk, daran sei hier erinnert \u2013 aus allen Kontrollorganen herauszuhalten.<\/span><\/p>\n<p style=\"text-align: justify;\"><span style=\"font-family: arial, helvetica, sans-serif; font-size: 12pt;\"><strong>Warum wohl?<\/strong><\/span><\/p>\n<p style=\"text-align: justify;\">&nbsp;<\/p>\n<p style=\"text-align: justify;\"><span style=\"font-family: arial, helvetica, sans-serif; font-size: 12pt;\"><img loading=\"lazy\" decoding=\"async\" class=\"alignleft size-full wp-image-16500\" src=\"https:\/\/iuzb.de\/wp-content\/uploads\/2013\/08\/Gerhard-Gneist-klein-150.jpg\" alt=\"\" width=\"150\" height=\"200\"><\/span><\/p>\n<p style=\"text-align: justify;\">&nbsp;<\/p>\n<p style=\"text-align: justify;\"><span style=\"font-family: arial, helvetica, sans-serif; font-size: 12pt;\"><strong>Gerhard Gneist<\/strong><\/span><\/p>\n<p style=\"text-align: justify;\"><span style=\"font-family: arial, helvetica, sans-serif; font-size: 12pt;\">Mitglied der Delegiertenversammlung<\/span><\/p>\n<ol style=\"text-align: justify;\">\n<li><span style=\"font-family: arial, helvetica, sans-serif; font-size: 12pt;\">Vorsitzender Wahlliste IUZB e.V.<\/span><\/li>\n<\/ol>\n<p style=\"text-align: justify;\">&nbsp;<\/p>\n<p style=\"text-align: justify;\">&nbsp;<\/p>\n<p style=\"text-align: justify;\">&nbsp;<\/p>\n<p style=\"text-align: justify;\"><span style=\"text-decoration: underline; font-family: arial, helvetica, sans-serif; font-size: 12pt;\">Weiterf\u00fchrend:<\/span><\/p>\n<ul style=\"text-align: justify;\">\n<li><span style=\"font-family: arial, helvetica, sans-serif; font-size: 12pt;\">Abgeordnetenhaus: <a href=\"https:\/\/iuzb.de\/?p=25141\" target=\"_blank\" rel=\"noopener noreferrer\">H\u00fcrden auf dem Weg zur Approbation bei Zahn\u00e4rzt*innen mit ausl\u00e4ndischen Abschl\u00fcsen I<\/a><\/span><\/li>\n<li><span style=\"font-family: arial, helvetica, sans-serif; font-size: 12pt;\">Abgeordnetenhaus: Fortsetzung folgt&#8230;<\/span><\/li>\n<\/ul>\n<p style=\"text-align: justify;\">&nbsp;<\/p>\n","protected":false},"excerpt":{"rendered":"<p>SKANDAL im PPI Die aufgrund von Falschangaben ins Zwielicht geratene Gesch\u00e4ftsf\u00fchrung des Philipp-Pfaff-Institut (PPI), kommt ihren Pr\u00fcfungspflichten \u00fcber mindestens 11 Jahre nicht ausreichend nach \u2013 mehr als 330.000 Euro verschwinden [&#8230;]<\/p>\n","protected":false},"author":8,"featured_media":25199,"comment_status":"open","ping_status":"closed","sticky":false,"template":"","format":"standard","meta":{"ngg_post_thumbnail":0,"iawp_total_views":44,"footnotes":""},"categories":[242,260],"tags":[],"class_list":["post-25171","post","type-post","status-publish","format-standard","has-post-thumbnail","hentry","category-infobriefe","category-philipp-pfaff-institut-zahnaerztekammer-berlin"],"_links":{"self":[{"href":"https:\/\/iuzb.de\/index.php?rest_route=\/wp\/v2\/posts\/25171","targetHints":{"allow":["GET"]}}],"collection":[{"href":"https:\/\/iuzb.de\/index.php?rest_route=\/wp\/v2\/posts"}],"about":[{"href":"https:\/\/iuzb.de\/index.php?rest_route=\/wp\/v2\/types\/post"}],"author":[{"embeddable":true,"href":"https:\/\/iuzb.de\/index.php?rest_route=\/wp\/v2\/users\/8"}],"replies":[{"embeddable":true,"href":"https:\/\/iuzb.de\/index.php?rest_route=%2Fwp%2Fv2%2Fcomments&post=25171"}],"version-history":[{"count":32,"href":"https:\/\/iuzb.de\/index.php?rest_route=\/wp\/v2\/posts\/25171\/revisions"}],"predecessor-version":[{"id":48560,"href":"https:\/\/iuzb.de\/index.php?rest_route=\/wp\/v2\/posts\/25171\/revisions\/48560"}],"wp:featuredmedia":[{"embeddable":true,"href":"https:\/\/iuzb.de\/index.php?rest_route=\/wp\/v2\/media\/25199"}],"wp:attachment":[{"href":"https:\/\/iuzb.de\/index.php?rest_route=%2Fwp%2Fv2%2Fmedia&parent=25171"}],"wp:term":[{"taxonomy":"category","embeddable":true,"href":"https:\/\/iuzb.de\/index.php?rest_route=%2Fwp%2Fv2%2Fcategories&post=25171"},{"taxonomy":"post_tag","embeddable":true,"href":"https:\/\/iuzb.de\/index.php?rest_route=%2Fwp%2Fv2%2Ftags&post=25171"}],"curies":[{"name":"wp","href":"https:\/\/api.w.org\/{rel}","templated":true}]}}