{"id":25093,"date":"2018-09-28T10:07:47","date_gmt":"2018-09-28T08:07:47","guid":{"rendered":"http:\/\/iuzb.de\/?p=25093"},"modified":"2018-09-28T10:09:04","modified_gmt":"2018-09-28T08:09:04","slug":"zahnaerzte-empfehlen-mehr-fluorid-fuer-vorschulkinder","status":"publish","type":"post","link":"https:\/\/iuzb.de\/?p=25093","title":{"rendered":"Zahn\u00e4rzte empfehlen mehr Fluorid f\u00fcr Vorschulkinder"},"content":{"rendered":"<p>Spiegel, 27.09.2018: <a href=\"http:\/\/www.spiegel.de\/gesundheit\/schwangerschaft\/zahnpflege-experten-fordern-mehr-fluorid-in-kinderzahncremes-a-1230115.html\" target=\"_blank\" rel=\"noopener\">Zahn\u00e4rzte empfehlen mehr Fluorid f\u00fcr Vorschulkinder<\/a><\/p>\n<p>Hingegen:<\/p>\n<p>M\u00fcnster Journal, 28.08.2018: <a href=\"https:\/\/muenster-journal.de\/2018\/09\/hat-ihr-kind-auch-milchzahnkaries\/\" target=\"_blank\" rel=\"noopener\">Hat Ihr Kind auch Milchzahnkaries<\/a><\/p>\n<blockquote><p>Eltern sind verunsichert, weil Kinder- und Zahn\u00e4rzte uneinheitliche Empfehlungen f\u00fcr die richtige Zahnpflege geben:<\/p>\n<p><a href=\"https:\/\/www.bfr.bund.de\/cm\/343\/fuer-gesunde-zaehne-fluorid-vorbeugung-bei-saeuglingen-und-kleinkindern.pdf\" target=\"_blank\" rel=\"noopener\">Stellungnahme Nr. 015\/2018<\/a> des Bundesinstituts f\u00fcr Risikobewertung vom 31.05.2018: F\u00fcr gesunde Z\u00e4hne: Fluorid-Vorbeugung bei S\u00e4uglingen und Kleinkindern<\/p><\/blockquote>\n<p><span style=\"color: #ffffff;\">.<\/span><\/p>\n<p>&nbsp;<\/p>\n","protected":false},"excerpt":{"rendered":"<p>Spiegel, 27.09.2018: Zahn\u00e4rzte empfehlen mehr Fluorid f\u00fcr Vorschulkinder Hingegen: M\u00fcnster Journal, 28.08.2018: Hat Ihr Kind auch Milchzahnkaries Eltern sind verunsichert, weil Kinder- und Zahn\u00e4rzte uneinheitliche Empfehlungen f\u00fcr die richtige Zahnpflege [&#8230;]<\/p>\n","protected":false},"author":13,"featured_media":0,"comment_status":"open","ping_status":"closed","sticky":false,"template":"","format":"standard","meta":{"ngg_post_thumbnail":0,"iawp_total_views":0,"footnotes":""},"categories":[188],"tags":[],"class_list":["post-25093","post","type-post","status-publish","format-standard","hentry","category-medizin"],"_links":{"self":[{"href":"https:\/\/iuzb.de\/index.php?rest_route=\/wp\/v2\/posts\/25093","targetHints":{"allow":["GET"]}}],"collection":[{"href":"https:\/\/iuzb.de\/index.php?rest_route=\/wp\/v2\/posts"}],"about":[{"href":"https:\/\/iuzb.de\/index.php?rest_route=\/wp\/v2\/types\/post"}],"author":[{"embeddable":true,"href":"https:\/\/iuzb.de\/index.php?rest_route=\/wp\/v2\/users\/13"}],"replies":[{"embeddable":true,"href":"https:\/\/iuzb.de\/index.php?rest_route=%2Fwp%2Fv2%2Fcomments&post=25093"}],"version-history":[{"count":3,"href":"https:\/\/iuzb.de\/index.php?rest_route=\/wp\/v2\/posts\/25093\/revisions"}],"predecessor-version":[{"id":25096,"href":"https:\/\/iuzb.de\/index.php?rest_route=\/wp\/v2\/posts\/25093\/revisions\/25096"}],"wp:attachment":[{"href":"https:\/\/iuzb.de\/index.php?rest_route=%2Fwp%2Fv2%2Fmedia&parent=25093"}],"wp:term":[{"taxonomy":"category","embeddable":true,"href":"https:\/\/iuzb.de\/index.php?rest_route=%2Fwp%2Fv2%2Fcategories&post=25093"},{"taxonomy":"post_tag","embeddable":true,"href":"https:\/\/iuzb.de\/index.php?rest_route=%2Fwp%2Fv2%2Ftags&post=25093"}],"curies":[{"name":"wp","href":"https:\/\/api.w.org\/{rel}","templated":true}]}}