{"id":25050,"date":"2018-09-19T12:11:38","date_gmt":"2018-09-19T10:11:38","guid":{"rendered":"http:\/\/iuzb.de\/?p=25050"},"modified":"2018-10-03T08:28:41","modified_gmt":"2018-10-03T06:28:41","slug":"kv-berlin-unterstuetzt-petition-zur-fristverlaengerung-und-ruft-berliner-aerzte-zum-unterzeichnen-auf","status":"publish","type":"post","link":"https:\/\/iuzb.de\/?p=25050","title":{"rendered":"TI: KV Berlin unterst\u00fctzt Petition zur Fristverl\u00e4ngerung und ruft Berliner \u00c4rzte zum Unterzeichnen auf"},"content":{"rendered":"<p>&#8211; <a href=\"https:\/\/epetitionen.bundestag.de\/petitionen\/_2018\/_08\/_22\/Petition_83509.nc.html\" target=\"_blank\" rel=\"noopener\">Hier geht es direkt zur Bundestags-Petition<\/a> \/ Termin: 10.10.2018 &#8211;<\/p>\n<p style=\"text-align: justify;\">Die Kassen\u00e4rztliche Vereinigung (KV) Berlin freut sich \u00fcber die 1000. Praxis in der Hauptstadt, die seit Dezember vergangenen Jahres an die Telematikinfrastruktur (TI) angeschlossen wurde. \u201eDas ist ein sehr gutes Ergebnis, wenn man bedenkt, unter welch schwierigen Umst\u00e4nden der Anschluss bisher nur m\u00f6glich war\u201c, lobt die KV-Vorstandsvorsitzende Dr. Margret Stennes das Engagement der Berliner \u00c4rzte und Psychotherapeuten. Das Interesse an einem z\u00fcgigen TI-Anschluss und dem damit m\u00f6glichen Zugang zu einer sektor\u00fcbergreifenden Online-Kommunikation sei bei den Berliner Niedergelassenen durchweg gro\u00df.<\/p>\n<p style=\"text-align: justify;\">Stennes macht aber auch klar, dass von den insgesamt rund 6500 Berliner Praxen schon weitaus mehr an die TI angeschlossen sein k\u00f6nnten, wenn die ben\u00f6tigten Ger\u00e4te rechtzeitig zur Verf\u00fcgung gestanden h\u00e4tten. \u201eEs ist seit langem kein Geheimnis mehr, dass die Anbieter der Konnektoren Produktions- und Lieferschwierigkeiten haben, doch die Politik hat sich noch keinen Zentimeter weiter bewegt\u201c, sagt sie. Viele Praxisinhaber h\u00e4tten bereits ihre Praxisausweise beantragt und Vorkehrungen f\u00fcr einen z\u00fcgigen TI-Anschluss getroffen, h\u00e4ngen aber aktuell in der Warteschleife der Anbieter. \u201eDie Berliner \u00c4rzte haben ihre Hausaufgaben gemacht und die KV Berlin hat f\u00fcr eine schnelle Kostenerstattung gesorgt. An uns liegt es also nicht.\u201c<\/p>\n<p style=\"text-align: justify;\">Vor diesem Hintergrund appelliert die KV Berlin noch einmal eindringlich an den Gesetzgeber, von den angek\u00fcndigten Sanktionen ab dem 1. Januar 2019 Abstand zu nehmen und den Vertrags\u00e4rzten und Vertragspsychotherapeuten ausreichend Zeit f\u00fcr ihren TI-Anschluss zu geben. Die KV Berlin sehe in der TI und der dadurch m\u00f6glichen Vernetzung aller Beteiligten im Gesundheitswesen viele Chancen, so Stennes, m\u00f6chte aber auch gesichert wissen, dass sich der Folgeaufwand f\u00fcr die Praxen so gering wie m\u00f6glich h\u00e4lt. Hinzu komme, dass die Praxen aktuell auf verschiedenen Baustellen gefordert sind. So sei neben der TI aktuell zum Beispiel die Umsetzung der EU-Datenschutzgrundverordnung eine gro\u00dfe Herausforderung.<\/p>\n<blockquote>\n<p style=\"text-align: justify;\">\u201eDie KV Berlin unterst\u00fctzt daher aktiv die zur Fristverl\u00e4ngerung eingereichte Online-Petition<strong>*<\/strong> der Vorsitzenden der Vertreterversammlung der Kassen\u00e4rztlichen Bundesvereinigung\u00a0 beim Deutschen Bundestag und hat alle in der Niederlassung t\u00e4tigen Berliner \u00c4rzte und Psychotherapeuten sowie von der TI tangierte Personenkreise aufgerufen, diese Petition zu unterzeichnen\u201c,<\/p>\n<\/blockquote>\n<p style=\"text-align: justify;\">so Stennes abschlie\u00dfend.<\/p>\n<p>&nbsp;<\/p>\n<p style=\"text-align: justify;\"><strong>*<\/strong>Die Petition \u201eKassenarztrecht \u2013 Fristverl\u00e4ngerung nach \u00a7 291 Abs. 2b Satz 14 SGB V f\u00fcr verpflichtende Praxen-Anbindung an die Telematikinfrastruktur\u201c kann online oder per schriftlichem Eintrag in Listen unterzeichnet werden. Ziel ist es, innerhalb von vier Wochen (bis zum 10. Oktober) 50.000 Mitzeichner zu gewinnen. Erst dann besteht die M\u00f6glichkeit, das Anliegen der \u00c4rzteschaft vor den Abgeordneten des Petitionsausschusses vorzutragen.<\/p>\n<p style=\"text-align: justify;\">Die Petition wurde registriert mit der Nummer 83509 und findet sich online unter:<\/p>\n<ul>\n<li style=\"text-align: justify;\"><a href=\"https:\/\/epetitionen.bundestag.de\/petitionen\/_2018\/_08\/_22\/Petition_83509.nc.html\" target=\"_blank\" rel=\"noopener\"><span style=\"font-size: 12pt;\">https:\/\/epetitionen.bundestag.de\/petitionen\/_2018\/_08\/_22\/Petition_83509.nc.html<\/span><\/a><\/li>\n<\/ul>\n<p>&nbsp;<\/p>\n<p>Quelle: KV Berlin, <a href=\"https:\/\/www.kvberlin.de\/40presse\/10pressemitteilung\/pe180919.html\" target=\"_blank\" rel=\"noopener\">Pressemitteilung vom 19.09.2018<\/a><\/p>\n","protected":false},"excerpt":{"rendered":"<p>&#8211; Hier geht es direkt zur Bundestags-Petition \/ Termin: 10.10.2018 &#8211; Die Kassen\u00e4rztliche Vereinigung (KV) Berlin freut sich \u00fcber die 1000. Praxis in der Hauptstadt, die seit Dezember vergangenen Jahres [&#8230;]<\/p>\n","protected":false},"author":13,"featured_media":0,"comment_status":"open","ping_status":"closed","sticky":false,"template":"","format":"standard","meta":{"ngg_post_thumbnail":0,"iawp_total_views":0,"footnotes":""},"categories":[252],"tags":[],"class_list":["post-25050","post","type-post","status-publish","format-standard","hentry","category-telematik"],"_links":{"self":[{"href":"https:\/\/iuzb.de\/index.php?rest_route=\/wp\/v2\/posts\/25050","targetHints":{"allow":["GET"]}}],"collection":[{"href":"https:\/\/iuzb.de\/index.php?rest_route=\/wp\/v2\/posts"}],"about":[{"href":"https:\/\/iuzb.de\/index.php?rest_route=\/wp\/v2\/types\/post"}],"author":[{"embeddable":true,"href":"https:\/\/iuzb.de\/index.php?rest_route=\/wp\/v2\/users\/13"}],"replies":[{"embeddable":true,"href":"https:\/\/iuzb.de\/index.php?rest_route=%2Fwp%2Fv2%2Fcomments&post=25050"}],"version-history":[{"count":9,"href":"https:\/\/iuzb.de\/index.php?rest_route=\/wp\/v2\/posts\/25050\/revisions"}],"predecessor-version":[{"id":25071,"href":"https:\/\/iuzb.de\/index.php?rest_route=\/wp\/v2\/posts\/25050\/revisions\/25071"}],"wp:attachment":[{"href":"https:\/\/iuzb.de\/index.php?rest_route=%2Fwp%2Fv2%2Fmedia&parent=25050"}],"wp:term":[{"taxonomy":"category","embeddable":true,"href":"https:\/\/iuzb.de\/index.php?rest_route=%2Fwp%2Fv2%2Fcategories&post=25050"},{"taxonomy":"post_tag","embeddable":true,"href":"https:\/\/iuzb.de\/index.php?rest_route=%2Fwp%2Fv2%2Ftags&post=25050"}],"curies":[{"name":"wp","href":"https:\/\/api.w.org\/{rel}","templated":true}]}}