{"id":2503,"date":"2011-02-07T23:09:00","date_gmt":"2011-02-07T21:09:00","guid":{"rendered":"http:\/\/www.iuzb.org\/wordpress\/?p=2503"},"modified":"2016-11-26T10:41:20","modified_gmt":"2016-11-26T09:41:20","slug":"rs-611-amtliche-bekanntmachungen-aus-kzv-und-zak-berlin","status":"publish","type":"post","link":"https:\/\/iuzb.de\/?p=2503","title":{"rendered":"Amtliche Bekanntmachungen: KZV-VV und Z\u00c4K-DV"},"content":{"rendered":"<h3><strong><span style=\"color: red;\">KZV Berlin:<\/span> Konstituierende Vertreterversammlung und rechtsgesch\u00e4ftliche Vertretung<br \/>\n<\/strong><img loading=\"lazy\" decoding=\"async\" class=\"alignnone size-full wp-image-16841\" src=\"https:\/\/iuzb.de\/wp-content\/uploads\/2011\/02\/kzvberlinamtl.bekanntmachung21.01.2011.jpg\" alt=\"kzvberlinamtl-bekanntmachung21-01-2011\" width=\"489\" height=\"817\" srcset=\"https:\/\/iuzb.de\/wp-content\/uploads\/2011\/02\/kzvberlinamtl.bekanntmachung21.01.2011.jpg 489w, https:\/\/iuzb.de\/wp-content\/uploads\/2011\/02\/kzvberlinamtl.bekanntmachung21.01.2011-180x300.jpg 180w\" sizes=\"auto, (max-width: 489px) 100vw, 489px\" \/><\/h3>\n<p>&nbsp;<\/p>\n<h3><strong><span style=\"color: red;\">Z\u00c4K Berlin:<\/span> Nachr\u00fcckender Delegierter<br \/>\n<\/strong><img loading=\"lazy\" decoding=\"async\" class=\"alignnone size-full wp-image-16842\" src=\"https:\/\/iuzb.de\/wp-content\/uploads\/2011\/02\/zaekberlinamtl.bekanntmachung28.01.2011.jpg\" alt=\"zaekberlinamtl-bekanntmachung28-01-2011\" width=\"554\" height=\"341\" srcset=\"https:\/\/iuzb.de\/wp-content\/uploads\/2011\/02\/zaekberlinamtl.bekanntmachung28.01.2011.jpg 554w, https:\/\/iuzb.de\/wp-content\/uploads\/2011\/02\/zaekberlinamtl.bekanntmachung28.01.2011-300x185.jpg 300w\" sizes=\"auto, (max-width: 554px) 100vw, 554px\" \/><\/h3>\n","protected":false},"excerpt":{"rendered":"<p>KZV Berlin: Konstituierende Vertreterversammlung und rechtsgesch\u00e4ftliche Vertretung &nbsp; Z\u00c4K Berlin: Nachr\u00fcckender Delegierter<\/p>\n","protected":false},"author":13,"featured_media":0,"comment_status":"closed","ping_status":"closed","sticky":false,"template":"","format":"standard","meta":{"ngg_post_thumbnail":0,"iawp_total_views":1,"footnotes":""},"categories":[91,97],"tags":[],"class_list":["post-2503","post","type-post","status-publish","format-standard","hentry","category-delegiertenversammlung","category-vertreterversammlung-kzv-berlin"],"_links":{"self":[{"href":"https:\/\/iuzb.de\/index.php?rest_route=\/wp\/v2\/posts\/2503","targetHints":{"allow":["GET"]}}],"collection":[{"href":"https:\/\/iuzb.de\/index.php?rest_route=\/wp\/v2\/posts"}],"about":[{"href":"https:\/\/iuzb.de\/index.php?rest_route=\/wp\/v2\/types\/post"}],"author":[{"embeddable":true,"href":"https:\/\/iuzb.de\/index.php?rest_route=\/wp\/v2\/users\/13"}],"replies":[{"embeddable":true,"href":"https:\/\/iuzb.de\/index.php?rest_route=%2Fwp%2Fv2%2Fcomments&post=2503"}],"version-history":[{"count":3,"href":"https:\/\/iuzb.de\/index.php?rest_route=\/wp\/v2\/posts\/2503\/revisions"}],"predecessor-version":[{"id":16843,"href":"https:\/\/iuzb.de\/index.php?rest_route=\/wp\/v2\/posts\/2503\/revisions\/16843"}],"wp:attachment":[{"href":"https:\/\/iuzb.de\/index.php?rest_route=%2Fwp%2Fv2%2Fmedia&parent=2503"}],"wp:term":[{"taxonomy":"category","embeddable":true,"href":"https:\/\/iuzb.de\/index.php?rest_route=%2Fwp%2Fv2%2Fcategories&post=2503"},{"taxonomy":"post_tag","embeddable":true,"href":"https:\/\/iuzb.de\/index.php?rest_route=%2Fwp%2Fv2%2Ftags&post=2503"}],"curies":[{"name":"wp","href":"https:\/\/api.w.org\/{rel}","templated":true}]}}