{"id":24657,"date":"2018-07-06T14:34:55","date_gmt":"2018-07-06T12:34:55","guid":{"rendered":"http:\/\/iuzb.de\/?p=24657"},"modified":"2018-07-06T14:44:30","modified_gmt":"2018-07-06T12:44:30","slug":"apotheker-prozess-zwoelf-jahre-haft-wegen-gepanschter-krebsmedikamente","status":"publish","type":"post","link":"https:\/\/iuzb.de\/?p=24657","title":{"rendered":"Apotheker-Prozess: Zw\u00f6lf Jahre Haft wegen gepanschter Krebsmedikamente"},"content":{"rendered":"<p>S\u00fcddeutsche Zeitung, 06.07.2018:<\/p>\n<p><a href=\"http:\/\/www.sueddeutsche.de\/panorama\/apotheker-bottrop-krebsmittel-urteil-haft-1.4043342\" target=\"_blank\" rel=\"noopener\">Apotheker-Prozess: Zw\u00f6lf Jahre Haft wegen gepanschter Krebsmedikamente<\/a><\/p>\n<p>&nbsp;<\/p>\n<p><span style=\"text-decoration: underline;\">Weiterf\u00fchrender R\u00fcckblick:<\/span><\/p>\n<p>Der <a href=\"https:\/\/vdw-ev.de\/portfolio\/whistleblower-preis-2017\/\" target=\"_blank\" rel=\"noopener\">Whistleblower Preis 2017<\/a> wurde am 01. Dezember 2017 an Herrn Dipl.-Volkswirt <a href=\"https:\/\/de.wikipedia.org\/wiki\/Martin_Porwoll\" target=\"_blank\" rel=\"noopener\">Martin Porwoll<\/a> (Bottrop) und an die Pharm.-Techn. Assistentin Maria-Elisabeth Klein (Bottrop) f\u00fcr ihre im Herbst 2016 erfolgten Verdachts-Enth\u00fcllungen \u00fcber die in der \u201eAlten Apotheke\u201c in Bottrop (NRW) offenbar jahrelang praktizierte illegale Panscherei mit Anti-Krebsmitteln (Zytostatika) und \u00fcber die dadurch bewirkte Sch\u00e4digung mehrerer Tausend schwer- und todkranker KrebspatientInnen in f\u00fcnf oder sechs Bundesl\u00e4ndern vergeben.<\/p>\n","protected":false},"excerpt":{"rendered":"<p>S\u00fcddeutsche Zeitung, 06.07.2018: Apotheker-Prozess: Zw\u00f6lf Jahre Haft wegen gepanschter Krebsmedikamente &nbsp; Weiterf\u00fchrender R\u00fcckblick: Der Whistleblower Preis 2017 wurde am 01. Dezember 2017 an Herrn Dipl.-Volkswirt Martin Porwoll (Bottrop) und an [&#8230;]<\/p>\n","protected":false},"author":13,"featured_media":0,"comment_status":"open","ping_status":"closed","sticky":false,"template":"","format":"standard","meta":{"ngg_post_thumbnail":0,"iawp_total_views":0,"footnotes":""},"categories":[68],"tags":[],"class_list":["post-24657","post","type-post","status-publish","format-standard","hentry","category-recht"],"_links":{"self":[{"href":"https:\/\/iuzb.de\/index.php?rest_route=\/wp\/v2\/posts\/24657","targetHints":{"allow":["GET"]}}],"collection":[{"href":"https:\/\/iuzb.de\/index.php?rest_route=\/wp\/v2\/posts"}],"about":[{"href":"https:\/\/iuzb.de\/index.php?rest_route=\/wp\/v2\/types\/post"}],"author":[{"embeddable":true,"href":"https:\/\/iuzb.de\/index.php?rest_route=\/wp\/v2\/users\/13"}],"replies":[{"embeddable":true,"href":"https:\/\/iuzb.de\/index.php?rest_route=%2Fwp%2Fv2%2Fcomments&post=24657"}],"version-history":[{"count":5,"href":"https:\/\/iuzb.de\/index.php?rest_route=\/wp\/v2\/posts\/24657\/revisions"}],"predecessor-version":[{"id":24662,"href":"https:\/\/iuzb.de\/index.php?rest_route=\/wp\/v2\/posts\/24657\/revisions\/24662"}],"wp:attachment":[{"href":"https:\/\/iuzb.de\/index.php?rest_route=%2Fwp%2Fv2%2Fmedia&parent=24657"}],"wp:term":[{"taxonomy":"category","embeddable":true,"href":"https:\/\/iuzb.de\/index.php?rest_route=%2Fwp%2Fv2%2Fcategories&post=24657"},{"taxonomy":"post_tag","embeddable":true,"href":"https:\/\/iuzb.de\/index.php?rest_route=%2Fwp%2Fv2%2Ftags&post=24657"}],"curies":[{"name":"wp","href":"https:\/\/api.w.org\/{rel}","templated":true}]}}