{"id":2465,"date":"2011-01-26T14:00:00","date_gmt":"2011-01-26T12:00:00","guid":{"rendered":"http:\/\/www.iuzb.org\/wordpress\/?p=2465"},"modified":"2016-12-03T09:45:14","modified_gmt":"2016-12-03T08:45:14","slug":"rs-411-uber-die-vorstandswahl-der-kzv-berlin","status":"publish","type":"post","link":"https:\/\/iuzb.de\/?p=2465","title":{"rendered":"Rundschau \u00fcber die Vorstandswahl der KZV Berlin"},"content":{"rendered":"<p>Rundschau:<\/p>\n<ul>\n<li><strong>DZW &#8211; Vorstand der KZV Berlin wieder komplett<br \/>\n<\/strong>&#8222;Im Vorfeld der Vertreterversammlung waren bereits die neuen Vertragskonditionen f\u00fcr die Vorst\u00e4nde im Umlauf, sie wurden vor den Vorstandswahlen durch die Vertreterversammlung beschlossen&#8230;&#8230;..Die Opposition, so die Initiative Unabh\u00e4ngiger Zahn\u00e4rzte in Berlin (IUZB), kritisierte bereits im Vorfeld die Gehaltserh\u00f6hungen. Ein Antrag der Opposition, es bei den alten Verg\u00fctungen zu belassen, sei mit 20 zu 19 Stimmen sehr knapp abgelehnt worden, hei\u00dft es.&#8220; &#8211; <a href=\"http:\/\/www.dzw.de\/politik\/artikel\/archive\/2011\/january\/article\/vorstand-der-kzv-berlin-wieder-komplett.html\" target=\"_blank\">lesen<\/a><br \/>\n<span style=\"color: white;\">.<\/span><\/li>\n<li><strong>BUZ &#8211; KZV Berlin: Antr\u00e4ge 1. und 2. Klasse<br \/>\n<\/strong>&#8222;Mit der Neuwahl der Vorsitzenden der Vertreterversammlung in der KZV Berlin\u00a0 soll neben dem offiziellen Protokoll offensichtlich\u00a0 ein zus\u00e4tzliches\u00a0 \u201cBerichtsverfahren\u201d f\u00fcr die Vertreter\u00a0 etabliert werden. Hier wird jetzt differenziert zwischen Antr\u00e4gen \u00fcber die\u00a0 berichtet wird\u00a0 (1. Klasse) und solchen die verschwiegen werden (2.Klasse). Die Antr\u00e4ge auf Begrenzung der Bez\u00fcge (Antrag Hessberger) und der \u00dcberpr\u00fcfung der Dienstvertr\u00e4ge durch einen Fachanwalt f\u00fcr Arbeitsrecht (Antrag Klutke) werden <a href=\"http:\/\/www.drdohmeier.de\/wp-content\/uploads\/2011\/01\/doc20110124114816-1.pdf\" target=\"_blank\">hierin<\/a> nicht erw\u00e4hnt.&#8220; &#8211; <a href=\"http:\/\/www.drdohmeier.de\/?p=2527\" target=\"_blank\">lesen<\/a><br \/>\n<span style=\"color: white;\">.<\/span><\/li>\n<li><span style=\"color: black;\"><strong>BUZ &#8211; Erg\u00e4nzender Kommentar zur <a href=\"http:\/\/www.kzv-berlin.de\/cms\/index.php?file=news&amp;mode=detail&amp;number=452&amp;newscat=3\" target=\"_blank\">Pressemitteilung<\/a> der KZV Berlin<br \/>\n<\/strong>&#8222;Als Gegenkandidatin f\u00fcr das Amt des Vorsitzenden des Vorstands der KZV Berlin hatte sich die Kollegin Dr. Celina Sch\u00e4tze (BUZ\/DAZ\/FL-Freie Liste) zur Wahl gestellt. Als Gegenkandidat f\u00fcr das Amt des Vorsitzenden der Vertreterversammlung kandidierte der Kollege Dr. Peter Nachtweh (BUZ\/DAZ\/FL-Freie Liste). Die Abstimmung \u00fcber einen weiteren Sitz der KZV Berlin in der VV der Bundes KZV zwischen den Kollegen Dr. Heiner Schleithoff (Fraktion Gesundheit) und dem Kollegen Bertram Steiner (Freier Verband) verlief zu Gunsten des Vertreters des Freien Vebandes Deutscher Zahn\u00e4rzte&#8230;..&#8220; &#8211; <a href=\"http:\/\/www.drdohmeier.de\/?p=2448\" target=\"_blank\">lesen<\/a><\/span><span style=\"color: white;\">.<\/span><\/li>\n<\/ul>\n<p><span style=\"color: white;\">.<\/span><\/p>\n<p><span style=\"color: white;\">.<\/span><\/p>\n","protected":false},"excerpt":{"rendered":"<p>Rundschau: DZW &#8211; Vorstand der KZV Berlin wieder komplett &#8222;Im Vorfeld der Vertreterversammlung waren bereits die neuen Vertragskonditionen f\u00fcr die Vorst\u00e4nde im Umlauf, sie wurden vor den Vorstandswahlen durch die [&#8230;]<\/p>\n","protected":false},"author":13,"featured_media":0,"comment_status":"closed","ping_status":"closed","sticky":false,"template":"","format":"standard","meta":{"ngg_post_thumbnail":0,"iawp_total_views":1,"footnotes":""},"categories":[98,195],"tags":[],"class_list":["post-2465","post","type-post","status-publish","format-standard","hentry","category-diaeten-kzv","category-protokolle-kzv-vv"],"_links":{"self":[{"href":"https:\/\/iuzb.de\/index.php?rest_route=\/wp\/v2\/posts\/2465","targetHints":{"allow":["GET"]}}],"collection":[{"href":"https:\/\/iuzb.de\/index.php?rest_route=\/wp\/v2\/posts"}],"about":[{"href":"https:\/\/iuzb.de\/index.php?rest_route=\/wp\/v2\/types\/post"}],"author":[{"embeddable":true,"href":"https:\/\/iuzb.de\/index.php?rest_route=\/wp\/v2\/users\/13"}],"replies":[{"embeddable":true,"href":"https:\/\/iuzb.de\/index.php?rest_route=%2Fwp%2Fv2%2Fcomments&post=2465"}],"version-history":[{"count":5,"href":"https:\/\/iuzb.de\/index.php?rest_route=\/wp\/v2\/posts\/2465\/revisions"}],"predecessor-version":[{"id":17598,"href":"https:\/\/iuzb.de\/index.php?rest_route=\/wp\/v2\/posts\/2465\/revisions\/17598"}],"wp:attachment":[{"href":"https:\/\/iuzb.de\/index.php?rest_route=%2Fwp%2Fv2%2Fmedia&parent=2465"}],"wp:term":[{"taxonomy":"category","embeddable":true,"href":"https:\/\/iuzb.de\/index.php?rest_route=%2Fwp%2Fv2%2Fcategories&post=2465"},{"taxonomy":"post_tag","embeddable":true,"href":"https:\/\/iuzb.de\/index.php?rest_route=%2Fwp%2Fv2%2Ftags&post=2465"}],"curies":[{"name":"wp","href":"https:\/\/api.w.org\/{rel}","templated":true}]}}