{"id":24457,"date":"2018-06-19T23:03:14","date_gmt":"2018-06-19T21:03:14","guid":{"rendered":"http:\/\/iuzb.de\/?p=24457"},"modified":"2018-06-19T23:38:51","modified_gmt":"2018-06-19T21:38:51","slug":"richtfest-fuer-300-neue-mietwohnungen-hamburger-projektgemeinschaft-bringt-leben-in-berlins-europacity","status":"publish","type":"post","link":"https:\/\/iuzb.de\/?p=24457","title":{"rendered":"Europacity\/Stadthafenquartier: Richtfest von 300 Mietwohnungen der Baufelder 11 und 12"},"content":{"rendered":"<p>RICHTFEST F\u00dcR 300 NEUE MIETWOHNUNGEN:<br \/>\n<span style=\"font-size: 12pt;\"><strong>HAMBURGER PROJEKTGEMEINSCHAFT BRINGT LEBEN IN BERLINS EUROPACITY<\/strong><\/span><\/p>\n<p style=\"text-align: justify;\"><em>Hunderte neue Wohnungen im Herzen der Hauptstadt \u2013 kein ferner Traum, sondern schon jetzt sichtbare Realit\u00e4t: Gemeinsam mit den Projektbeteiligten hat Berlins Senatorin f\u00fcr Stadtentwicklung und Wohnen, Katrin Lompscher (Die Linke), heute Richtfest f\u00fcr die <strong>\u201eWiener Etagen\u201c (Baufeld 11)<\/strong> und das <strong>\u201ePrager Karree\u201c (Baufeld 12)<\/strong> gefeiert. Mit diesen beiden Wohnungsbauprojekten w\u00e4chst die Europacity n\u00f6rdlich des Hauptbahnhofs um 302 Mietwohnungen. Insgesamt realisiert die Hamburger Projektgemeinschaft der Unternehmen <a href=\"https:\/\/www.ditting-bau.de\" target=\"_blank\" rel=\"noopener\">Ditting Bau<\/a> und <a href=\"https:\/\/www.quantum.ag\" target=\"_blank\" rel=\"noopener\">Quantum Immobilien AG<\/a> in den kommenden Monaten mehr als 500 Wohnungen in einem der gr\u00f6\u00dften innerst\u00e4dtischen Stadtentwicklungsprojekte Deutschlands.<\/em><\/p>\n<p style=\"text-align: justify;\"><a href=\"https:\/\/www.stadtentwicklung.berlin.de\/service\/de\/senatorin_lompscher.shtml\" target=\"_blank\" rel=\"noopener\">Katrin Lompscher<\/a> dankte den Projektbeteiligten f\u00fcr ihren Beitrag zur Expansion des Wohnungsmarkts der Hauptstadt.<\/p>\n<blockquote>\n<p style=\"text-align: justify;\">\u201eMit jeder Grundsteinlegung und jedem Richtfest rund um die Heidestra\u00dfe w\u00e4chst die Europacity sichtbar und bis ca. 2021\/2022 wird dieses Quartier fast komplett bebaut sein. Mit diesen 302 neuen Mietwohnungen wird erneut dringend ben\u00f6tigter Wohnraum geschaffen und die unterschiedlichen Architektursprachen der Geb\u00e4ude, die erfolgte Bemusterung der Fassaden durch das Baukollegium sowie die Erg\u00e4nzung durch Gewerber\u00e4ume in Erdgeschoss zeichnen dieses Bauvorhaben aus.\u201c Senatorin Lompscher wies auch darauf hin, dass es k\u00fcnftig nicht nur um gute Architektur und schnelles Bauen geht, sondern auch der Neubau gef\u00f6rderter Wohnungen zu geringen Mieten wichtig f\u00fcr Berlin ist.\u201c<\/p>\n<\/blockquote>\n<blockquote>\n<p style=\"text-align: justify;\">\u201eWir freuen uns, dass wir dank der guten Zusammenarbeit mit unseren Partnern sehr fr\u00fchzeitig f\u00fcr unsere Anleger attraktive- Wohnungen an einem der zentralsten Standorte der vibrierenden Metropole Berlin erwerben konnten\u201c,<\/p>\n<\/blockquote>\n<p style=\"text-align: justify;\">sagte Knut Sieckmann, Leiter Wohnimmobilien bei Quantum.<\/p>\n<blockquote>\n<p style=\"text-align: justify;\">\u201eVielf\u00e4ltige Grundrissvarianten bieten attraktiven Wohnraum f\u00fcr unterschiedliche Bed\u00fcrfnisse. Damit werden die Wiener Etagen und das Prager Karree zu einer lebhaften Europacity beitragen.\u201c<\/p>\n<\/blockquote>\n<p style=\"text-align: justify;\">Die Quantum Kapitalverwaltungsgesellschaft mbH ist Endinvestor f\u00fcr die drei Wohnungsbauprojekte in der Europacity.<\/p>\n<p style=\"text-align: justify;\"><strong>Projekt-Team realisiert insgesamt mehr als 500 Wohnungen<\/strong><\/p>\n<blockquote>\n<p style=\"text-align: justify;\">\u201eWir sind froh, etwas zur Entspannung auf dem Wohnungsmarkt beitragen zu k\u00f6nnen\u201c,<\/p>\n<\/blockquote>\n<p style=\"text-align: justify;\">sagte Nikolaus Ditting, Gesch\u00e4ftsf\u00fchrer des Bauunternehmens Ditting Bau, das die Wohngeb\u00e4ude an der Heidestra\u00dfe und der Lydia-Rabinowitsch-Stra\u00dfe entwickelt und errichtet.<\/p>\n<blockquote>\n<p style=\"text-align: justify;\">\u201eNachhaltige Entlastung auf dem Wohnungsmarkt funktioniert nur durch Vergr\u00f6\u00dferung des Angebots.\u201c Daher appelliert der Hamburger Bauunternehmer an die Politik, wichtige Bauprojekte auch in Zukunft pragmatisch und mit einer schlanken B\u00fcrokratie zu begleiten. \u201eWohnraum muss bezahlbar bleiben, aber Wohnraum muss aus Sicht von Investoren und Bautr\u00e4gern auch wirtschaftlich tragf\u00e4hig bleiben\u201c,<\/p>\n<\/blockquote>\n<p style=\"text-align: justify;\">so Ditting. Er setze deshalb darauf, dass die technischen Anforderungen nicht kontinuierlich weiter steigen.<\/p>\n<p style=\"text-align: justify;\">Zusammen mit dem benachbarten Projekt \u201eBudapester H\u00f6fe\u201c (Baufeld 10) an der Heidestra\u00dfe und der Lydia-Rabinowitsch-Stra\u00dfe, bei dem 204 Wohnungen kurz vor Fertigstellung stehen, steuert die Hamburger Projektgemeinschaft gut 500 Mietwohnungen zur Europacity bei. Neben den Wohnungen, ein Teil davon ist \u00f6ffentlich gef\u00f6rdert und mietpreisged\u00e4mpft, entstehen eine Kita, L\u00e4den, Tiefgaragen mit Fahrradstellpl\u00e4tzen sowie begr\u00fcnte Frei- und Spielfl\u00e4chen. Die \u00fcberwiegend siebengeschossigen Geb\u00e4ude mit zukunftsweisender Energieeffizienz.<\/p>\n<p style=\"text-align: justify;\"><strong>Sehr gro\u00dfe Nachfrage nach den neuen Wohnungen<\/strong><\/p>\n<p style=\"text-align: justify;\">Die Nachfrage nach den neuen Wohnungen ist sehr gro\u00df. Die \u201eBudapester H\u00f6fe\u201c sind bereits fast voll vermietet. Verantwortlich f\u00fcr die Vermarktung der heute gerichteten 302 Wohnungen, davon 128 in den \u201eWiener Etagen\u201c und 174 im \u201ePrager Karree\u201c, ist <a href=\"https:\/\/www.grossmann-berger.de\/\" target=\"_blank\" rel=\"noopener\">Grossmann &amp; Berger<\/a>. Die Wohnungen verf\u00fcgen \u00fcber ein bis f\u00fcnf Zimmer und Wohnfl\u00e4chen von etwa 40 bis zu mehr als 140 Quadratmeter. Sie sind \u2013 je nach Lage \u2013 mit Balkonen, Loggien, Dachterrassen und gr\u00f6\u00dftenteils bodentiefen Fenstern ausgestattet. Der Mietzins beginnt bei rund 13 Euro pro Quadratmeter. Die Fertigstellung ist f\u00fcr 2019 in drei Bauabschnitten geplant.<\/p>\n<p style=\"text-align: justify;\">Die Vermarktung der neuen Wohngeb\u00e4ude startet Anfang August. Interessenten k\u00f6nnen sich bereits jetzt \u00fcber die Projektseite <a href=\"http:\/\/www.prager-karree.de\" target=\"_blank\" rel=\"noopener\">www.prager-karree.de<\/a> oder direkt per Mail an pragerkarree@grossman-berger.de vormerken lassen.<\/p>\n<p style=\"text-align: justify;\">Initiiert hatte das Engagement der Projektgemeinschaft von Ditting Bau und Quantum das Immobilienunternehmen HTP HamburgTeam Gesellschaft f\u00fcr Projektentwicklung mbH. Der Hamburger Entwickler hatte die Baugrundst\u00fccke zusammen mit der CA Immo planungs- und baurechtlich entwickelt und dann weiterverkauft.<\/p>\n<p>Quelle: Quantum\/Ditting, <a href=\"https:\/\/www.quantum.ag\/fileadmin\/user_upload\/2018_06_18_Richtfest_Europacity_Berlin.pdf\" target=\"_blank\" rel=\"noopener\">Pressemitteilung vom 18.06.2018<\/a><\/p>\n<p>Siehe auch:<\/p>\n<ul>\n<li>BZ vom 18.06.2018: <a href=\"https:\/\/www.bz-berlin.de\/berlin\/mitte\/richtfest-fuer-500-wohnungen-in-der-europacity\" target=\"_blank\" rel=\"noopener\">Richtfest f\u00fcr 300 Wohnungen in der Europacity<\/a><\/li>\n<li>Tagesspiegel vom 18.04.2018: <a href=\"https:\/\/www.tagesspiegel.de\/stadtentwicklung-endstation-europacity\/21164636.html\" target=\"_blank\" rel=\"noopener\">Endstation Europacity<\/a><\/li>\n<\/ul>\n<p>&nbsp;<\/p>\n<p>_______<\/p>\n<p><strong>Redaktioneller Hinweis:<\/strong> Nach Kenntnisstand vom 23.04.2016 ist das VZB \u00fcber seine Immobilienquote in die Baufelder 11 und 12 investiert.<\/p>\n<p>&nbsp;<\/p>\n","protected":false},"excerpt":{"rendered":"<p>RICHTFEST F\u00dcR 300 NEUE MIETWOHNUNGEN: HAMBURGER PROJEKTGEMEINSCHAFT BRINGT LEBEN IN BERLINS EUROPACITY Hunderte neue Wohnungen im Herzen der Hauptstadt \u2013 kein ferner Traum, sondern schon jetzt sichtbare Realit\u00e4t: Gemeinsam mit [&#8230;]<\/p>\n","protected":false},"author":13,"featured_media":0,"comment_status":"open","ping_status":"closed","sticky":false,"template":"","format":"standard","meta":{"ngg_post_thumbnail":0,"iawp_total_views":4,"footnotes":""},"categories":[171],"tags":[],"class_list":["post-24457","post","type-post","status-publish","format-standard","hentry","category-stadthafenquartier-berlin"],"_links":{"self":[{"href":"https:\/\/iuzb.de\/index.php?rest_route=\/wp\/v2\/posts\/24457","targetHints":{"allow":["GET"]}}],"collection":[{"href":"https:\/\/iuzb.de\/index.php?rest_route=\/wp\/v2\/posts"}],"about":[{"href":"https:\/\/iuzb.de\/index.php?rest_route=\/wp\/v2\/types\/post"}],"author":[{"embeddable":true,"href":"https:\/\/iuzb.de\/index.php?rest_route=\/wp\/v2\/users\/13"}],"replies":[{"embeddable":true,"href":"https:\/\/iuzb.de\/index.php?rest_route=%2Fwp%2Fv2%2Fcomments&post=24457"}],"version-history":[{"count":16,"href":"https:\/\/iuzb.de\/index.php?rest_route=\/wp\/v2\/posts\/24457\/revisions"}],"predecessor-version":[{"id":24473,"href":"https:\/\/iuzb.de\/index.php?rest_route=\/wp\/v2\/posts\/24457\/revisions\/24473"}],"wp:attachment":[{"href":"https:\/\/iuzb.de\/index.php?rest_route=%2Fwp%2Fv2%2Fmedia&parent=24457"}],"wp:term":[{"taxonomy":"category","embeddable":true,"href":"https:\/\/iuzb.de\/index.php?rest_route=%2Fwp%2Fv2%2Fcategories&post=24457"},{"taxonomy":"post_tag","embeddable":true,"href":"https:\/\/iuzb.de\/index.php?rest_route=%2Fwp%2Fv2%2Ftags&post=24457"}],"curies":[{"name":"wp","href":"https:\/\/api.w.org\/{rel}","templated":true}]}}