{"id":24407,"date":"2018-06-14T20:11:13","date_gmt":"2018-06-14T18:11:13","guid":{"rendered":"http:\/\/iuzb.de\/?p=24407"},"modified":"2018-06-14T20:16:11","modified_gmt":"2018-06-14T18:16:11","slug":"baustelle-ferienresort-hecken-und-muellplatz-am-maremueritz-weggeplant","status":"publish","type":"post","link":"https:\/\/iuzb.de\/?p=24407","title":{"rendered":"Baustelle Ferienresort: Hecken und M\u00fcllplatz am Marem\u00fcritz weggeplant"},"content":{"rendered":"<p>Nordkurier, 13.06.2018:<\/p>\n<ul>\n<li><a href=\"https:\/\/www.nordkurier.de\/mueritz\/hecken-und-muellplatz-am-maremueritz-weggeplant-1332299806.html\" target=\"_blank\" rel=\"noopener\">Baustelle Ferienresort: Hecken und M\u00fcllplatz am Marem\u00fcritz weggeplant<\/a><\/li>\n<\/ul>\n<p>&nbsp;<\/p>\n<p><span style=\"text-decoration: underline;\">Weiterf\u00fchrend:<\/span><\/p>\n<ul>\n<li><a href=\"https:\/\/12-18.com\/projects\/maremueritz\" target=\"_blank\" rel=\"noopener\">12.18. Projekt Marem\u00fcritz<\/a><\/li>\n<li><a href=\"https:\/\/www.maremueritz.de\/\" target=\"_blank\" rel=\"noopener\">Marem\u00fcritz \u2013 Yachthafenresort und Spa<\/a><\/li>\n<\/ul>\n<p>&nbsp;<\/p>\n<p>&nbsp;<\/p>\n","protected":false},"excerpt":{"rendered":"<p>Nordkurier, 13.06.2018: Baustelle Ferienresort: Hecken und M\u00fcllplatz am Marem\u00fcritz weggeplant &nbsp; Weiterf\u00fchrend: 12.18. Projekt Marem\u00fcritz Marem\u00fcritz \u2013 Yachthafenresort und Spa &nbsp; &nbsp;<\/p>\n","protected":false},"author":13,"featured_media":0,"comment_status":"open","ping_status":"closed","sticky":false,"template":"","format":"standard","meta":{"ngg_post_thumbnail":0,"iawp_total_views":2,"footnotes":""},"categories":[77,47],"tags":[],"class_list":["post-24407","post","type-post","status-publish","format-standard","hentry","category-investment-maremueritz","category-versorgungswerk-vzb"],"_links":{"self":[{"href":"https:\/\/iuzb.de\/index.php?rest_route=\/wp\/v2\/posts\/24407","targetHints":{"allow":["GET"]}}],"collection":[{"href":"https:\/\/iuzb.de\/index.php?rest_route=\/wp\/v2\/posts"}],"about":[{"href":"https:\/\/iuzb.de\/index.php?rest_route=\/wp\/v2\/types\/post"}],"author":[{"embeddable":true,"href":"https:\/\/iuzb.de\/index.php?rest_route=\/wp\/v2\/users\/13"}],"replies":[{"embeddable":true,"href":"https:\/\/iuzb.de\/index.php?rest_route=%2Fwp%2Fv2%2Fcomments&post=24407"}],"version-history":[{"count":7,"href":"https:\/\/iuzb.de\/index.php?rest_route=\/wp\/v2\/posts\/24407\/revisions"}],"predecessor-version":[{"id":24414,"href":"https:\/\/iuzb.de\/index.php?rest_route=\/wp\/v2\/posts\/24407\/revisions\/24414"}],"wp:attachment":[{"href":"https:\/\/iuzb.de\/index.php?rest_route=%2Fwp%2Fv2%2Fmedia&parent=24407"}],"wp:term":[{"taxonomy":"category","embeddable":true,"href":"https:\/\/iuzb.de\/index.php?rest_route=%2Fwp%2Fv2%2Fcategories&post=24407"},{"taxonomy":"post_tag","embeddable":true,"href":"https:\/\/iuzb.de\/index.php?rest_route=%2Fwp%2Fv2%2Ftags&post=24407"}],"curies":[{"name":"wp","href":"https:\/\/api.w.org\/{rel}","templated":true}]}}