{"id":2434,"date":"2011-01-05T21:17:00","date_gmt":"2011-01-05T19:17:00","guid":{"rendered":"http:\/\/www.iuzb.org\/wordpress\/?p=2434"},"modified":"2016-12-10T14:42:52","modified_gmt":"2016-12-10T13:42:52","slug":"vzb-iuzb-empfiehlt-den-antrag-des-bremer-zahnarztekammerprasidenten-abzulehnen","status":"publish","type":"post","link":"https:\/\/iuzb.de\/?p=2434","title":{"rendered":"VZB: IUZB empfiehlt den Antrag des Bremer Zahn\u00e4rztekammerpr\u00e4sidenten abzulehnen"},"content":{"rendered":"<p>F\u00fcr interesierte Mitglieder des VZB aus der Gremienkleinarbeit, hier betreffend zur 11. Vertreterversammlung des VZB am Sonnabend, den 08. Januar 2011:<\/p>\n<table style=\"width: 1083.75px;\">\n<tbody>\n<tr>\n<td style=\"width: 10px; text-align: left; vertical-align: middle;\">\u00a0<a href=\"https:\/\/iuzb.de\/wp-content\/uploads\/2011\/01\/Antrag_Dr._Menke_auf_Erganzung_Geschaftsordnung_040111.pdf\" target=\"_blank\"><img loading=\"lazy\" decoding=\"async\" class=\"alignnone wp-image-18258\" src=\"https:\/\/iuzb.de\/wp-content\/uploads\/2016\/12\/IUZB-Lupe-Favicon-fuer-pdfs.gif\" width=\"30\" height=\"30\" \/><\/a><\/td>\n<td style=\"width: 166.75px; text-align: left; vertical-align: middle;\"><strong><a href=\"https:\/\/iuzb.de\/wp-content\/uploads\/2011\/01\/Antrag_Dr._Menke_auf_Erganzung_Geschaftsordnung_040111.pdf\" target=\"_blank\">Antrag<\/a> des Pr\u00e4sidenten der Zahn\u00e4rztekammer Bremen zur \u00c4nderung der Gesch\u00e4ftsordnung<\/strong><\/td>\n<\/tr>\n<tr>\n<td style=\"width: 10px; text-align: left; vertical-align: top;\">\u00a0<a href=\"https:\/\/iuzb.de\/wp-content\/uploads\/2011\/01\/Antrag_auf_Ablehnung_des_Antrags_von_Dr._Menke.pdf\" target=\"_blank\"><img loading=\"lazy\" decoding=\"async\" class=\"alignnone wp-image-18258\" src=\"https:\/\/iuzb.de\/wp-content\/uploads\/2016\/12\/IUZB-Lupe-Favicon-fuer-pdfs-e1481376292469.gif\" width=\"30\" height=\"30\" \/><\/a><\/td>\n<td style=\"width: 166.75px; text-align: left; vertical-align: top;\"><strong><a href=\"https:\/\/iuzb.de\/wp-content\/uploads\/2011\/01\/Antrag_auf_Ablehnung_des_Antrags_von_Dr._Menke.pdf\" target=\"_blank\">Antrag<\/a> des Vertreters Herrn Gerhard Gneist zur Ablehnung des Antrages durch die Vertreterversammlung<\/strong><\/p>\n<p>Ich beantrage:<br \/>\nDie Vertreterversammlung m\u00f6ge dem Antrag des Vertreters Herrn Dr. Menke ablehnen.<\/p>\n<p style=\"text-align: justify;\"><span style=\"text-decoration: underline;\">Begr\u00fcndung:<br \/>\n<\/span><span style=\"color: #ffffff;\">.<\/span><br \/>\n1. Das VZB verf\u00fcgt \u00fcber die Teilrechtsf\u00e4higkeit, welche es ihm zu fast allen Angelegenheiten volle und auch sofortige Handlungsf\u00e4higkeit erm\u00f6glicht.<br \/>\n<span style=\"color: #ffffff;\">.<\/span><br \/>\n2. Das VZB ist mit einem voll handlungsf\u00e4higen Verwaltungsausschuss, einem Direktorat und dar\u00fcber stehend noch mit einem Aufsichtsausschuss ausgestattet.<br \/>\n<span style=\"color: #ffffff;\">.<\/span><br \/>\n3. Einladungsfristen haben den Zweck, \u201e\u00dcberraschungsentscheidungen\u201c oder \u201eAd hoc\u201c-Entscheidungen zu verhindern und alle Organmitglieder anzuhalten, wichtige Entscheidungen nach gr\u00fcndlicher Sachabw\u00e4gung zu treffen und sich ebenso selbst auf eine (Vertreterversammlungs-)Sitzung vorzubereiten und ggf. eigene Antr\u00e4ge einzureichen.<br \/>\n<span style=\"color: #ffffff;\">.<\/span><br \/>\n4. Von Abstimmungen, welche zun\u00e4chst als verbindlich gelten sollen, diese in einer (sp\u00e4teren) Vertreterversammlung zu best\u00e4tigen sind, ist abzusehen.<br \/>\n<span style=\"color: #ffffff;\">.<\/span><br \/>\nAls Negativbeispiel sei auch ein Vorfall in Bezug auf das Versorgungswerk genannt. Auf der Delegiertenversammlung der Z\u00c4K Berlin vom 12. M\u00e4rz 1998 (Fortf\u00fchrung DV am 04. Juni 1998)* wurde in Abwesenheit ein Kandidat f\u00fcr den Verwaltungsausschuss aufgestellt, obwohl von diesem (angeblich?) nur eine m\u00fcndliche Einverst\u00e4ndniserkl\u00e4rung zur Kandidatur vorlag. In dem weiteren und scheinbar von taktischen Erw\u00e4gungen getragenen Prozedere wurde dann die als vermutlich erfolgreich anzusehende Wahl des Kandidaten Kampmann in den Verwaltungsausschuss verhindert.<br \/>\n<span style=\"color: #ffffff;\">.<\/span><br \/>\nAuch wenn es sich hier nicht um den gleichen Sachverhalt handelt, so zeigt dieses Beispiel aber dennoch, das es ung\u00fcnstig ist, Entscheidungen zu verk\u00fcnden, welche noch einer sp\u00e4teren Best\u00e4tigung bed\u00fcrfen:<br \/>\nIm vorliegenden Fall h\u00e4tte die Wahl des kritischen Mitglieds Kampmann \u00fcbrigens dazu gef\u00fchrt, dass die <a href=\"http:\/\/www.berliner-zeitung.de\/ex-geschaeftsfuehrer-zu-bewaehrungsstrafe-verurteilt-chef-der-zahnaerztekammer-mauschelte-mit-maklern-15939398\" target=\"_blank\">Untreuehandlungen des damaligen Gesch\u00e4ftsf\u00fchrers<\/a> fr\u00fcher h\u00e4tten aufgedeckt werden k\u00f6nnen, denn es ist anzunehmen, dass er sich als gelernter Architekt intensiv auch mit Immobilienangelegenheiten besch\u00e4ftigt h\u00e4tte&#8230;&#8230;!!!<br \/>\n<span style=\"color: #ffffff;\">.<\/span><br \/>\n5. Das Kostenargument vermag auch nicht zu \u00fcberzeugen. Diesbez\u00fcglich sei darauf hingewiesen, dass es in Berlin \u00fcblich ist, dass die Mitglieder der Delegiertenversammlung der Zahn\u00e4rztekammer Berlin und der Vertreterversammlung der KZV Berlin bei ihrer Teilnahme an den Delegierten-\/Vertreterversammlungen kein Sitzungsgeld erhalten. Es handelt sich also um ein reines Ehrenamt.<br \/>\n<span style=\"color: #ffffff;\">.<\/span><br \/>\nIm Versorgungswerk wurde von dieser reinen Ehrenamtlichkeit gleich bei der ersten Vertreterversammlung am 12. Mai 2007 mit dem Verweis auf andere Gepflogenheiten in den Bereichen der zahn\u00e4rztlichen Selbstverwaltungsk\u00f6rperschaften in Bremen und Brandenburg abgewichen. Mitglieder der Oppositionslisten haben dagegen gestimmt. Eine M\u00f6glichkeit zur Kostenersparnis besteht weiterhin dadurch, dass dieses Sitzungsgeld wieder abgeschafft wird.<br \/>\n<span style=\"color: #ffffff;\">.<\/span><br \/>\n6. Abschlie\u00dfend ist au\u00dferdem anzuf\u00fchren, dass die Vertreterversammlungen f\u00fcr die Mitglieder \u00f6ffentlich zu sein haben. Mitgliederpartizipation muss bei einer Selbstverwaltungsk\u00f6rperschaft, zumal wenn es sich auch noch um eine gesetzliche Pflichtrentenversicherung handelt, Vorrang haben vor monet\u00e4ren Interessen. Insofern verbietet es sich, Abstimmungen, welche im Rahmen einer Vertreterversammlungen zu treffen sind, in einen virtuellen Raum zu verschieben. Dar\u00fcber hinaus muss \u00f6ffentliche Rede und Gegenrede gew\u00e4hrleistet bleiben, (auch) dies ist Aufgabe des Plenums Vertreterversammlung.<\/p>\n<p style=\"text-align: justify;\"><span style=\"color: #ffffff;\">.<\/span><\/p>\n<p style=\"text-align: justify;\">gez. Gerhard Gneist<br \/>\nMitglied der Vertreterversammlung<\/p>\n<p>&nbsp;<\/td>\n<\/tr>\n<\/tbody>\n<\/table>\n<p><span style=\"color: black;\">Die Vertreterversammlung ist f\u00fcr alle Mitglieder des VZB \u00f6ffentlich. Beginn 09:00 Uhr im VZB Verwaltungssitz <a href=\"http:\/\/www.berlin.de\/stadtplan\/?sid=a68d640c9ad80a88c16d0546ef5a14f8&amp;start.x=5&amp;plz=14052&amp;str=Heerstra%DFe+11&amp;start=Finden&amp;grid=dedatlas10\" target=\"_blank\">Rheinbabenallee 12<\/a> in 14199 Berlin.<\/span><\/p>\n<p><span style=\"color: white;\">.<\/span><\/p>\n","protected":false},"excerpt":{"rendered":"<p>F\u00fcr interesierte Mitglieder des VZB aus der Gremienkleinarbeit, hier betreffend zur 11. Vertreterversammlung des VZB am Sonnabend, den 08. Januar 2011: \u00a0 Antrag des Pr\u00e4sidenten der Zahn\u00e4rztekammer Bremen zur \u00c4nderung [&#8230;]<\/p>\n","protected":false},"author":13,"featured_media":0,"comment_status":"closed","ping_status":"closed","sticky":false,"template":"","format":"standard","meta":{"ngg_post_thumbnail":0,"iawp_total_views":1,"footnotes":""},"categories":[47,87],"tags":[],"class_list":["post-2434","post","type-post","status-publish","format-standard","hentry","category-versorgungswerk-vzb","category-vertreterversammlung"],"_links":{"self":[{"href":"https:\/\/iuzb.de\/index.php?rest_route=\/wp\/v2\/posts\/2434","targetHints":{"allow":["GET"]}}],"collection":[{"href":"https:\/\/iuzb.de\/index.php?rest_route=\/wp\/v2\/posts"}],"about":[{"href":"https:\/\/iuzb.de\/index.php?rest_route=\/wp\/v2\/types\/post"}],"author":[{"embeddable":true,"href":"https:\/\/iuzb.de\/index.php?rest_route=\/wp\/v2\/users\/13"}],"replies":[{"embeddable":true,"href":"https:\/\/iuzb.de\/index.php?rest_route=%2Fwp%2Fv2%2Fcomments&post=2434"}],"version-history":[{"count":15,"href":"https:\/\/iuzb.de\/index.php?rest_route=\/wp\/v2\/posts\/2434\/revisions"}],"predecessor-version":[{"id":18274,"href":"https:\/\/iuzb.de\/index.php?rest_route=\/wp\/v2\/posts\/2434\/revisions\/18274"}],"wp:attachment":[{"href":"https:\/\/iuzb.de\/index.php?rest_route=%2Fwp%2Fv2%2Fmedia&parent=2434"}],"wp:term":[{"taxonomy":"category","embeddable":true,"href":"https:\/\/iuzb.de\/index.php?rest_route=%2Fwp%2Fv2%2Fcategories&post=2434"},{"taxonomy":"post_tag","embeddable":true,"href":"https:\/\/iuzb.de\/index.php?rest_route=%2Fwp%2Fv2%2Ftags&post=2434"}],"curies":[{"name":"wp","href":"https:\/\/api.w.org\/{rel}","templated":true}]}}