{"id":23659,"date":"2018-04-07T14:44:06","date_gmt":"2018-04-07T12:44:06","guid":{"rendered":"http:\/\/iuzb.de\/?p=23659"},"modified":"2018-04-23T07:18:40","modified_gmt":"2018-04-23T05:18:40","slug":"bsg-aufsichtsbehoerde-darf-kriterien-fuer-die-verguetung-von-krankenkassenvorstaenden-festlegen","status":"publish","type":"post","link":"https:\/\/iuzb.de\/?p=23659","title":{"rendered":"BSG: Aufsichtsbeh\u00f6rde darf Kriterien f\u00fcr die Verg\u00fctung von Krankenkassenvorst\u00e4nden festlegen"},"content":{"rendered":"<p style=\"text-align: justify;\">Die Aufsichtsbeh\u00f6rden entscheiden \u00fcber die Angemessenheit der Verg\u00fctung eines Krankenkassenvorstandes nach pflichtgem\u00e4\u00dfem Ermessen unter Achtung des Selbstverwaltungsrechts der Krankenkasse. Dabei sind sie gehalten, die einschl\u00e4gigen Ermessenskriterien in allgemeinen Verwaltungsvorschriften festzulegen. Dies hat der 1. Senat des Bundessozialgerichts am 20. M\u00e4rz 2018 entschieden (<em>Aktenzeichen B 1 A 1\/17 R<\/em>).<\/p>\n<p style=\"text-align: justify;\">Seit August 2013 bed\u00fcrfen der Abschluss, die Verl\u00e4ngerung oder die \u00c4nderung eines Vorstandsdienstvertrages in der gesetzlichen Krankenversicherung der Zustimmung der Aufsichtsbeh\u00f6rde. Die Verg\u00fctung der Mitglieder des Vorstandes muss in angemessenem Verh\u00e4ltnis zum Aufgabenbereich, zur Gr\u00f6\u00dfe und zur Bedeutung der K\u00f6rperschaft stehen.<\/p>\n<p style=\"text-align: justify;\">Die klagende Krankenkasse beabsichtigte, die Verg\u00fctung ihres Vorstandsvorsitzenden ab 2014 auf insgesamt 206.464 Euro zu erh\u00f6hen. Die beklagte Aufsichtsbeh\u00f6rde lehnte es ab, dem zuzustimmen, da die geplante Vorstandsverg\u00fctung die maximal angemessene H\u00f6he von 204 000 Euro \u00fcbersteige.<\/p>\n<p style=\"text-align: justify;\">Das Bundessozialgericht hat die Beklagte zur Neubescheidung verurteilt.<\/p>\n<p style=\"text-align: justify;\">Die Beklagte kam ihrer Verpflichtung, rechtskonkretisierende Verwaltungsvorschriften zu erlassen, mit Ver\u00f6ffentlichung des &#8222;<span style=\"font-size: 14pt;\"><a href=\"https:\/\/www.bundesversicherungsamt.de\/aufsicht\/personal-und-verwaltung-der-traeger-selbstverwaltung\/personal-und-verwaltungsangelegenheiten\/vorstandsverguetung.html\" target=\"_blank\" rel=\"noopener\"><span style=\"font-size: 12pt;\">Arbeitspapiers<\/span><\/a><\/span> 2013&#8243; nebst den Trendlinien zwar im Ansatz nach. Gesetzeskonform stellte sie hierbei auf den Durchschnitt von Krankenkassen vergleichbarer Gr\u00f6\u00dfe gezahlter Vorstandsverg\u00fctungen ab und nahm einen Aufschlag hierauf vor, um dem Einsch\u00e4tzungsspielraum der Krankenkassen Rechnung zu tragen. Zu Unrecht ber\u00fccksichtigte sie dabei jedoch lediglich die Grundverg\u00fctung und nicht alle Verg\u00fctungsbestandteile, zum Beispiel auch Pr\u00e4mien und Altersversorgung. Die Grenzlinien sind zudem klar zu umschreiben, etwa mit bestimmten Prozents\u00e4tzen der Abweichung von der Trendlinie. Der Pr\u00fcfung ist zudem das Verh\u00e4ltnis der Verg\u00fctung zum Aufgabenbereich des Vorstandsmitglieds &#8211; nicht der Krankenkasse &#8211; zugrunde zu legen. Der Arbeitgeberanteil zur gesetzlichen Rentenversicherung ist dagegen nicht einzubeziehen, da er im Rechtssinne keine Verg\u00fctung des Vorstandsmitgliedes ist.<\/p>\n<p>Quelle: Bundessozialgericht, Pressemitteilung <a href=\"http:\/\/www.bsg.bund.de\/SharedDocs\/Publikationen\/Pressemitteilungen\/2018\/Pressemitteilung_2018_17.html?nn=8718590\" target=\"_blank\" rel=\"noopener\">Nr. 17\/2018<\/a> vom 20.03.2018<\/p>\n<p>&nbsp;<\/p>\n<p><span style=\"text-decoration: underline;\">Weiterf\u00fchrend:<\/span><\/p>\n<ul>\n<li>Yahoo, 20.03.2018: <a href=\"https:\/\/de.nachrichten.yahoo.com\/krankenkassen-d%C3%BCrfen-vorst%C3%A4nden-beliebig-viel-zahlen-145343851.html\" target=\"_blank\" rel=\"noopener\">Krankenkassen d\u00fcrfen Vorst\u00e4nden nicht beliebig viel zahlen<\/a><\/li>\n<li>\u00c4rzteblatt, 20.03.2018: <a href=\"https:\/\/www.aerzteblatt.de\/nachrichten\/91935\/Aufsichtsbehoerden-muessen-Verguetungsregeln-fuer-Krankenkassenvorstaende-nachbessern\" target=\"_blank\" rel=\"noopener\">Aufsichtsbeh\u00f6rden m\u00fcssen Verg\u00fctungsregeln f\u00fcr Krankenkassen\u00advorst\u00e4nde nachbessern<br \/>\n.<\/a><\/li>\n<li>Bundesversicherungsamt:\u00a0Rundschreiben zu<a href=\"https:\/\/www.bundesversicherungsamt.de\/aufsicht\/personal-und-verwaltung-der-traeger-selbstverwaltung\/personal-und-verwaltungsangelegenheiten\/vorstandsverguetung.html\" target=\"_blank\" rel=\"noopener\"> &#8222;Vorstandsverg\u00fctungen in der gesetzlichen Krankenversicherung&#8220;<\/a> 2005-2016<\/li>\n<\/ul>\n<p>&nbsp;<\/p>\n","protected":false},"excerpt":{"rendered":"<p>Die Aufsichtsbeh\u00f6rden entscheiden \u00fcber die Angemessenheit der Verg\u00fctung eines Krankenkassenvorstandes nach pflichtgem\u00e4\u00dfem Ermessen unter Achtung des Selbstverwaltungsrechts der Krankenkasse. Dabei sind sie gehalten, die einschl\u00e4gigen Ermessenskriterien in allgemeinen Verwaltungsvorschriften festzulegen. [&#8230;]<\/p>\n","protected":false},"author":13,"featured_media":0,"comment_status":"open","ping_status":"closed","sticky":false,"template":"","format":"standard","meta":{"ngg_post_thumbnail":0,"iawp_total_views":9,"footnotes":""},"categories":[80,68],"tags":[],"class_list":["post-23659","post","type-post","status-publish","format-standard","hentry","category-bsg","category-recht"],"_links":{"self":[{"href":"https:\/\/iuzb.de\/index.php?rest_route=\/wp\/v2\/posts\/23659","targetHints":{"allow":["GET"]}}],"collection":[{"href":"https:\/\/iuzb.de\/index.php?rest_route=\/wp\/v2\/posts"}],"about":[{"href":"https:\/\/iuzb.de\/index.php?rest_route=\/wp\/v2\/types\/post"}],"author":[{"embeddable":true,"href":"https:\/\/iuzb.de\/index.php?rest_route=\/wp\/v2\/users\/13"}],"replies":[{"embeddable":true,"href":"https:\/\/iuzb.de\/index.php?rest_route=%2Fwp%2Fv2%2Fcomments&post=23659"}],"version-history":[{"count":8,"href":"https:\/\/iuzb.de\/index.php?rest_route=\/wp\/v2\/posts\/23659\/revisions"}],"predecessor-version":[{"id":23667,"href":"https:\/\/iuzb.de\/index.php?rest_route=\/wp\/v2\/posts\/23659\/revisions\/23667"}],"wp:attachment":[{"href":"https:\/\/iuzb.de\/index.php?rest_route=%2Fwp%2Fv2%2Fmedia&parent=23659"}],"wp:term":[{"taxonomy":"category","embeddable":true,"href":"https:\/\/iuzb.de\/index.php?rest_route=%2Fwp%2Fv2%2Fcategories&post=23659"},{"taxonomy":"post_tag","embeddable":true,"href":"https:\/\/iuzb.de\/index.php?rest_route=%2Fwp%2Fv2%2Ftags&post=23659"}],"curies":[{"name":"wp","href":"https:\/\/api.w.org\/{rel}","templated":true}]}}