{"id":23631,"date":"2018-04-04T18:35:00","date_gmt":"2018-04-04T16:35:00","guid":{"rendered":"http:\/\/iuzb.de\/?p=23631"},"modified":"2018-04-20T18:31:30","modified_gmt":"2018-04-20T16:31:30","slug":"vzb-iuzb-wechsel-in-der-vertreterversammlung","status":"publish","type":"post","link":"https:\/\/iuzb.de\/?p=23631","title":{"rendered":"VZB: IUZB-Wechsel in der Vertreterversammlung"},"content":{"rendered":"<p>An das<br \/>\nVersorgungswerk der Zahn\u00e4rztekammer Berlin K.d.\u00f6.R.<br \/>\nKlaus-Groth-Stra\u00dfe 3<br \/>\n14050 Berlin<\/p>\n<p><strong>R\u00fccktritt als Mitglied der Vertreterversammlung<\/strong><\/p>\n<p>Sehr geehrter Herr Kollege Dr. Sch\u00e4fer,<br \/>\nsehr geehrter Herr Kollege Dr. Rellermeier,<\/p>\n<p>hiermit m\u00f6chte ich Sie dar\u00fcber informieren, dass ich mein Amt als Mitglied der Vertreterversammlung des Versorgungswerkes der Zahn\u00e4rztekammer Berlin mit sofortiger Wirkung niederlege.<\/p>\n<p>lch bedanke mich f\u00fcr die jahrelange kollegiale Zusammenarbeit.<\/p>\n<p>lch bin fest davon \u00fcberzeugt, dass der Kollege Dr. Lutz-Stephan Wei\u00df &#8211; den ich \u00fcber meine Entscheidung informiert habe &#8211; seine Erfahrung und sein Wissen konstruktiv zum Wohle aller Mitglieder des Versorgungswerkes einbringen wird.<\/p>\n<p>Mit freundlichen und kollegialen Gr\u00fc\u00dfen<\/p>\n<p><strong>gez. Dr. H. Dohmeier-de Haan<\/strong><br \/>\nBerlin, den 03. April 2018<\/p>\n<p>&nbsp;<\/p>\n<div id=\"attachment_12486\" style=\"width: 260px\" class=\"wp-caption alignleft\"><a href=\"https:\/\/iuzb.de\/wp-content\/uploads\/2008\/07\/Dr.-Helmut-Dohmeier-de-Haan.jpg\"><img loading=\"lazy\" decoding=\"async\" aria-describedby=\"caption-attachment-12486\" class=\"wp-image-12486\" src=\"https:\/\/iuzb.de\/wp-content\/uploads\/2008\/07\/Dr.-Helmut-Dohmeier-de-Haan.jpg\" alt=\"\" width=\"250\" height=\"350\" srcset=\"https:\/\/iuzb.de\/wp-content\/uploads\/2008\/07\/Dr.-Helmut-Dohmeier-de-Haan.jpg 591w, https:\/\/iuzb.de\/wp-content\/uploads\/2008\/07\/Dr.-Helmut-Dohmeier-de-Haan-107x150.jpg 107w, https:\/\/iuzb.de\/wp-content\/uploads\/2008\/07\/Dr.-Helmut-Dohmeier-de-Haan-214x300.jpg 214w\" sizes=\"auto, (max-width: 250px) 100vw, 250px\" \/><\/a><p id=\"caption-attachment-12486\" class=\"wp-caption-text\">Dr. Helmut Dohmeier-de Haan<\/p><\/div>\n<div id=\"attachment_12492\" style=\"width: 260px\" class=\"wp-caption alignleft\"><a href=\"https:\/\/iuzb.de\/wp-content\/uploads\/2008\/07\/Dr.-Lutz-Stephan-Weiss.jpg\"><img loading=\"lazy\" decoding=\"async\" aria-describedby=\"caption-attachment-12492\" class=\"wp-image-12492\" src=\"https:\/\/iuzb.de\/wp-content\/uploads\/2008\/07\/Dr.-Lutz-Stephan-Weiss.jpg\" alt=\"\" width=\"250\" height=\"346\" srcset=\"https:\/\/iuzb.de\/wp-content\/uploads\/2008\/07\/Dr.-Lutz-Stephan-Weiss.jpg 501w, https:\/\/iuzb.de\/wp-content\/uploads\/2008\/07\/Dr.-Lutz-Stephan-Weiss-108x150.jpg 108w, https:\/\/iuzb.de\/wp-content\/uploads\/2008\/07\/Dr.-Lutz-Stephan-Weiss-217x300.jpg 217w\" sizes=\"auto, (max-width: 250px) 100vw, 250px\" \/><\/a><p id=\"caption-attachment-12492\" class=\"wp-caption-text\">Nachr\u00fccker Dr. Lutz-Stephan Wei\u00df<\/p><\/div>\n<p>&nbsp;<\/p>\n<p>&nbsp;<\/p>\n<p>&nbsp;<\/p>\n","protected":false},"excerpt":{"rendered":"<p>An das Versorgungswerk der Zahn\u00e4rztekammer Berlin K.d.\u00f6.R. Klaus-Groth-Stra\u00dfe 3 14050 Berlin R\u00fccktritt als Mitglied der Vertreterversammlung Sehr geehrter Herr Kollege Dr. Sch\u00e4fer, sehr geehrter Herr Kollege Dr. Rellermeier, hiermit m\u00f6chte [&#8230;]<\/p>\n","protected":false},"author":13,"featured_media":0,"comment_status":"open","ping_status":"closed","sticky":false,"template":"","format":"standard","meta":{"ngg_post_thumbnail":0,"iawp_total_views":11,"footnotes":""},"categories":[48,47,87],"tags":[],"class_list":["post-23631","post","type-post","status-publish","format-standard","hentry","category-iuzb","category-versorgungswerk-vzb","category-vertreterversammlung"],"_links":{"self":[{"href":"https:\/\/iuzb.de\/index.php?rest_route=\/wp\/v2\/posts\/23631","targetHints":{"allow":["GET"]}}],"collection":[{"href":"https:\/\/iuzb.de\/index.php?rest_route=\/wp\/v2\/posts"}],"about":[{"href":"https:\/\/iuzb.de\/index.php?rest_route=\/wp\/v2\/types\/post"}],"author":[{"embeddable":true,"href":"https:\/\/iuzb.de\/index.php?rest_route=\/wp\/v2\/users\/13"}],"replies":[{"embeddable":true,"href":"https:\/\/iuzb.de\/index.php?rest_route=%2Fwp%2Fv2%2Fcomments&post=23631"}],"version-history":[{"count":7,"href":"https:\/\/iuzb.de\/index.php?rest_route=\/wp\/v2\/posts\/23631\/revisions"}],"predecessor-version":[{"id":23638,"href":"https:\/\/iuzb.de\/index.php?rest_route=\/wp\/v2\/posts\/23631\/revisions\/23638"}],"wp:attachment":[{"href":"https:\/\/iuzb.de\/index.php?rest_route=%2Fwp%2Fv2%2Fmedia&parent=23631"}],"wp:term":[{"taxonomy":"category","embeddable":true,"href":"https:\/\/iuzb.de\/index.php?rest_route=%2Fwp%2Fv2%2Fcategories&post=23631"},{"taxonomy":"post_tag","embeddable":true,"href":"https:\/\/iuzb.de\/index.php?rest_route=%2Fwp%2Fv2%2Ftags&post=23631"}],"curies":[{"name":"wp","href":"https:\/\/api.w.org\/{rel}","templated":true}]}}