{"id":23475,"date":"2018-03-16T08:59:52","date_gmt":"2018-03-16T07:59:52","guid":{"rendered":"http:\/\/iuzb.de\/?p=23475"},"modified":"2018-04-24T10:15:17","modified_gmt":"2018-04-24T08:15:17","slug":"datenschutz-grundverordnung-dsgvo","status":"publish","type":"post","link":"https:\/\/iuzb.de\/?p=23475","title":{"rendered":"Datenschutz-Grundverordnung DSGVO gilt ab dem 25. Mai 2018"},"content":{"rendered":"<p>Auf der Webseite <a href=\"https:\/\/dsgvo-gesetz.de\/\" target=\"_blank\" rel=\"noopener\">dsgvo-gesetz.de<\/a> finden Sie das offizielle PDF der Verordnung (EU) 2016\/679 (Datenschutz-Grundverordnung) \u00fcbersichtlich aufbereitet. Alle Artikel sind mit den passenden Erw\u00e4gungsgr\u00fcnden und dem <a href=\"https:\/\/dsgvo-gesetz.de\/bdsg-neu\/\" target=\"_blank\" rel=\"noopener\">BDSG (neu) 2017<\/a> verkn\u00fcpft. Die EU-DSGVO und das BDSG (neu) werden am <strong>25. Mai 2018<\/strong> anwendbar, das betrifft f\u00fcr unserem zahn\u00e4rztlichen Bereich insbesondere die KZVen, Kammern aber auch alle ZA-Praxen.<\/p>\n<ul>\n<li><a href=\"https:\/\/dsgvo-gesetz.de\/\" target=\"_blank\" rel=\"noopener\">dsgvo-gesetz.de<\/a><\/li>\n<\/ul>\n<p>&nbsp;<\/p>\n<p><span style=\"text-decoration: underline;\">Weiterf\u00fchrend:<\/span><\/p>\n<ul>\n<li>LTO 14.04.2016: <a href=\"https:\/\/www.lto.de\/recht\/hintergruende\/h\/eu-parlament-datenschutz-grundverordnung-dsgvo-reform-harmonisierung-bussgeld\/\" target=\"_blank\" rel=\"noopener\">EU-Parlament beschlie\u00dft Datenschutz-Grundverordnung Ein\u00adheit\u00adli\u00adcher, strenger, teurer<\/a><\/li>\n<\/ul>\n","protected":false},"excerpt":{"rendered":"<p>Auf der Webseite dsgvo-gesetz.de finden Sie das offizielle PDF der Verordnung (EU) 2016\/679 (Datenschutz-Grundverordnung) \u00fcbersichtlich aufbereitet. Alle Artikel sind mit den passenden Erw\u00e4gungsgr\u00fcnden und dem BDSG (neu) 2017 verkn\u00fcpft. Die [&#8230;]<\/p>\n","protected":false},"author":13,"featured_media":0,"comment_status":"open","ping_status":"closed","sticky":false,"template":"","format":"standard","meta":{"ngg_post_thumbnail":0,"iawp_total_views":1,"footnotes":""},"categories":[108,68],"tags":[],"class_list":["post-23475","post","type-post","status-publish","format-standard","hentry","category-datenschutz-und-informationsfreiheit","category-recht"],"_links":{"self":[{"href":"https:\/\/iuzb.de\/index.php?rest_route=\/wp\/v2\/posts\/23475","targetHints":{"allow":["GET"]}}],"collection":[{"href":"https:\/\/iuzb.de\/index.php?rest_route=\/wp\/v2\/posts"}],"about":[{"href":"https:\/\/iuzb.de\/index.php?rest_route=\/wp\/v2\/types\/post"}],"author":[{"embeddable":true,"href":"https:\/\/iuzb.de\/index.php?rest_route=\/wp\/v2\/users\/13"}],"replies":[{"embeddable":true,"href":"https:\/\/iuzb.de\/index.php?rest_route=%2Fwp%2Fv2%2Fcomments&post=23475"}],"version-history":[{"count":9,"href":"https:\/\/iuzb.de\/index.php?rest_route=\/wp\/v2\/posts\/23475\/revisions"}],"predecessor-version":[{"id":23485,"href":"https:\/\/iuzb.de\/index.php?rest_route=\/wp\/v2\/posts\/23475\/revisions\/23485"}],"wp:attachment":[{"href":"https:\/\/iuzb.de\/index.php?rest_route=%2Fwp%2Fv2%2Fmedia&parent=23475"}],"wp:term":[{"taxonomy":"category","embeddable":true,"href":"https:\/\/iuzb.de\/index.php?rest_route=%2Fwp%2Fv2%2Fcategories&post=23475"},{"taxonomy":"post_tag","embeddable":true,"href":"https:\/\/iuzb.de\/index.php?rest_route=%2Fwp%2Fv2%2Ftags&post=23475"}],"curies":[{"name":"wp","href":"https:\/\/api.w.org\/{rel}","templated":true}]}}