{"id":23415,"date":"2018-03-05T20:52:00","date_gmt":"2018-03-05T19:52:00","guid":{"rendered":"http:\/\/iuzb.de\/?p=23415"},"modified":"2018-03-05T20:59:51","modified_gmt":"2018-03-05T19:59:51","slug":"lg-zahnbehandlungsurteil-urteil-zu-den-avb-1970-der-allianz-pkv","status":"publish","type":"post","link":"https:\/\/iuzb.de\/?p=23415","title":{"rendered":"LG-Zahnbehandlungsurteil-Urteil zu den AVB 1970 der Allianz-PKV"},"content":{"rendered":"<div id=\"attachment_23432\" style=\"width: 363px\" class=\"wp-caption alignright\"><a href=\"https:\/\/iuzb.de\/wp-content\/uploads\/2018\/03\/2018-02-20-LG-D\u00fcsseldorf-Az-9-O-214-geschw\u00e4rzt.pdf\"><img loading=\"lazy\" decoding=\"async\" aria-describedby=\"caption-attachment-23432\" class=\"wp-image-23432 size-medium\" src=\"https:\/\/iuzb.de\/wp-content\/uploads\/2018\/03\/2018-02-20-LG-D\u00fcsseldorf-Az-9-O-214-geschw\u00e4rzt-Bild-353x300.jpg\" alt=\"\" width=\"353\" height=\"300\" srcset=\"https:\/\/iuzb.de\/wp-content\/uploads\/2018\/03\/2018-02-20-LG-D\u00fcsseldorf-Az-9-O-214-geschw\u00e4rzt-Bild-353x300.jpg 353w, https:\/\/iuzb.de\/wp-content\/uploads\/2018\/03\/2018-02-20-LG-D\u00fcsseldorf-Az-9-O-214-geschw\u00e4rzt-Bild-141x120.jpg 141w, https:\/\/iuzb.de\/wp-content\/uploads\/2018\/03\/2018-02-20-LG-D\u00fcsseldorf-Az-9-O-214-geschw\u00e4rzt-Bild-768x652.jpg 768w, https:\/\/iuzb.de\/wp-content\/uploads\/2018\/03\/2018-02-20-LG-D\u00fcsseldorf-Az-9-O-214-geschw\u00e4rzt-Bild.jpg 969w\" sizes=\"auto, (max-width: 353px) 100vw, 353px\" \/><\/a><p id=\"caption-attachment-23432\" class=\"wp-caption-text\"><a href=\"https:\/\/iuzb.de\/wp-content\/uploads\/2018\/03\/2018-02-20-LG-D\u00fcsseldorf-Az-9-O-214-geschw\u00e4rzt.pdf\" target=\"_blank\" rel=\"noopener\"><span style=\"font-size: 8pt;\">LG D\u00fcsseldorf, Az 9 O 2\/14 vom 20.02.2018<\/span><\/a><\/p><\/div>\n<p style=\"text-align: justify;\">Im beigef\u00fcgten Urteil des Landgerichts D\u00fcsseldorf vom 20. Februar 2018 (Az 9 O 2\/14), welches wir unseren hiermit zur Kenntnis geben, verklagte ein privat versicherter Patient die Allianz Private Krankenversicherung AG erfolgreich auf \u00dcbernahme von \u00fcber 10.000 \u20ac an Zahnbehandlungskosten.<\/p>\n<p style=\"text-align: justify;\">Das Urteil zeigt, wie sinnvoll es gerade auch bei Ur-Alt-Versicherungsvertr\u00e4gen ist, auf eine l\u00fcckenlose Dokumentation \u00fcber den Umfang und den Verlauf einer (privaten Kranken)versicherung zu achten. Im vorliegenden Fall war dies offenbar weder dem Patienten\/Versicherungsnehmer, noch der Allianz als beklagte Versicherungsgeberin m\u00f6glich. Im Ergebnis urteilte dann das Gericht, dass die Allgemeinen Vertragsbedingungen (AVB) von 1970 gelten und f\u00fchrte aus:<\/p>\n<blockquote>\n<p style=\"text-align: justify;\">Nach den AVB 1970 werden Leistungen betreffend Zahnbehandlungen, Zahnersatz und Zahn- und Kieferregulierung &#8211; im tariflichen Umfang &#8211; erstattet. Dabei gehen die Parteien \u00fcbereinstimmend davon aus, dass Zahnbehandlungen zu 100% erstattet werden, Zahnersatz und Zahn- und Kieferregulierung zu 75% und dass funktionsanalytische und -therapeutische Leistungen (<a href=\"https:\/\/de.wikipedia.org\/wiki\/Gnathologie\" target=\"_blank\" rel=\"noopener\">Gnathologie<\/a>) erst in sp\u00e4teren Tarifbedingungen, .auf die hier nicht zur\u00fcckgegriffen werden kann, erw\u00e4hnt werden.<\/p>\n<\/blockquote>\n<p style=\"text-align: justify;\">Und:<\/p>\n<blockquote>\n<p style=\"text-align: justify;\">Soweit sich die Beklagte zu ihrer Rechtsverteidigung auf <a href=\"https:\/\/www.gesetze-im-internet.de\/vvg_2008\/__192.html\" target=\"_blank\" rel=\"noopener\">\u00a7 192 Abs. 2 VVG<\/a> bezieht, ist zu bemerken, dass der Versicherer in der Beschreibung des Leistungsversprechens frei ist (Bach\/Moser\/Kalis, 5. Aufl. 2015, VVG \u00a7 192 Rn. 61) <strong>und eine H\u00f6chstsatzbegrenzung in den streitgegenst\u00e4ndlichen Bedingungen eben nicht vorgesehen hat<\/strong>.<\/p>\n<\/blockquote>\n<p style=\"text-align: justify;\">Diesbez\u00fcglich erinnern wir auch noch einmal an das Urteil Landgerichts Duisburg vom 14.02.2017 gegen die DKV:<\/p>\n<ul style=\"text-align: justify;\">\n<li><a href=\"https:\/\/iuzb.de\/?p=20862\" target=\"_blank\" rel=\"noopener\">LG: Unklare Versicherungsbedingungen gehen bis zur Grenze der Treuwidrigkeit zu Lasten der Krankenversicherung<\/a><\/li>\n<\/ul>\n<p>&nbsp;<\/p>\n","protected":false},"excerpt":{"rendered":"<p>Im beigef\u00fcgten Urteil des Landgerichts D\u00fcsseldorf vom 20. Februar 2018 (Az 9 O 2\/14), welches wir unseren hiermit zur Kenntnis geben, verklagte ein privat versicherter Patient die Allianz Private Krankenversicherung [&#8230;]<\/p>\n","protected":false},"author":13,"featured_media":0,"comment_status":"open","ping_status":"closed","sticky":false,"template":"","format":"standard","meta":{"ngg_post_thumbnail":0,"iawp_total_views":4,"footnotes":""},"categories":[68],"tags":[],"class_list":["post-23415","post","type-post","status-publish","format-standard","hentry","category-recht"],"_links":{"self":[{"href":"https:\/\/iuzb.de\/index.php?rest_route=\/wp\/v2\/posts\/23415","targetHints":{"allow":["GET"]}}],"collection":[{"href":"https:\/\/iuzb.de\/index.php?rest_route=\/wp\/v2\/posts"}],"about":[{"href":"https:\/\/iuzb.de\/index.php?rest_route=\/wp\/v2\/types\/post"}],"author":[{"embeddable":true,"href":"https:\/\/iuzb.de\/index.php?rest_route=\/wp\/v2\/users\/13"}],"replies":[{"embeddable":true,"href":"https:\/\/iuzb.de\/index.php?rest_route=%2Fwp%2Fv2%2Fcomments&post=23415"}],"version-history":[{"count":17,"href":"https:\/\/iuzb.de\/index.php?rest_route=\/wp\/v2\/posts\/23415\/revisions"}],"predecessor-version":[{"id":23437,"href":"https:\/\/iuzb.de\/index.php?rest_route=\/wp\/v2\/posts\/23415\/revisions\/23437"}],"wp:attachment":[{"href":"https:\/\/iuzb.de\/index.php?rest_route=%2Fwp%2Fv2%2Fmedia&parent=23415"}],"wp:term":[{"taxonomy":"category","embeddable":true,"href":"https:\/\/iuzb.de\/index.php?rest_route=%2Fwp%2Fv2%2Fcategories&post=23415"},{"taxonomy":"post_tag","embeddable":true,"href":"https:\/\/iuzb.de\/index.php?rest_route=%2Fwp%2Fv2%2Ftags&post=23415"}],"curies":[{"name":"wp","href":"https:\/\/api.w.org\/{rel}","templated":true}]}}