{"id":23378,"date":"2018-03-02T10:30:05","date_gmt":"2018-03-02T09:30:05","guid":{"rendered":"http:\/\/iuzb.de\/?p=23378"},"modified":"2018-03-19T16:08:51","modified_gmt":"2018-03-19T15:08:51","slug":"zweiter-offener-brief-der-iuzb-an-den-kammerpraesidenten","status":"publish","type":"post","link":"https:\/\/iuzb.de\/?p=23378","title":{"rendered":"Zweiter Offener Brief der IUZB an den Kammerpr\u00e4sidenten"},"content":{"rendered":"<p>Herrn<br \/>\nDr. Karsten Heegewaldt<br \/>\nPr\u00e4sident der Zahn\u00e4rztekammer Berlin<br \/>\nStallstra\u00dfe 1<br \/>\n10585 Berlin<br \/>\nPer eMail<\/p>\n<p>&nbsp;<\/p>\n<p><strong>Zweiter Offener Brief<\/strong><\/p>\n<ul>\n<li>Unser unbeantwortetes Gespr\u00e4chsangebot (<a href=\"https:\/\/iuzb.de\/?p=23104\" target=\"_blank\" rel=\"noopener\">Offener Brief<\/a> vom 31.01.2018)<\/li>\n<li>Verleihung der Ewald-Harndt-Medaille an Dr. Rolf Koschorrek<\/li>\n<li>Fragerechte in der Delegiertenversammlung<\/li>\n<li>Ungereimtheiten bei der Kammerwahl<\/li>\n<li>Datenschutzmissachtung bei der KZV Wahlauswertung<\/li>\n<li>Einladung vom 21.02.2018 an alle Wahllisten zum standespolitischen Gespr\u00e4ch am 25.04.2018<\/li>\n<\/ul>\n<p>Sehr geehrter Herr Kollege Heegewaldt,<\/p>\n<p>wenn unser Eindruck uns nicht t\u00e4uscht, scheinen Sie f\u00fcr jede M\u00f6glichkeit dankbar zu sein, die Offenheit und Fairness, die Sie allen Kolleginnen und Kollegen versprochen haben, nicht in die Tat umsetzen zu m\u00fcssen. Mit Ihrem rhetorischen Seitenhieb, dass unsere Bedenken an der (Ver)Ehrung des Kollegen Koschorrek Sie besch\u00e4men, sichern Sie sich den Applaus der Sie st\u00fctzenden Verb\u00e4nde und wohl insbesondere auch der Bundeszahn\u00e4rztekammer als Vorschlagsgeberin.<\/p>\n<p>Unsere \u00f6ffentlich ge\u00e4u\u00dferte Kritik sind f\u00fcr Sie Anlass sich emp\u00f6rt zu geben und Bescheid zu wissen, wer dieser Preisverleihung den Glanz genommen hat. Sie haben uns berichtet, dass der Preistr\u00e4ger in einem Vorgespr\u00e4ch Ihnen versichert hat, dass ihm seine bezahlte Vortragst\u00e4tigkeit nur &#8222;einmal&#8220; im <a href=\"http:\/\/www.spiegel.de\/spiegel\/bundestagsabgeordneter-begehrter-geschaeftspartner-von-pharmakonzernen-a-912719.html\" target=\"_blank\" rel=\"noopener\">SPIEGEL<\/a> und ansonsten in keinem anderen &#8222;Medium&#8220; zum Vorwurf gemacht worden ist. Mit etwas Recherche h\u00e4tten Sie wissen k\u00f6nnen, dass dies nicht zutrifft.<\/p>\n<p>Insbesondere die Feststellung des Kollegen Koschorrek: &#8222;<a href=\"https:\/\/iuzb.de\/wp-content\/uploads\/2018\/03\/2012-11-14-Hamb-Abendbl-Vielleicht-geh\u00f6re-ich-auch-einfach-nur-zu.pdf\" target=\"_blank\" rel=\"noopener\">Vielleicht geh\u00f6re ich einfach nur zu den Bl\u00f6den, die alles angeben<\/a>&#8222;, spricht B\u00e4nde. Besagt es doch nichts anderes, als wer ehrlich und rechtschaffend seinem ihm \u00fcbertragenen Mandat nachgeht, ist seiner Meinung nach ein zu bemitleidender Depp. Empfinden Sie das als eine ehrenwerte, beispielhafte und w\u00fcrdige Handlungsanweisung eines Bundestagsabgeordneten?<\/p>\n<p>Bei dieser Gelegenheit m\u00f6chten wir Ihnen aber auch vermitteln, was wir an der letzten Delegiertenversammlung als besonders besch\u00e4mend empfunden haben:<\/p>\n<ol>\n<li>Zun\u00e4chst war dies der ungeniert vorgetragene Versuch des Kollegen Steiner &#8211; <a href=\"https:\/\/www.fvdz.de\/vorstand.html\" target=\"_blank\" rel=\"noopener\">immerhin ein Mitglied des Bundesvorstandes des Freien Verbandes Deutscher Zahn\u00e4rzte<\/a> &#8211; seinen Kolleginnen und Kollegen per Mehrheitsentscheid das Fragerecht entziehen zu lassen und damit grunds\u00e4tzliche, parlamentarische Prinzipien auszuhebeln. Dass dies keine sofortige, eindeutige Stellungnahme seitens des Vorstandes der Zahn\u00e4rztekammer ausgel\u00f6st hat, ist erb\u00e4rmlich. Ihre Stimmenthaltung bei der Ablehnung dieses Gesch\u00e4ftsantrages macht die <a href=\"https:\/\/iuzb.de\/?p=22819#comment-403\" target=\"_blank\" rel=\"noopener\">ver\u00f6ffentlichte Emp\u00f6rung<\/a> \u00fcber das <a href=\"https:\/\/iuzb.de\/?p=22819#comment-402\" target=\"_blank\" rel=\"noopener\">Statement des Kollegen Klutke<\/a>, in dem er sich an &#8222;l\u00e4ngst vergangene Zeiten&#8220; erinnert f\u00fchlte, nachtr\u00e4glich besonders unglaubw\u00fcrdig.<br \/>\n<span style=\"color: #ffffff;\">.<\/span><\/li>\n<li>Auch Sie wissen, dass wir hinsichtlich der Ungereimtheiten bei der letzten Kammerwahl (u.a. Anzahl der Wahlberechtigten, Unmenge an ung\u00fcltigen Stimmen) erhebliche Zweifel an einem fairen Wahlverlauf hatten. Hierbei spielten die Vorg\u00e4nge um die sog. \u201eWahlanalyse&#8220; der KZV-Wahl eine entscheidende Rolle. Wir haben diese \u201eWahlauswertung\u201c mangels einer Rechtsgrundlage als datenschutzrechtlich unzul\u00e4ssig und \u2013 im Hinblick auf einen m\u00f6glichen Wettbewerbsvorteil der Vorstands-Wahllisten FVDZ und VdZvB bei der Wahl vom 01. Dezember 2016 \u2013 als bedenklich bezeichnet. Da Sie unsere Internetseite bestimmt gut im Auge haben, kann Ihnen die jetzt dazu erfolgte <a href=\"https:\/\/iuzb.de\/?p=23235\" target=\"_blank\" rel=\"noopener\">Stellungnahme der Berliner Datenschutzbeauftragten<\/a> nicht entgangen sein.<br \/>\n<span style=\"color: #ffffff;\">.<\/span><br \/>\nWir finden es besch\u00e4mend, dass Sie als Pr\u00e4sident der Zahn\u00e4rztekammer Berlin und standespolitischer Vertreter aller Berliner Kolleginnen und Kollegen hierzu in der DV keine Position bezogen haben.<br \/>\n<span style=\"color: #ffffff;\">.<\/span><br \/>\nNach unserer Auffassung ist es notwendig, das Verhalten des Vorstandes der KZV berufsrechtlich zu pr\u00fcfen und zu bewerten.<br \/>\n<span style=\"color: #ffffff;\">.<\/span><\/li>\n<li>Bis zum heutigen Tage haben wir keine Antwort auf unseren <a href=\"https:\/\/iuzb.de\/?p=23104\" target=\"_blank\" rel=\"noopener\">Offenen Brief<\/a> und unsere an den Vorstand \u00fcbermittelten Terminvorschl\u00e4ge f\u00fcr ein Gespr\u00e4ch \u00fcber die zwischen der Z\u00c4K und der IUZB bestehenden offenen Fragen und Meinungsverschiedenheiten erhalten.<br \/>\n<span style=\"color: #ffffff;\">.<\/span><br \/>\nSollen wir in dem von Ihnen an alle Verb\u00e4nde gerichtete Einladung Ihre Politik der \u201eoffenen T\u00fcr\u201c erkennen?<br \/>\n<span style=\"color: #ffffff;\">.<\/span><br \/>\nMisstrauen Ihnen Ihre Verbandskollegen so sehr, dass sie dabei sein m\u00fcssen, wenn Sie mit uns ein vertrauliches Gespr\u00e4ch f\u00fchren?<br \/>\n<span style=\"color: #ffffff;\">.<\/span><br \/>\nNat\u00fcrlich sind wir auch zu einem Gespr\u00e4ch mit allen Kolleginnen und Kollegen bereit. Bevor es aber dazu kommen kann, wollen wir mit Ihnen dar\u00fcber diskutieren, wie wir uns eine faire und kollegiale Zusammenarbeit mit dem Vorstand der Zahn\u00e4rztekammer Berlin vorstellen.<br \/>\n<span style=\"color: #ffffff;\">.<\/span><br \/>\nDer von Ihnen &#8211; unter Teilnahme aller in der DV vertretener Wahllisten &#8211; vorgeschlagene Termin am 25. April erscheint uns hierf\u00fcr nicht geeignet.<\/li>\n<\/ol>\n<p><span style=\"color: #ffffff;\">.<\/span><\/p>\n<p>Mit freundlichen kollegialen Gr\u00fc\u00dfen<\/p>\n<p>gez. Gerhard Gneist<br \/>\ngez. Dr. Helmut Dohmeier-de Haan<br \/>\n1. und 2. Vorsitzende IUZB e.V.<\/p>\n","protected":false},"excerpt":{"rendered":"<p>Herrn Dr. Karsten Heegewaldt Pr\u00e4sident der Zahn\u00e4rztekammer Berlin Stallstra\u00dfe 1 10585 Berlin Per eMail &nbsp; Zweiter Offener Brief Unser unbeantwortetes Gespr\u00e4chsangebot (Offener Brief vom 31.01.2018) Verleihung der Ewald-Harndt-Medaille an Dr. [&#8230;]<\/p>\n","protected":false},"author":13,"featured_media":0,"comment_status":"open","ping_status":"closed","sticky":false,"template":"","format":"standard","meta":{"ngg_post_thumbnail":0,"iawp_total_views":2,"footnotes":""},"categories":[91,251,242,63,46],"tags":[],"class_list":["post-23378","post","type-post","status-publish","format-standard","hentry","category-delegiertenversammlung","category-ewald-harndt-medaille","category-infobriefe","category-kammerwahl-2016","category-zahnaerztekammer-berlin"],"_links":{"self":[{"href":"https:\/\/iuzb.de\/index.php?rest_route=\/wp\/v2\/posts\/23378","targetHints":{"allow":["GET"]}}],"collection":[{"href":"https:\/\/iuzb.de\/index.php?rest_route=\/wp\/v2\/posts"}],"about":[{"href":"https:\/\/iuzb.de\/index.php?rest_route=\/wp\/v2\/types\/post"}],"author":[{"embeddable":true,"href":"https:\/\/iuzb.de\/index.php?rest_route=\/wp\/v2\/users\/13"}],"replies":[{"embeddable":true,"href":"https:\/\/iuzb.de\/index.php?rest_route=%2Fwp%2Fv2%2Fcomments&post=23378"}],"version-history":[{"count":13,"href":"https:\/\/iuzb.de\/index.php?rest_route=\/wp\/v2\/posts\/23378\/revisions"}],"predecessor-version":[{"id":23394,"href":"https:\/\/iuzb.de\/index.php?rest_route=\/wp\/v2\/posts\/23378\/revisions\/23394"}],"wp:attachment":[{"href":"https:\/\/iuzb.de\/index.php?rest_route=%2Fwp%2Fv2%2Fmedia&parent=23378"}],"wp:term":[{"taxonomy":"category","embeddable":true,"href":"https:\/\/iuzb.de\/index.php?rest_route=%2Fwp%2Fv2%2Fcategories&post=23378"},{"taxonomy":"post_tag","embeddable":true,"href":"https:\/\/iuzb.de\/index.php?rest_route=%2Fwp%2Fv2%2Ftags&post=23378"}],"curies":[{"name":"wp","href":"https:\/\/api.w.org\/{rel}","templated":true}]}}