{"id":23358,"date":"2018-03-06T08:02:35","date_gmt":"2018-03-06T07:02:35","guid":{"rendered":"http:\/\/iuzb.de\/?p=23358"},"modified":"2025-09-06T07:27:52","modified_gmt":"2025-09-06T05:27:52","slug":"vorstandsverguetungen-kzv-berlin-brandenburg-bremen-und-kzbv","status":"publish","type":"post","link":"https:\/\/iuzb.de\/?p=23358","title":{"rendered":"Vorstandsverg\u00fctungen KZV Berlin, Brandenburg, Bremen und KZBV"},"content":{"rendered":"<p>Pflichtver\u00f6ffentlichungen der Vorstandsverg\u00fctungen der KZBV und der KZV\u2019en gem\u00e4\u00df <a href=\"http:\/\/www.sozialgesetzbuch-sgb.de\/sgbv\/79.html\" target=\"_blank\" rel=\"noopener\">\u00a7 79 Abs. 4 SGB V<\/a> zum 01. M\u00e4rz 2018,<\/p>\n<p>Auszug KZV Berlin, Brandenburg Bremen:<\/p>\n<p><a href=\"https:\/\/iuzb.de\/wp-content\/uploads\/2018\/03\/2018-03-01-Bundesanzeiger-Vorstandsverg\u00fctung-KZV-BBB.jpg\" target=\"_blank\" rel=\"noopener\"><img loading=\"lazy\" decoding=\"async\" class=\"alignnone size-full wp-image-23410\" src=\"https:\/\/iuzb.de\/wp-content\/uploads\/2018\/03\/2018-03-01-Bundesanzeiger-Vorstandsverg\u00fctung-KZV-BBB.jpg\" alt=\"\" width=\"1704\" height=\"918\" srcset=\"https:\/\/iuzb.de\/wp-content\/uploads\/2018\/03\/2018-03-01-Bundesanzeiger-Vorstandsverg\u00fctung-KZV-BBB.jpg 1704w, https:\/\/iuzb.de\/wp-content\/uploads\/2018\/03\/2018-03-01-Bundesanzeiger-Vorstandsverg\u00fctung-KZV-BBB-223x120.jpg 223w, https:\/\/iuzb.de\/wp-content\/uploads\/2018\/03\/2018-03-01-Bundesanzeiger-Vorstandsverg\u00fctung-KZV-BBB-450x242.jpg 450w, https:\/\/iuzb.de\/wp-content\/uploads\/2018\/03\/2018-03-01-Bundesanzeiger-Vorstandsverg\u00fctung-KZV-BBB-768x414.jpg 768w, https:\/\/iuzb.de\/wp-content\/uploads\/2018\/03\/2018-03-01-Bundesanzeiger-Vorstandsverg\u00fctung-KZV-BBB-1600x862.jpg 1600w\" sizes=\"auto, (max-width: 1704px) 100vw, 1704px\" \/><\/a><\/p>\n<p>&nbsp;<\/p>\n<p>Und der Kassenzahn\u00e4rztlichen Bundesvereinigung:<\/p>\n<p><a href=\"https:\/\/iuzb.de\/wp-content\/uploads\/2018\/03\/2018-03-01-Bundesanzeiger-Vorstandsverg\u00fctung-KZBV.jpg\" target=\"_blank\" rel=\"noopener\"><img loading=\"lazy\" decoding=\"async\" class=\"alignnone size-full wp-image-23411\" src=\"https:\/\/iuzb.de\/wp-content\/uploads\/2018\/03\/2018-03-01-Bundesanzeiger-Vorstandsverg\u00fctung-KZBV.jpg\" alt=\"\" width=\"1714\" height=\"1131\" srcset=\"https:\/\/iuzb.de\/wp-content\/uploads\/2018\/03\/2018-03-01-Bundesanzeiger-Vorstandsverg\u00fctung-KZBV.jpg 1714w, https:\/\/iuzb.de\/wp-content\/uploads\/2018\/03\/2018-03-01-Bundesanzeiger-Vorstandsverg\u00fctung-KZBV-182x120.jpg 182w, https:\/\/iuzb.de\/wp-content\/uploads\/2018\/03\/2018-03-01-Bundesanzeiger-Vorstandsverg\u00fctung-KZBV-450x297.jpg 450w, https:\/\/iuzb.de\/wp-content\/uploads\/2018\/03\/2018-03-01-Bundesanzeiger-Vorstandsverg\u00fctung-KZBV-768x507.jpg 768w, https:\/\/iuzb.de\/wp-content\/uploads\/2018\/03\/2018-03-01-Bundesanzeiger-Vorstandsverg\u00fctung-KZBV-1600x1056.jpg 1600w\" sizes=\"auto, (max-width: 1714px) 100vw, 1714px\" \/><\/a><\/p>\n<p>&nbsp;<\/p>\n<p>Quelle: Bundesanzeiger (<a href=\"https:\/\/www.bundesanzeiger.de\/ebanzwww\/wexsservlet?nosession=true&amp;page.navid=to_search_start&amp;global_data.designmode=eb\" target=\"_blank\" rel=\"noopener\">Suche<\/a>: \u201c KZV \u201c )<\/p>\n<p>&nbsp;<\/p>\n","protected":false},"excerpt":{"rendered":"<p>Pflichtver\u00f6ffentlichungen der Vorstandsverg\u00fctungen der KZBV und der KZV\u2019en gem\u00e4\u00df \u00a7 79 Abs. 4 SGB V zum 01. M\u00e4rz 2018, Auszug KZV Berlin, Brandenburg Bremen: &nbsp; Und der Kassenzahn\u00e4rztlichen Bundesvereinigung: &nbsp; [&#8230;]<\/p>\n","protected":false},"author":13,"featured_media":0,"comment_status":"open","ping_status":"closed","sticky":false,"template":"","format":"standard","meta":{"ngg_post_thumbnail":0,"iawp_total_views":4,"footnotes":""},"categories":[98,122,45],"tags":[],"class_list":["post-23358","post","type-post","status-publish","format-standard","hentry","category-diaeten-kzv","category-kzbv","category-kzv-berlin"],"_links":{"self":[{"href":"https:\/\/iuzb.de\/index.php?rest_route=\/wp\/v2\/posts\/23358","targetHints":{"allow":["GET"]}}],"collection":[{"href":"https:\/\/iuzb.de\/index.php?rest_route=\/wp\/v2\/posts"}],"about":[{"href":"https:\/\/iuzb.de\/index.php?rest_route=\/wp\/v2\/types\/post"}],"author":[{"embeddable":true,"href":"https:\/\/iuzb.de\/index.php?rest_route=\/wp\/v2\/users\/13"}],"replies":[{"embeddable":true,"href":"https:\/\/iuzb.de\/index.php?rest_route=%2Fwp%2Fv2%2Fcomments&post=23358"}],"version-history":[{"count":8,"href":"https:\/\/iuzb.de\/index.php?rest_route=\/wp\/v2\/posts\/23358\/revisions"}],"predecessor-version":[{"id":48566,"href":"https:\/\/iuzb.de\/index.php?rest_route=\/wp\/v2\/posts\/23358\/revisions\/48566"}],"wp:attachment":[{"href":"https:\/\/iuzb.de\/index.php?rest_route=%2Fwp%2Fv2%2Fmedia&parent=23358"}],"wp:term":[{"taxonomy":"category","embeddable":true,"href":"https:\/\/iuzb.de\/index.php?rest_route=%2Fwp%2Fv2%2Fcategories&post=23358"},{"taxonomy":"post_tag","embeddable":true,"href":"https:\/\/iuzb.de\/index.php?rest_route=%2Fwp%2Fv2%2Ftags&post=23358"}],"curies":[{"name":"wp","href":"https:\/\/api.w.org\/{rel}","templated":true}]}}