{"id":2326,"date":"2010-11-27T09:28:00","date_gmt":"2010-11-27T07:28:00","guid":{"rendered":"http:\/\/www.iuzb.org\/wordpress\/?p=2326"},"modified":"2016-12-10T14:13:15","modified_gmt":"2016-12-10T13:13:15","slug":"vzb-drei-amtstragerwechsel-im-versorgungswerk","status":"publish","type":"post","link":"https:\/\/iuzb.de\/?p=2326","title":{"rendered":"VZB: Drei Amtstr\u00e4gerwechsel im Versorgungswerk"},"content":{"rendered":"<h3>Brandenburger Verwaltungsausschussmitglied hat Mandat niedergelegt:<\/h3>\n<p><a href=\"https:\/\/iuzb.de\/wp-content\/uploads\/2010\/11\/antragherrherbertvom20.10.2010-3.jpg\" target=\"_blank\"><img loading=\"lazy\" decoding=\"async\" class=\"alignnone size-full wp-image-18246\" src=\"https:\/\/iuzb.de\/wp-content\/uploads\/2010\/11\/antragherrherbertvom20.10.2010-3.jpg\" alt=\"\" width=\"650\" height=\"444\" srcset=\"https:\/\/iuzb.de\/wp-content\/uploads\/2010\/11\/antragherrherbertvom20.10.2010-3.jpg 650w, https:\/\/iuzb.de\/wp-content\/uploads\/2010\/11\/antragherrherbertvom20.10.2010-3-300x205.jpg 300w\" sizes=\"auto, (max-width: 650px) 100vw, 650px\" \/><\/a><\/p>\n<p>&nbsp;<\/p>\n<p><a href=\"https:\/\/iuzb.de\/wp-content\/uploads\/2010\/11\/vzbruecktrittdr.wesslau24.11.2010.jpg\" target=\"_blank\"><img loading=\"lazy\" decoding=\"async\" class=\"alignnone size-full wp-image-18247\" src=\"https:\/\/iuzb.de\/wp-content\/uploads\/2010\/11\/vzbruecktrittdr.wesslau24.11.2010.jpg\" alt=\"\" width=\"650\" height=\"341\" srcset=\"https:\/\/iuzb.de\/wp-content\/uploads\/2010\/11\/vzbruecktrittdr.wesslau24.11.2010.jpg 650w, https:\/\/iuzb.de\/wp-content\/uploads\/2010\/11\/vzbruecktrittdr.wesslau24.11.2010-300x157.jpg 300w\" sizes=\"auto, (max-width: 650px) 100vw, 650px\" \/><\/a><\/p>\n<p style=\"text-align: justify;\">Herr J\u00fcrgen Herbert ist <a href=\"http:\/\/www.lzkb.de\/artikel\/kammer_vorstand_1.html\" target=\"_blank\">Pr\u00e4sident<\/a> der Landeszahn\u00e4rztekammer Brandenburg und einer der beiden stellvertretenden Vorsitzenden des Verbandes Niedergelassener Zahn\u00e4rzte Land Brandenburg (<a href=\"http:\/\/www.vnzlb.de\/index.php?category=kontakt\" target=\"_blank\">VNZLB<\/a> ).<br \/>\nHintergrund seines Abwahlantrages ist vermutlich der <a href=\"http:\/\/www.iuzb.de\/?p=2210\" target=\"_blank\">Ausgang<\/a> der KZV Wahl im Land Brandenburg vom 05. Oktober 2010. Hier hat der &#8222;\u00dcberraschungssieger&#8220;, die <a href=\"http:\/\/www.zahnaerzte-schwedt.de\/index.php\/aktuelles.html\" target=\"_blank\">Liste 3<\/a> &#8222;Unabh\u00e4ngige W\u00e4hlergemeinschaft Land Brandenburg der Zahn\u00e4rzte, Kieferorthop\u00e4den, MKG Chirurgen&#8220;, unter anderem einen <a href=\"http:\/\/www.iuzb.org\/assets\/applets\/Wahlprogramm_Liste_3.pdf\" target=\"_blank\">Wahlkampf<\/a> gegen eine: &#8222;<em>Zahnklinik-Kette mit Praxis-Netz&#8230;&#8230;Sie geh\u00f6ren einigen unserer Vertreter und hoher Amtsinhaber in der KZV: Familie We\u00dflau!&#8220;<\/em> gef\u00fchrt. Der VNZLB musste bei dieser Wahl &#8222;<a href=\"http:\/\/www.vnzlb.de\/index.php?category=aktuell\" target=\"_blank\"><em>eine herbe Niederlage hinnehmen<\/em><\/a>&#8222;. Herr Dr. Karl-Heinz We\u00dflau, der Vater des jetzt im Versorgungswerk zur\u00fcckgetretenen Herrn Dr. Dirk We\u00dflau, ist <a href=\"http:\/\/www.vnzlb.de\/index.php?category=kontakt\" target=\"_blank\">Ehrenvorsitzender<\/a> des VNZLB. Beide Herren We\u00dflau haben bei der Brandenburger KZV Wahl auf der <a href=\"http:\/\/www.kzvlb.de\/presse\/pdf\/3_Wahlbekanntmachung.pdf\" target=\"_blank\">Wahlliste<\/a> des VNZLB kandidiert.<\/p>\n<p style=\"text-align: justify;\"><strong>Herr Dr. Dirk We\u00dflau war vom 05. Mai 1999 &#8211; 23. November 2010 Mitglied des Verwaltungsausschusses.<\/strong><span style=\"color: white;\">.<\/span><\/p>\n<p><span style=\"color: white;\">.<\/span><\/p>\n<p><span style=\"color: #ffffff;\">.<\/span><\/p>\n<p><span style=\"color: #ffffff;\">.<\/span><\/p>\n<h3><span style=\"color: black;\">Zwei Wechsel in der Vertreterversammlung<\/span><\/h3>\n<p><a href=\"https:\/\/iuzb.de\/wp-content\/uploads\/2010\/11\/ablnr47-19.11.2010seite1895-1.jpg\" target=\"_blank\"><img loading=\"lazy\" decoding=\"async\" class=\"alignnone size-full wp-image-18248\" src=\"https:\/\/iuzb.de\/wp-content\/uploads\/2010\/11\/ablnr47-19.11.2010seite1895-1.jpg\" alt=\"\" width=\"650\" height=\"501\" srcset=\"https:\/\/iuzb.de\/wp-content\/uploads\/2010\/11\/ablnr47-19.11.2010seite1895-1.jpg 650w, https:\/\/iuzb.de\/wp-content\/uploads\/2010\/11\/ablnr47-19.11.2010seite1895-1-300x231.jpg 300w\" sizes=\"auto, (max-width: 650px) 100vw, 650px\" \/><\/a><\/p>\n<p><a href=\"https:\/\/iuzb.de\/wp-content\/uploads\/2010\/11\/ablnr48-26.11.2010seite1924.jpg\" target=\"_blank\"><img loading=\"lazy\" decoding=\"async\" class=\"alignnone size-full wp-image-18249\" src=\"https:\/\/iuzb.de\/wp-content\/uploads\/2010\/11\/ablnr48-26.11.2010seite1924.jpg\" alt=\"\" width=\"650\" height=\"539\" srcset=\"https:\/\/iuzb.de\/wp-content\/uploads\/2010\/11\/ablnr48-26.11.2010seite1924.jpg 650w, https:\/\/iuzb.de\/wp-content\/uploads\/2010\/11\/ablnr48-26.11.2010seite1924-300x249.jpg 300w\" sizes=\"auto, (max-width: 650px) 100vw, 650px\" \/><\/a><\/p>\n<p><span style=\"color: white;\">.<\/span><\/p>\n","protected":false},"excerpt":{"rendered":"<p>Brandenburger Verwaltungsausschussmitglied hat Mandat niedergelegt: &nbsp; Herr J\u00fcrgen Herbert ist Pr\u00e4sident der Landeszahn\u00e4rztekammer Brandenburg und einer der beiden stellvertretenden Vorsitzenden des Verbandes Niedergelassener Zahn\u00e4rzte Land Brandenburg (VNZLB ). Hintergrund seines [&#8230;]<\/p>\n","protected":false},"author":13,"featured_media":0,"comment_status":"closed","ping_status":"closed","sticky":false,"template":"","format":"standard","meta":{"ngg_post_thumbnail":0,"iawp_total_views":3,"footnotes":""},"categories":[87,219],"tags":[],"class_list":["post-2326","post","type-post","status-publish","format-standard","hentry","category-vertreterversammlung","category-verwaltungsausschuss"],"_links":{"self":[{"href":"https:\/\/iuzb.de\/index.php?rest_route=\/wp\/v2\/posts\/2326","targetHints":{"allow":["GET"]}}],"collection":[{"href":"https:\/\/iuzb.de\/index.php?rest_route=\/wp\/v2\/posts"}],"about":[{"href":"https:\/\/iuzb.de\/index.php?rest_route=\/wp\/v2\/types\/post"}],"author":[{"embeddable":true,"href":"https:\/\/iuzb.de\/index.php?rest_route=\/wp\/v2\/users\/13"}],"replies":[{"embeddable":true,"href":"https:\/\/iuzb.de\/index.php?rest_route=%2Fwp%2Fv2%2Fcomments&post=2326"}],"version-history":[{"count":7,"href":"https:\/\/iuzb.de\/index.php?rest_route=\/wp\/v2\/posts\/2326\/revisions"}],"predecessor-version":[{"id":18254,"href":"https:\/\/iuzb.de\/index.php?rest_route=\/wp\/v2\/posts\/2326\/revisions\/18254"}],"wp:attachment":[{"href":"https:\/\/iuzb.de\/index.php?rest_route=%2Fwp%2Fv2%2Fmedia&parent=2326"}],"wp:term":[{"taxonomy":"category","embeddable":true,"href":"https:\/\/iuzb.de\/index.php?rest_route=%2Fwp%2Fv2%2Fcategories&post=2326"},{"taxonomy":"post_tag","embeddable":true,"href":"https:\/\/iuzb.de\/index.php?rest_route=%2Fwp%2Fv2%2Ftags&post=2326"}],"curies":[{"name":"wp","href":"https:\/\/api.w.org\/{rel}","templated":true}]}}