{"id":23104,"date":"2018-01-31T12:00:01","date_gmt":"2018-01-31T11:00:01","guid":{"rendered":"http:\/\/iuzb.de\/?p=23104"},"modified":"2018-02-11T08:42:36","modified_gmt":"2018-02-11T07:42:36","slug":"offener-brief-zur-stellungnahme-des-kammervorstands-auf-unserer-webseite","status":"publish","type":"post","link":"https:\/\/iuzb.de\/?p=23104","title":{"rendered":"Offener Brief zur Stellungnahme des Kammervorstands auf unserer Webseite"},"content":{"rendered":"<p><span style=\"font-size: 14pt;\"><strong><em>IUZB bietet pers\u00f6nliche Gesp\u00e4che an<\/em><\/strong><\/span><\/p>\n<p>&nbsp;<\/p>\n<p>&nbsp;<\/p>\n<p>An den Vorstand der Zahn\u00e4rztekammer Berlin<\/p>\n<p>&nbsp;<\/p>\n<p><span style=\"font-size: 14pt;\">Betrifft: <a href=\"https:\/\/iuzb.de\/wp-content\/uploads\/2018\/01\/2018-01-31-Offener-Brief-IUZB-bietet-pers\u00f6nliche-Gesp\u00e4che-an.pdf\" target=\"_blank\" rel=\"noopener\">Offener Brief<\/a><\/span><br \/>\n<span style=\"font-size: 14pt;\"> zu <a href=\"https:\/\/iuzb.de\/?p=22819#comment-403\" target=\"_blank\" rel=\"noopener\">Ihrer Stellungnahme vom 12. Januar 2018<\/a> auf unserer IUZB-Webseite<\/span><\/p>\n<p>&nbsp;<\/p>\n<p>Sehr geehrte Frau Kollegin, sehr geehrter Herr Kollege,<\/p>\n<p style=\"text-align: justify;\">wir freuen uns \u00fcber Ihr Interesse an unserer &#8211; grunds\u00e4tzlich allen KollegInnen und Verb\u00e4nden zur Kommentierung zur Verf\u00fcgung stehenden &#8211; Webseite und bedanken uns f\u00fcr <a href=\"https:\/\/iuzb.de\/?p=22819#comment-403\" target=\"_blank\" rel=\"noopener\">Ihre Stellungnahme<\/a>.<\/p>\n<p style=\"text-align: justify;\">Auf der Internetseite der Zahn\u00e4rztekammer Berlin existiert ein entsprechendes Forum leider nicht.<\/p>\n<p style=\"text-align: justify;\">Damit entf\u00e4llt f\u00fcr uns diese M\u00f6glichkeit der unmittelbaren Stellungnahme zu Ihren Ver\u00f6ffentlichungen im Mitteilungsblatt oder auf der Internetseite der Berliner Zahn\u00e4rztekammer.<\/p>\n<p style=\"text-align: justify;\">Dass hierzu Anlass besteht, zeigt erneut Ihr Bericht \u201e<em>\u2026 mit Bestnote<\/em>\u201c in der letzten <a href=\"http:\/\/www.zaek-berlin.de\/dateien\/Content\/Dokumente\/Presse\/MBZ_2018\/MBZ_01_2018_online.pdf\" target=\"_blank\" rel=\"noopener\">MBZ<\/a> auf Seite 28 \u00fcber den Verlauf der Delegiertenversammlung.<\/p>\n<p style=\"text-align: justify;\">Zun\u00e4chst ist es nach unserer Auffassung unerl\u00e4sslich, dass von Ihnen in Auftrag gegebene Berichte \u00fcber den Verlauf von Versammlungen auch durch Ihre Unterschrift legitimiert und verantwortet werden.<\/p>\n<p style=\"text-align: justify;\"><span style=\"text-decoration: underline;\">Sie<\/span> haben daf\u00fcr Sorge zu tragen, dass Sie MitarbeiterInnen keine T\u00e4tigkeiten \u00fcbertragen und verantworten lassen, die sie in berufspolitische Konflikte verwickeln, mit denen sie rein gar nichts zu tun haben.<\/p>\n<p style=\"text-align: justify;\">Darum sollten Sie Ihre mit \u201eDeutlichkeit\u201c vorgetragene Forderung nach einer Entschuldigung des Kollegen Klutke noch einmal selbstkritisch \u00fcberdenken.<\/p>\n<p style=\"text-align: justify;\">Seine Kritik Ihrer einseitigen und suggestiven Informationspolitik richtet sich an Sie und nicht an die Mitarbeiterin.<\/p>\n<p style=\"text-align: justify;\">In Ihrem Kommentar behaupten Sie, unsere Fragen mit gr\u00f6\u00dfter Transparenz beantwortet zu haben, obwohl Ihnen bewusst ist, dass das nicht zutrifft.<\/p>\n<p style=\"text-align: justify;\">Sie werden sich ungern aber dennoch daran erinnern, dass sich bei Nachfragen (z. B. zu den steuerlich relevanten Gesch\u00e4ftsbetrieben der Z\u00c4K Berlin) zum Jahresabschluss 2016 in Ihren Reihen eine gewisse Ratlosigkeit verbreitete und ebenso die Beantwortung in Bezug auf die Mitgliederentwicklung auch mit sog. \u201eZahlendrehern\u201c nicht aufgel\u00f6st werden konnte.<\/p>\n<p style=\"text-align: justify;\">Auf viele Fragen haben Sie uns bis heute keine Antwort gegeben oder sich der Beantwortung entzogen, indem Sie darauf verweisen hierf\u00fcr nicht der kompetente Ansprechpartner zu sein.<\/p>\n<p style=\"text-align: justify;\">Wir w\u00fcrden die Fragen zur Bundeszahn\u00e4rztekammer nicht stellen, wenn Sie sich bei den Sie st\u00fctzenden Verb\u00e4nden f\u00fcr mehr demokratische Teilhabe stark gemacht h\u00e4tten, um so auch den Verb\u00e4nden der Opposition Zugang zur Vertreterversammlung der BZ\u00c4K zu erm\u00f6glichen.<\/p>\n<p style=\"text-align: justify;\">Die Fragen, die Sie uns in diesem Zusammenhang jetzt nicht beantworten wollen, h\u00e4tten wir dann selber gestellt.<\/p>\n<p style=\"text-align: justify;\">Dass der Vorstand \u00fcber die strategische Ausrichtung der Zahn\u00e4rztekammer informiert oder gar dar\u00fcber diskutiert, ist, zumindest in Bezug auf die IUZB, eine leider nicht zutreffende Information.<\/p>\n<p style=\"text-align: justify;\">Ihre hinter verschlossenen T\u00fcren getroffene Benennung des Kollegen Koschorrek zum Tr\u00e4ger der <a href=\"https:\/\/iuzb.de\/?p=22948\" target=\"_blank\" rel=\"noopener\">Ewald-Harndt-Medaille<\/a>, ist nur ein Beispiel, bei dem Ihr postulierter Anspruch nach kollegialer Zusammenarbeit Ihrem Tun f\u00fcr jeden Menschen sichtbar widerspricht.<\/p>\n<p style=\"text-align: justify;\">In diesem Zusammenhang sehen wir erhebliche Defizite in der Transparenz und in der Informationskultur des Kammervorstandes.<\/p>\n<p style=\"text-align: justify;\">Damit Ihr Angebot mit allen Verb\u00e4nden eine konstruktive Zusammenarbeit anzustreben nicht erneut vergessen oder verschoben wird, schlagen wir Ihren folgende Termine:<\/p>\n<p style=\"text-align: center;\"><span style=\"text-decoration: underline;\">28.02.2018, 07.03.2018 oder 21.03.2018<\/span><\/p>\n<p style=\"text-align: justify;\">vor und freuen uns auf die \u201eoffene T\u00fcr\u201c und das Gespr\u00e4ch mit Ihnen.<\/p>\n<p>Mit freundlichem kollegialem Gru\u00df<\/p>\n<p>gez. Dr. Helmut Dohmeier-de Haan<br \/>\ngez. Dr. Lutz-Stephan Wei\u00df<br \/>\nf\u00fcr die Delegierten der IUZB<\/p>\n<p>&nbsp;<\/p>\n<p>&nbsp;<\/p>\n","protected":false},"excerpt":{"rendered":"<p>IUZB bietet pers\u00f6nliche Gesp\u00e4che an &nbsp; &nbsp; An den Vorstand der Zahn\u00e4rztekammer Berlin &nbsp; Betrifft: Offener Brief zu Ihrer Stellungnahme vom 12. Januar 2018 auf unserer IUZB-Webseite &nbsp; Sehr geehrte [&#8230;]<\/p>\n","protected":false},"author":13,"featured_media":0,"comment_status":"open","ping_status":"closed","sticky":false,"template":"","format":"standard","meta":{"ngg_post_thumbnail":0,"iawp_total_views":0,"footnotes":""},"categories":[242,46],"tags":[],"class_list":["post-23104","post","type-post","status-publish","format-standard","hentry","category-infobriefe","category-zahnaerztekammer-berlin"],"_links":{"self":[{"href":"https:\/\/iuzb.de\/index.php?rest_route=\/wp\/v2\/posts\/23104","targetHints":{"allow":["GET"]}}],"collection":[{"href":"https:\/\/iuzb.de\/index.php?rest_route=\/wp\/v2\/posts"}],"about":[{"href":"https:\/\/iuzb.de\/index.php?rest_route=\/wp\/v2\/types\/post"}],"author":[{"embeddable":true,"href":"https:\/\/iuzb.de\/index.php?rest_route=\/wp\/v2\/users\/13"}],"replies":[{"embeddable":true,"href":"https:\/\/iuzb.de\/index.php?rest_route=%2Fwp%2Fv2%2Fcomments&post=23104"}],"version-history":[{"count":11,"href":"https:\/\/iuzb.de\/index.php?rest_route=\/wp\/v2\/posts\/23104\/revisions"}],"predecessor-version":[{"id":23117,"href":"https:\/\/iuzb.de\/index.php?rest_route=\/wp\/v2\/posts\/23104\/revisions\/23117"}],"wp:attachment":[{"href":"https:\/\/iuzb.de\/index.php?rest_route=%2Fwp%2Fv2%2Fmedia&parent=23104"}],"wp:term":[{"taxonomy":"category","embeddable":true,"href":"https:\/\/iuzb.de\/index.php?rest_route=%2Fwp%2Fv2%2Fcategories&post=23104"},{"taxonomy":"post_tag","embeddable":true,"href":"https:\/\/iuzb.de\/index.php?rest_route=%2Fwp%2Fv2%2Ftags&post=23104"}],"curies":[{"name":"wp","href":"https:\/\/api.w.org\/{rel}","templated":true}]}}