{"id":23032,"date":"2018-01-17T20:58:46","date_gmt":"2018-01-17T19:58:46","guid":{"rendered":"http:\/\/iuzb.de\/?p=23032"},"modified":"2018-02-01T18:10:26","modified_gmt":"2018-02-01T17:10:26","slug":"die-jedermenschanwort-des-kammervorstands","status":"publish","type":"post","link":"https:\/\/iuzb.de\/?p=23032","title":{"rendered":"Die &#8222;Jedermenschantwort&#8220; des Kammervorstands"},"content":{"rendered":"<p style=\"text-align: justify;\">Mit Schreiben vom <a href=\"https:\/\/iuzb.de\/wp-content\/uploads\/2018\/01\/2017-12-20-Antwort-Praesident-ZAEK-Berlin-Hervorhebung-und-anonymisiert.pdf\" target=\"_blank\" rel=\"noopener\">20.12.2017<\/a> hat der Vorstand der Zahn\u00e4rztekammer Berlin ein Auskunftsbegehren von drei Mitgliedern der Delegiertenversammlung (Wahlliste IUZB) vor dem Hintergrund ihrer Eigenschaft als Delegierte zur\u00fcckgewiesen und damit f\u00fcr <a href=\"https:\/\/iuzb.de\/?p=22819\" target=\"_blank\" rel=\"noopener\">Unsicherheit<\/a> gesorgt.<\/p>\n<p style=\"text-align: justify;\">Hier nun die im Kammerschreiben angek\u00fcndigte und heute bei uns eingegangene gesetzliche Pflichtbeantwortung unserer Fragen im Rahmen des Berliner Informationsfreiheitsgesetz. Die Beantwortungspflicht beruht auf dem &#8222;Jedermenschrecht&#8220;, wonach gem\u00e4\u00df <a href=\"http:\/\/gesetze.berlin.de\/jportal\/?quelle=jlink&amp;query=InfFrG+BE&amp;psml=bsbeprod.psml&amp;max=true&amp;aiz=true#jlr-InfFrGBEpP3\" target=\"_blank\" rel=\"noopener\">\u00a7 3 Absatz 1 IFG Berlin<\/a> &#8222;<em>Jeder Mensch &#8230; Einsicht in oder Auskunft \u00fcber den Inhalt der von der \u00f6ffentlichen Stelle gef\u00fchrten Akten<\/em>&#8220; hat. Dieses Auskunftsrecht ist auch eine sehr gute Sache, denn schlie\u00dflich ist auch die Zahn\u00e4rztekammer Berlin eine mit staatlicher Hoheitsgewalt ausgestattete <a href=\"http:\/\/gesetze.berlin.de\/jportal\/;jsessionid=D73E8487CED842A0EDE1748D2A2F8874.jp28?quelle=jlink&amp;query=VwZustG+BE&amp;psml=bsbeprod.psml&amp;max=true&amp;aiz=true#jlr-VwZustGBEV7P28\" target=\"_blank\" rel=\"noopener\">landesunmittelbare K\u00f6rperschaft<\/a>.<\/p>\n<p style=\"text-align: justify;\">Aber: Mehr als das IFG hergibt, will er Kammervorstand in diesem Fall auch Delegierten nicht mitteilen.<\/p>\n<p style=\"text-align: justify;\">Und: Die vom Kammervorstand dargestellte <a href=\"https:\/\/iuzb.de\/wp-content\/uploads\/2018\/01\/2017-12-20-Antwort-Praesident-ZAEK-Berlin-Hervorhebung-und-anonymisiert.pdf\" target=\"_blank\" rel=\"noopener\">Reduktion<\/a> der Delegierten auf den Rechtsstatus eines einfachen B\u00fcrgers &#8211; sofern die <a href=\"https:\/\/iuzb.de\/?p=22819\" target=\"_blank\" rel=\"noopener\">Berufung<\/a> des Kammervorstands auf das <a href=\"http:\/\/www.bverwg.de\/de\/310304U6C25.03.0\" target=\"_blank\" rel=\"noopener\">IHK-Urteil<\/a> des Bundesverwaltungsgerichts vom 31.03.2004 \u00fcberhaupt greift, aber diese Behauptung steht ja nun einmal im Raum und eine gerichtliche Kl\u00e4rung kann Jahre dauern &#8211; , beweist leider wieder einmal den Reformbedarf der kammerinternen Binnendemokratie.<\/p>\n<p style=\"text-align: justify;\"><span style=\"text-decoration: underline;\">Weiterf\u00fchrend:<\/span> <a href=\"https:\/\/iuzb.de\/?p=22864\" target=\"_blank\" rel=\"noopener\">Gemeinsamer Beschlussantrag: \u201eWir sind f\u00fcr eine demokratische Zahn\u00e4rztekammer!\u201c<\/a><\/p>\n<p>&nbsp;<\/p>\n<p><a href=\"https:\/\/iuzb.de\/wp-content\/uploads\/2018\/01\/2017-12-22-Kammerschreiben-\u00fcbermittelt-von-ZAEK-am-17.01.2018-anonymisiert.pdf\"><img loading=\"lazy\" decoding=\"async\" class=\"alignleft wp-image-23063\" src=\"https:\/\/iuzb.de\/wp-content\/uploads\/2018\/01\/2014-01-04-DSC08902.jpg\" alt=\"\" width=\"500\" height=\"684\" srcset=\"https:\/\/iuzb.de\/wp-content\/uploads\/2018\/01\/2014-01-04-DSC08902.jpg 647w, https:\/\/iuzb.de\/wp-content\/uploads\/2018\/01\/2014-01-04-DSC08902-88x120.jpg 88w, https:\/\/iuzb.de\/wp-content\/uploads\/2018\/01\/2014-01-04-DSC08902-219x300.jpg 219w\" sizes=\"auto, (max-width: 500px) 100vw, 500px\" \/><\/a><\/p>\n","protected":false},"excerpt":{"rendered":"<p>Mit Schreiben vom 20.12.2017 hat der Vorstand der Zahn\u00e4rztekammer Berlin ein Auskunftsbegehren von drei Mitgliedern der Delegiertenversammlung (Wahlliste IUZB) vor dem Hintergrund ihrer Eigenschaft als Delegierte zur\u00fcckgewiesen und damit f\u00fcr [&#8230;]<\/p>\n","protected":false},"author":13,"featured_media":23066,"comment_status":"open","ping_status":"closed","sticky":false,"template":"","format":"standard","meta":{"ngg_post_thumbnail":0,"iawp_total_views":0,"footnotes":""},"categories":[91,242,46],"tags":[],"class_list":["post-23032","post","type-post","status-publish","format-standard","has-post-thumbnail","hentry","category-delegiertenversammlung","category-infobriefe","category-zahnaerztekammer-berlin"],"_links":{"self":[{"href":"https:\/\/iuzb.de\/index.php?rest_route=\/wp\/v2\/posts\/23032","targetHints":{"allow":["GET"]}}],"collection":[{"href":"https:\/\/iuzb.de\/index.php?rest_route=\/wp\/v2\/posts"}],"about":[{"href":"https:\/\/iuzb.de\/index.php?rest_route=\/wp\/v2\/types\/post"}],"author":[{"embeddable":true,"href":"https:\/\/iuzb.de\/index.php?rest_route=\/wp\/v2\/users\/13"}],"replies":[{"embeddable":true,"href":"https:\/\/iuzb.de\/index.php?rest_route=%2Fwp%2Fv2%2Fcomments&post=23032"}],"version-history":[{"count":17,"href":"https:\/\/iuzb.de\/index.php?rest_route=\/wp\/v2\/posts\/23032\/revisions"}],"predecessor-version":[{"id":23068,"href":"https:\/\/iuzb.de\/index.php?rest_route=\/wp\/v2\/posts\/23032\/revisions\/23068"}],"wp:featuredmedia":[{"embeddable":true,"href":"https:\/\/iuzb.de\/index.php?rest_route=\/wp\/v2\/media\/23066"}],"wp:attachment":[{"href":"https:\/\/iuzb.de\/index.php?rest_route=%2Fwp%2Fv2%2Fmedia&parent=23032"}],"wp:term":[{"taxonomy":"category","embeddable":true,"href":"https:\/\/iuzb.de\/index.php?rest_route=%2Fwp%2Fv2%2Fcategories&post=23032"},{"taxonomy":"post_tag","embeddable":true,"href":"https:\/\/iuzb.de\/index.php?rest_route=%2Fwp%2Fv2%2Ftags&post=23032"}],"curies":[{"name":"wp","href":"https:\/\/api.w.org\/{rel}","templated":true}]}}