{"id":22948,"date":"2018-01-16T15:02:11","date_gmt":"2018-01-16T14:02:11","guid":{"rendered":"http:\/\/iuzb.de\/?p=22948"},"modified":"2018-03-01T19:39:54","modified_gmt":"2018-03-01T18:39:54","slug":"umstrittener-exbundestagsabgeordneter-soll-mit-ewald-harndt-medaille-geehrt-werden","status":"publish","type":"post","link":"https:\/\/iuzb.de\/?p=22948","title":{"rendered":"Umstrittener ehemaliger Bundestagsabgeordneter Dr. Rolf Koschorrek soll mit Ewald-Harndt-Medaille geehrt werden &#8211; IUZB distanziert sich"},"content":{"rendered":"<p style=\"text-align: justify;\">Der umstrittene ehemalige Bundestagsabgeordnete Dr. Rolf Koschorrek soll auf dem <a href=\"http:\/\/www.quintevent.com\/berlinerkongresse\/bzt.php\" target=\"_blank\" rel=\"noopener\">32. Berliner Zahn\u00e4rztetag<\/a> am 16. Februar 2018 mit der Verleihung der Ewald-Harndt-Medaille geehrt werden.<\/p>\n<p style=\"text-align: justify;\">Die Ewald-Harndt-Medaille ist die h\u00f6chste Auszeichnung der Zahn\u00e4rztekammer Berlin. Sie wurde 2001 ins Leben gerufen und wird an Pers\u00f6nlichkeiten oder Organisationen vergeben, die sich in herausragender Weise um den zahn\u00e4rztlichen Berufsstand verdient gemacht haben. Namensgeber der Medaille ist <a href=\"https:\/\/de.wikipedia.org\/wiki\/Ewald_Harndt\" target=\"_blank\" rel=\"noopener\">Professor Dr. Dr. Ewald Harndt<\/a> (1901\u2013 1996), ehemaliger Leiter der Poliklinik f\u00fcr Zahn-, Mund- und Kieferheilkunde in Berlin und von 1967 bis 1969 Rektor der Freien Universit\u00e4t Berlin.<\/p>\n<ul style=\"text-align: justify;\">\n<li><a href=\"https:\/\/lobbypedia.de\/wiki\/Rolf_Koschorrek\" target=\"_blank\" rel=\"noopener\">Portr\u00e4t<\/a> Dr. Rolf Koschorrek bei <a href=\"https:\/\/de.wikipedia.org\/wiki\/Lobbypedia\" target=\"_blank\" rel=\"noopener\">Lobbypedia<\/a><\/li>\n<li><a href=\"https:\/\/de.wikipedia.org\/wiki\/Rolf_Koschorrek\" target=\"_blank\" rel=\"noopener\">Portrat<\/a> Dr. Rolf Koschorrek bei Wikipedia<\/li>\n<li>Lobbyismus: 1000 Euro in 30 Minuten in <a href=\"http:\/\/www.spiegel.de\/spiegel\/bundestagsabgeordneter-begehrter-geschaeftspartner-von-pharmakonzernen-a-912719.html\" target=\"_blank\" rel=\"noopener\">Spiegel 30\/2013<\/a><\/li>\n<\/ul>\n<p style=\"text-align: justify;\">Die IUZB betrachtet die Verleihung an einen Preistr\u00e4ger, welcher in der Kritik steht, sich w\u00e4hrend seiner Amtszeit als Bundestagsabgeordneter gleichzeitig als Industrie- und Pharmalobbyist einen Namen gemacht zu haben, als unangemessen und peinlich f\u00fcr den zahn\u00e4rztlichen Berufsstand.<\/p>\n<p style=\"text-align: justify;\">Die Initiative Unabh\u00e4ngige Zahn\u00e4rzte Berlin (IUZB) e.V. distanziert sich daher von der geplanten Verleihung.<\/p>\n<p>Berlin, 12.\/16. Januar 2016<\/p>\n<p><a href=\"https:\/\/iuzb.de\/?page_id=7\" target=\"_blank\" rel=\"noopener\">Der Vorstand<\/a><\/p>\n<p>&nbsp;<\/p>\n<p>&nbsp;<\/p>\n<p><strong>Wie es 2001 zur Einf\u00fchrung der Ewald-Harndt-Medaille kam <\/strong>&#8211; <a href=\"https:\/\/iuzb.de\/wp-content\/uploads\/2018\/01\/2000-und-2001-Protokollausz\u00fcge-Einf\u00fchrung-Ewald-Harndt-Medaille.pdf\" target=\"_blank\" rel=\"noopener\">lesen<\/a><\/p>\n<p><span style=\"text-decoration: underline;\">Bisherige Preistr\u00e4ger:<\/span><\/p>\n<p><a href=\"http:\/\/www.zaek-berlin.de\/presse\/presseinformationen\/presseinformationen-detail\/article\/ewald-harndt-medaille-fuer-sts-a-d-emine-demirbueken-wegner-und-prof.html?tx_ttnews%5BbackPid%5D=&amp;cHash=64b8aeb2de1c5ccffed907f4e54ed69e\" target=\"_blank\" rel=\"noopener\">2017<\/a> Staatssekret\u00e4rin a. D. <a href=\"https:\/\/de.wikipedia.org\/wiki\/Emine_Demirb%C3%BCken-Wegner\" target=\"_blank\" rel=\"noopener\">Emine Demirb\u00fcken-Wegner<\/a> und Prof. Dr. Dietmar Oesterreich<br \/>\n<a href=\"http:\/\/www.zaek-berlin.de\/presse\/meldungen\/meldungen-detail\/article\/ewald-harndt-medaille-fuer-zahnaerzte-gerhard-albrecht-und-wolfgang-laub.html?tx_ttnews%5BbackPid%5D=&amp;cHash=70c56b07db1a46e21fcaae7f048fc526\" target=\"_blank\" rel=\"noopener\">2016<\/a> Zahn\u00e4rzte Gerhard Albrecht und Wolfgang Laube<br \/>\n<a href=\"http:\/\/www.zaek-berlin.de\/presse\/presseinformationen\/presseinformationen-detail\/article\/dr-christian-bolstorff-erhaelt-am-1742015-die-hoechste-auszeichnung.html?tx_ttnews%5BbackPid%5D=&amp;cHash=c3e39e1e2078c6753eaa130d21d252a0\" target=\"_blank\" rel=\"noopener\">2015<\/a> Dr. Christian Bolstorff<br \/>\n<a href=\"http:\/\/www.zaek-berlin.de\/presse\/presseinformationen\/presseinformationen-detail\/article\/zwei-herausragende-zahnaerztinnen-ausgezeichnet-ewald-harndt-medaille.html?tx_ttnews%5BbackPid%5D=&amp;cHash=9a878711067d254f4c0797fbf863467e\" target=\"_blank\" rel=\"noopener\">2014<\/a> Zahn\u00e4rztinnen Dr. Cornelia Gins und Dr. Bettina Kanzlivius<br \/>\n<a href=\"https:\/\/www.kzv-berlin.de\/fileadmin\/user_upload\/Publikationen\/MBZ_2013\/MBZ_07-08_2013.pdf\" target=\"_blank\" rel=\"noopener\">2013<\/a> Professor Dr. Paul-Georg Jost-Brinkmann<br \/>\n<a href=\"http:\/\/www.zaek-berlin.de\/presse\/meldungen\/meldungen-detail\/article\/verleihung-der-ewald-harndt-medaillen-2012.html?tx_ttnews%5BbackPid%5D=&amp;cHash=a6bb96c130d63c2ffaab2fbd9d4f6d4b\" target=\"_blank\" rel=\"noopener\">2012<\/a> Dr. Imke Kaschke MPH und Dr. Christoph Hils<br \/>\n<a href=\"http:\/\/www.zaek-berlin.de\/presse\/presseinformationen-archiv\/presseinformationen-archiv-detail\/article\/ewald-harndt-5.html?tx_ttnews%5BbackPid%5D=&amp;cHash=13884ee7606bdd819a44c9e0ac9523cc\" target=\"_blank\" rel=\"noopener\">2011<\/a> Professor Dr. Dr. h.c. <a href=\"https:\/\/de.wikipedia.org\/wiki\/Georg_Meyer_(Zahnmediziner)\" target=\"_blank\" rel=\"noopener\">Georg Meyer<\/a><br \/>\n<a href=\"http:\/\/www.zaek-berlin.de\/presse\/meldungen-archiv\/meldungen-archiv-detail\/article\/zahnaerzteka-5.html\" target=\"_blank\" rel=\"noopener\">2010<\/a> Zahnarzt Dr. Klaus Felgentreff<br \/>\n<a href=\"http:\/\/www.zaek-berlin.de\/presse\/presseinformationen\/presseinformationen-detail\/article\/verleihung-d-1.html\" target=\"_blank\" rel=\"noopener\">2009<\/a> Dr. <a href=\"https:\/\/de.wikipedia.org\/wiki\/Erika_Reihlen\" target=\"_blank\" rel=\"noopener\">Erika Reihlen<\/a><br \/>\n<a href=\"http:\/\/www.zaek-berlin.de\/presse\/presseinformationen\/presseinformationen-detail\/article\/verleihung-d-2.html\" target=\"_blank\" rel=\"noopener\">2008<\/a> Zahnarzt <a href=\"https:\/\/de.wikipedia.org\/wiki\/Otto_Berger_(Zahnmediziner)\" target=\"_blank\" rel=\"noopener\">Otto Berger<\/a><br \/>\n<a href=\"http:\/\/www.zaek-berlin.de\/presse\/presseinformationen\/presseinformationen-detail\/article\/verleihung-d-3.html?tx_ttnews%5BbackPid%5D=&amp;cHash=648d9dbd61ef425f702582db11dc4ca4\" target=\"_blank\" rel=\"noopener\">2007<\/a> Dr. Karlheinz Kimmel und Dr. Dr. Klaus Ursus Schendel<br \/>\n<a href=\"http:\/\/www.zaek-berlin.de\/presse\/presseinformationen\/presseinformationen-detail\/article\/verleihung-d-4.html?tx_ttnews%5BbackPid%5D=&amp;cHash=5cb4c4d5f349b92f85772f38fee6e420\" target=\"_blank\" rel=\"noopener\">2006<\/a> Prof. Dr. Helmut Schmidt und Tobias Bauer<br \/>\n<a href=\"http:\/\/www.zaek-berlin.de\/presse\/presseinformationen\/presseinformationen-detail\/article\/verleihung-d-5.html\" target=\"_blank\" rel=\"noopener\">2005<\/a> Verleger Horst Wolfgang Haase<br \/>\n<a href=\"http:\/\/www.zaek-berlin.de\/presse\/presseinformationen\/presseinformationen-detail\/article\/verleihung-d-6.html?tx_ttnews%5BbackPid%5D=&amp;cHash=bfcfa3427b71754ed2976dbbd9bbb6fc\" target=\"_blank\" rel=\"noopener\">2004<\/a> Christine Vetter und Dr. Jochen Gleditsch (<a href=\"https:\/\/www.youtube.com\/watch?v=2a5ZnXAfZhQ\" target=\"_blank\" rel=\"noopener\">Video Portr\u00e4t<\/a>)<br \/>\n<a href=\"http:\/\/www.zaek-berlin.de\/presse\/presseinformationen\/presseinformationen-detail\/article\/verleihung-d-7.html?tx_ttnews%5BbackPid%5D=&amp;cHash=2ee979e5afc9b03491a575534b68f792\" target=\"_blank\" rel=\"noopener\">2003<\/a> Dr. Diether Ontrup und Dr. Hans-Christian Hoch<br \/>\n<a href=\"http:\/\/www.zaek-berlin.de\/presse\/presseinformationen\/presseinformationen-detail\/article\/verleihung-d-8.html?tx_ttnews%5BbackPid%5D=&amp;cHash=ad0731f46905c0c85fabf127f7c6f6f7\" target=\"_blank\" rel=\"noopener\">2002<\/a> Ehepaar Helga und Dr. Klaus Winter und Prof. <a href=\"https:\/\/de.wikipedia.org\/wiki\/Wilhelm_Hankel\" target=\"_blank\" rel=\"noopener\">Wilhelm Hankel<\/a><br \/>\n<a href=\"http:\/\/www.zaek-berlin.de\/presse\/presseinformationen\/presseinformationen-detail\/article\/verleihung-d.html\" target=\"_blank\" rel=\"noopener\">2001<\/a> Team der MUT-Obdachlosen-Zahnarztpraxis und Journalist Dr. Ekkard H\u00e4ussermann<\/p>\n","protected":false},"excerpt":{"rendered":"<p>Der umstrittene ehemalige Bundestagsabgeordnete Dr. Rolf Koschorrek soll auf dem 32. Berliner Zahn\u00e4rztetag am 16. Februar 2018 mit der Verleihung der Ewald-Harndt-Medaille geehrt werden. Die Ewald-Harndt-Medaille ist die h\u00f6chste Auszeichnung [&#8230;]<\/p>\n","protected":false},"author":13,"featured_media":0,"comment_status":"open","ping_status":"closed","sticky":false,"template":"","format":"standard","meta":{"ngg_post_thumbnail":0,"iawp_total_views":1,"footnotes":""},"categories":[251,242,46],"tags":[],"class_list":["post-22948","post","type-post","status-publish","format-standard","hentry","category-ewald-harndt-medaille","category-infobriefe","category-zahnaerztekammer-berlin"],"_links":{"self":[{"href":"https:\/\/iuzb.de\/index.php?rest_route=\/wp\/v2\/posts\/22948","targetHints":{"allow":["GET"]}}],"collection":[{"href":"https:\/\/iuzb.de\/index.php?rest_route=\/wp\/v2\/posts"}],"about":[{"href":"https:\/\/iuzb.de\/index.php?rest_route=\/wp\/v2\/types\/post"}],"author":[{"embeddable":true,"href":"https:\/\/iuzb.de\/index.php?rest_route=\/wp\/v2\/users\/13"}],"replies":[{"embeddable":true,"href":"https:\/\/iuzb.de\/index.php?rest_route=%2Fwp%2Fv2%2Fcomments&post=22948"}],"version-history":[{"count":47,"href":"https:\/\/iuzb.de\/index.php?rest_route=\/wp\/v2\/posts\/22948\/revisions"}],"predecessor-version":[{"id":23053,"href":"https:\/\/iuzb.de\/index.php?rest_route=\/wp\/v2\/posts\/22948\/revisions\/23053"}],"wp:attachment":[{"href":"https:\/\/iuzb.de\/index.php?rest_route=%2Fwp%2Fv2%2Fmedia&parent=22948"}],"wp:term":[{"taxonomy":"category","embeddable":true,"href":"https:\/\/iuzb.de\/index.php?rest_route=%2Fwp%2Fv2%2Fcategories&post=22948"},{"taxonomy":"post_tag","embeddable":true,"href":"https:\/\/iuzb.de\/index.php?rest_route=%2Fwp%2Fv2%2Ftags&post=22948"}],"curies":[{"name":"wp","href":"https:\/\/api.w.org\/{rel}","templated":true}]}}