{"id":22819,"date":"2018-01-03T16:55:21","date_gmt":"2018-01-03T15:55:21","guid":{"rendered":"http:\/\/iuzb.de\/?p=22819"},"modified":"2021-09-24T17:57:49","modified_gmt":"2021-09-24T15:57:49","slug":"nein-die-kammer-ist-nicht-aufgeraeumt","status":"publish","type":"post","link":"https:\/\/iuzb.de\/?p=22819","title":{"rendered":"Nein, die Kammer ist nicht aufger\u00e4umt!"},"content":{"rendered":"<p style=\"text-align: justify;\"><span style=\"font-size: 14pt;\"><strong>Kammervorstand verweigert Antworten und beschneidet Fragerechte der Delegierten<\/strong><\/span><\/p>\n<p style=\"text-align: justify;\">Der Vorstand der Zahn\u00e4rztekammer Berlin, unter F\u00fchrung des neuen Kammerpr\u00e4sidenten <a href=\"http:\/\/www.zaek-berlin.de\/ueber-uns\/vorstand-geschaeftsfuehrung.html\" target=\"_blank\" rel=\"noopener\">Dr. Karsten Heegewaldt<\/a> (VdZvB) und des langj\u00e4hrigen Vizepr\u00e4sidenten <a href=\"http:\/\/www.zaek-berlin.de\/ueber-uns\/vorstand-geschaeftsfuehrung.html\" target=\"_blank\" rel=\"noopener\">Dr. Michael Dreyer<\/a> (FVDZ), bricht mit dem seit langem anerkannten und gelebten Recht, dass die einzelnen Delegierten auch au\u00dferhalb der Delegiertenversammlung Fragen an den Vorstand richten k\u00f6nnen und diese auch umfassend beantwortet werden. Dabei beruft sich der Kammervorstand auf ein IHK-Urteil des Bundesverwaltungsgerichts aus dem Jahr 2004 (!).<\/p>\n<p style=\"text-align: justify;\"><span style=\"font-size: 14pt;\"><strong>55 Jahre Zahn\u00e4rztekammer Berlin: Reset ins letzte Jahrhundert!<\/strong><\/span><\/p>\n<p style=\"text-align: justify;\">Bedauerlicherweise entwickelt sich durch diese Z\u00e4sur innerhalb der Selbstverwaltung das Demokratieverst\u00e4ndnis damit nicht vorw\u00e4rts, sondern, nach ersten positiven Ans\u00e4tzen am Ende der letzten Legislaturperiode, jetzt knallhart r\u00fcckw\u00e4rts.<\/p>\n<ul style=\"text-align: justify;\">\n<li style=\"text-align: justify;\">Die Ablehnung der Spiegelbildlichkeit,<\/li>\n<li style=\"text-align: justify;\">das Heraushalten der Opposition aus dem sehr wichtigen Rechnungspr\u00fcfungsausschuss<\/li>\n<li style=\"text-align: justify;\">und jetzt die Aberkennung von weitergehenden Fragerechten bedeutet:<\/li>\n<\/ul>\n<p style=\"text-align: justify;\">Opposition mundtot machen. Ist ja bei einigen der neue Zeitgeist, kennt man ansonsten aus L\u00e4ndern wie Polen und Ungarn&#8230;..<\/p>\n<p style=\"text-align: justify;\">Mit einer modernen, auf offene Mitgliederpartizipation ausgerichteten Kammer, als demokratisch legitimierte und organisierte Selbstverwaltung, hat dies leider nichts mehr zu tun. Die Rechte unseres Kammerparlaments zu beschneiden, trifft daher nicht nur uns als Opposition, sondern diese Entscheidungen richten sich gegen die Delegiertenversammlung als solches:<\/p>\n<ul>\n<li style=\"text-align: justify;\">Gegen jeden einzelnen Delegierten<\/li>\n<li style=\"text-align: justify;\">und gegen alle Wahllisten<\/li>\n<li style=\"text-align: justify;\">und, da die Delegiertenversammlung ein <a href=\"https:\/\/de.wikipedia.org\/wiki\/Repr%C3%A4sentative_Demokratie\" target=\"_blank\" rel=\"noopener\">repr\u00e4sentatives Organ<\/a> ist, gegen alle Mitglieder<\/li>\n<li style=\"text-align: justify;\">und somit gegen unsere Selbstverwaltung als solches.<\/li>\n<\/ul>\n<p style=\"text-align: justify;\"><span style=\"font-size: 14pt;\"><strong>IUZB gegen Abnickertum<\/strong><\/span><\/p>\n<p style=\"text-align: justify;\">Die Zeiten werden also h\u00e4rter, aber wir versichern Ihnen, dass wir von der IUZB auch in 2018 in unserer Zahn\u00e4rztekammer f\u00fcr Transparenz und f\u00fcr ein starkes Kammerparlament und &#8211; damit unabdingbar verbunden &#8211; starke Delegiertenrechte k\u00e4mpfen werden und &#8211; selbstverst\u00e4ndlich &#8211; weiter Fragen stellen.<\/p>\n<p><a href=\"https:\/\/iuzb.de\/wp-content\/uploads\/2013\/08\/Gerhard-Gneist-klein-150.jpg\"><img loading=\"lazy\" decoding=\"async\" class=\"alignleft size-full wp-image-16500\" src=\"https:\/\/iuzb.de\/wp-content\/uploads\/2013\/08\/Gerhard-Gneist-klein-150.jpg\" alt=\"\" width=\"150\" height=\"200\" \/><\/a><span style=\"color: #ffffff;\">.<\/span><\/p>\n<p><span style=\"color: #ffffff;\">.<\/span><\/p>\n<p><strong>Ihr Gerhard Gneist<\/strong><b><br \/>\n<\/b>IUZB Wahllistenf\u00fchrer in der Delegiertenversammlung der Zahn\u00e4rztekammer Berlin<br \/>\n1. Vorsitzender IUZB e.V.<b><br \/>\n<\/b><\/p>\n<p><span style=\"color: #ffffff;\">.<\/span><\/p>\n<p><span style=\"color: #ffffff;\">.<\/span><\/p>\n<p><span style=\"color: #ffffff;\">.<\/span><\/p>\n<p><u>Siehe auch unsere Meldung vom 17. M\u00e4rz 2017:<\/u><\/p>\n<p><i>Die Plattit\u00fcden des neuen Kammerpr\u00e4sidenten Heegewaldt: &#8222;Von wegen \u201edemokratische Teilhabe\u201c und \u201egelebte Kollegialit\u00e4t\u201c. Pustekuchen! Reine Machtpolitik nach dem Motto \u201ewir haben die Mehrheit und basta\u201c&#8230;.<\/i> <a href=\"https:\/\/iuzb.de\/?p=19763\" target=\"_blank\" rel=\"noopener\">lesen<\/a><\/p>\n<p><span style=\"color: #ffffff;\">.<\/span><\/p>\n<p>&nbsp;<\/p>\n<h3>Die Antwortenverweigerung des Pr\u00e4sidenten und des Vizepr\u00e4sidenten vom 20.12.2017:<\/h3>\n<p><a href=\"https:\/\/iuzb.de\/wp-content\/uploads\/2018\/01\/2017-12-20-Antwort-Praesident-ZAEK-Berlin-Hervorhebung-und-anonymisiert.pdf\" target=\"_blank\" rel=\"noopener\"><img loading=\"lazy\" decoding=\"async\" class=\"alignnone size-full wp-image-22824\" src=\"https:\/\/iuzb.de\/wp-content\/uploads\/2018\/01\/2017-12-20-Antwort-Praesident-ZAEK-Berlin-Hervorhebung-und-anonymisiert-Bild.jpg\" alt=\"\" width=\"802\" height=\"1131\" srcset=\"https:\/\/iuzb.de\/wp-content\/uploads\/2018\/01\/2017-12-20-Antwort-Praesident-ZAEK-Berlin-Hervorhebung-und-anonymisiert-Bild.jpg 802w, https:\/\/iuzb.de\/wp-content\/uploads\/2018\/01\/2017-12-20-Antwort-Praesident-ZAEK-Berlin-Hervorhebung-und-anonymisiert-Bild-85x120.jpg 85w, https:\/\/iuzb.de\/wp-content\/uploads\/2018\/01\/2017-12-20-Antwort-Praesident-ZAEK-Berlin-Hervorhebung-und-anonymisiert-Bild-213x300.jpg 213w, https:\/\/iuzb.de\/wp-content\/uploads\/2018\/01\/2017-12-20-Antwort-Praesident-ZAEK-Berlin-Hervorhebung-und-anonymisiert-Bild-768x1083.jpg 768w\" sizes=\"auto, (max-width: 802px) 100vw, 802px\" \/><\/a><\/p>\n","protected":false},"excerpt":{"rendered":"<p>Kammervorstand verweigert Antworten und beschneidet Fragerechte der Delegierten Der Vorstand der Zahn\u00e4rztekammer Berlin, unter F\u00fchrung des neuen Kammerpr\u00e4sidenten Dr. Karsten Heegewaldt (VdZvB) und des langj\u00e4hrigen Vizepr\u00e4sidenten Dr. Michael Dreyer (FVDZ), [&#8230;]<\/p>\n","protected":false},"author":8,"featured_media":22570,"comment_status":"open","ping_status":"closed","sticky":false,"template":"","format":"standard","meta":{"ngg_post_thumbnail":0,"iawp_total_views":2,"footnotes":""},"categories":[121,108,242,244,46],"tags":[],"class_list":["post-22819","post","type-post","status-publish","format-standard","has-post-thumbnail","hentry","category-bzaek","category-datenschutz-und-informationsfreiheit","category-infobriefe","category-kammerbeitrag","category-zahnaerztekammer-berlin"],"_links":{"self":[{"href":"https:\/\/iuzb.de\/index.php?rest_route=\/wp\/v2\/posts\/22819","targetHints":{"allow":["GET"]}}],"collection":[{"href":"https:\/\/iuzb.de\/index.php?rest_route=\/wp\/v2\/posts"}],"about":[{"href":"https:\/\/iuzb.de\/index.php?rest_route=\/wp\/v2\/types\/post"}],"author":[{"embeddable":true,"href":"https:\/\/iuzb.de\/index.php?rest_route=\/wp\/v2\/users\/8"}],"replies":[{"embeddable":true,"href":"https:\/\/iuzb.de\/index.php?rest_route=%2Fwp%2Fv2%2Fcomments&post=22819"}],"version-history":[{"count":16,"href":"https:\/\/iuzb.de\/index.php?rest_route=\/wp\/v2\/posts\/22819\/revisions"}],"predecessor-version":[{"id":23082,"href":"https:\/\/iuzb.de\/index.php?rest_route=\/wp\/v2\/posts\/22819\/revisions\/23082"}],"wp:featuredmedia":[{"embeddable":true,"href":"https:\/\/iuzb.de\/index.php?rest_route=\/wp\/v2\/media\/22570"}],"wp:attachment":[{"href":"https:\/\/iuzb.de\/index.php?rest_route=%2Fwp%2Fv2%2Fmedia&parent=22819"}],"wp:term":[{"taxonomy":"category","embeddable":true,"href":"https:\/\/iuzb.de\/index.php?rest_route=%2Fwp%2Fv2%2Fcategories&post=22819"},{"taxonomy":"post_tag","embeddable":true,"href":"https:\/\/iuzb.de\/index.php?rest_route=%2Fwp%2Fv2%2Ftags&post=22819"}],"curies":[{"name":"wp","href":"https:\/\/api.w.org\/{rel}","templated":true}]}}