{"id":22719,"date":"2017-12-22T09:55:14","date_gmt":"2017-12-22T08:55:14","guid":{"rendered":"http:\/\/iuzb.de\/?p=22719"},"modified":"2017-12-30T16:45:35","modified_gmt":"2017-12-30T15:45:35","slug":"erfolglose-verfassungsbeschwerde-gegen-die-einfuehrung-des-elektronischen-anwaltspostfachs","status":"publish","type":"post","link":"https:\/\/iuzb.de\/?p=22719","title":{"rendered":"Erfolglose Verfassungsbeschwerde gegen die Einf\u00fchrung des elektronischen Anwaltspostfachs"},"content":{"rendered":"<p style=\"text-align: justify;\">Mit heute ver\u00f6ffentlichtem Beschluss hat die 1. Kammer des Ersten Senats eine Verfassungsbeschwerde gegen gesetzliche Regelungen zum anwaltlichen elektronischen Rechtsverkehr nicht zur Entscheidung angenommen. Mit seiner Verfassungsbeschwerde und dem damit verbundenen Antrag auf Erlass einer einstweiligen Anordnung wendet sich der beschwerdef\u00fchrende Rechtsanwalt insbesondere gegen die ab dem 1. Januar 2018 bestehende Verpflichtung, die f\u00fcr das besondere elektronische Anwaltspostfach (beA) erforderlichen technischen Einrichtungen vorzuhalten sowie Zustellungen und den Zugang von Mitteilungen \u00fcber das beA zur Kenntnis zu nehmen (sogenannte passive Nutzungspflicht). Die Verfassungsbeschwerde ist bereits unzul\u00e4ssig, da sie den Begr\u00fcndungsanforderungen nicht gen\u00fcgt.<\/p>\n<p>Quelle: Bundesverfassungsgericht, <a href=\"https:\/\/www.bundesverfassungsgericht.de\/SharedDocs\/Pressemitteilungen\/DE\/2017\/bvg17-114.html\" target=\"_blank\" rel=\"noopener\">Pressemitteilung<\/a> (hier Kurzform) Nr. 114\/2017 vom 22. Dezember 2017<\/p>\n<p>&nbsp;<\/p>\n<p>Info: <a href=\"http:\/\/www.brak.de\/fuer-anwaelte\/bea-das-besondere-elektronische-anwaltspostfach\/\" target=\"_blank\" rel=\"noopener\">Elektronische Anwaltspostfach<\/a><\/p>\n<p>&nbsp;<\/p>\n<p><span style=\"text-decoration: underline;\">Weiterf\u00fchrend:<\/span><\/p>\n<ul>\n<li>lawblog: <a href=\"http:\/\/www.lawblog.de\/index.php\/archives\/2017\/12\/22\/karlsruhe-schenkt-jedem-anwalt-ein-postfach\/\" target=\"_blank\" rel=\"noopener\">Karlsruhe schenkt jedem Anwalt ein Postfach<\/a><\/li>\n<\/ul>\n<p>&nbsp;<\/p>\n<p><span style=\"text-decoration: underline;\">Nachtrag 29.12.2017<\/span><\/p>\n<ul>\n<li>lawblog: <a href=\"http:\/\/www.lawblog.de\/index.php\/archives\/2017\/12\/29\/anwaltspostfach-geht-vorerst-offline\/\" target=\"_blank\" rel=\"noopener\">Anwaltspostfach geht vorerst offline<\/a><\/li>\n<\/ul>\n<p>&nbsp;<\/p>\n<p>&nbsp;<\/p>\n","protected":false},"excerpt":{"rendered":"<p>Mit heute ver\u00f6ffentlichtem Beschluss hat die 1. Kammer des Ersten Senats eine Verfassungsbeschwerde gegen gesetzliche Regelungen zum anwaltlichen elektronischen Rechtsverkehr nicht zur Entscheidung angenommen. Mit seiner Verfassungsbeschwerde und dem damit [&#8230;]<\/p>\n","protected":false},"author":13,"featured_media":0,"comment_status":"open","ping_status":"closed","sticky":false,"template":"","format":"standard","meta":{"ngg_post_thumbnail":0,"iawp_total_views":1,"footnotes":""},"categories":[169],"tags":[],"class_list":["post-22719","post","type-post","status-publish","format-standard","hentry","category-bverfg"],"_links":{"self":[{"href":"https:\/\/iuzb.de\/index.php?rest_route=\/wp\/v2\/posts\/22719","targetHints":{"allow":["GET"]}}],"collection":[{"href":"https:\/\/iuzb.de\/index.php?rest_route=\/wp\/v2\/posts"}],"about":[{"href":"https:\/\/iuzb.de\/index.php?rest_route=\/wp\/v2\/types\/post"}],"author":[{"embeddable":true,"href":"https:\/\/iuzb.de\/index.php?rest_route=\/wp\/v2\/users\/13"}],"replies":[{"embeddable":true,"href":"https:\/\/iuzb.de\/index.php?rest_route=%2Fwp%2Fv2%2Fcomments&post=22719"}],"version-history":[{"count":7,"href":"https:\/\/iuzb.de\/index.php?rest_route=\/wp\/v2\/posts\/22719\/revisions"}],"predecessor-version":[{"id":22760,"href":"https:\/\/iuzb.de\/index.php?rest_route=\/wp\/v2\/posts\/22719\/revisions\/22760"}],"wp:attachment":[{"href":"https:\/\/iuzb.de\/index.php?rest_route=%2Fwp%2Fv2%2Fmedia&parent=22719"}],"wp:term":[{"taxonomy":"category","embeddable":true,"href":"https:\/\/iuzb.de\/index.php?rest_route=%2Fwp%2Fv2%2Fcategories&post=22719"},{"taxonomy":"post_tag","embeddable":true,"href":"https:\/\/iuzb.de\/index.php?rest_route=%2Fwp%2Fv2%2Ftags&post=22719"}],"curies":[{"name":"wp","href":"https:\/\/api.w.org\/{rel}","templated":true}]}}