{"id":22513,"date":"2017-12-06T21:54:41","date_gmt":"2017-12-06T20:54:41","guid":{"rendered":"http:\/\/iuzb.de\/?p=22513"},"modified":"2017-12-21T22:46:39","modified_gmt":"2017-12-21T21:46:39","slug":"zahngeschichte-haus-der-deutschen-zahnaerzte","status":"publish","type":"post","link":"https:\/\/iuzb.de\/?p=22513","title":{"rendered":"Zahngeschichte: Haus der Deutschen Zahn\u00e4rzte &#8211; Kulturhistorische Sammlung"},"content":{"rendered":"<p><img loading=\"lazy\" decoding=\"async\" class=\"alignnone size-full wp-image-22514\" src=\"https:\/\/iuzb.de\/wp-content\/uploads\/2017\/12\/1938-Haus-der-Deutschen-Zahn\u00e4rzte-Heidelberger-Platz-3-1200.jpg\" alt=\"\" width=\"1200\" height=\"935\" srcset=\"https:\/\/iuzb.de\/wp-content\/uploads\/2017\/12\/1938-Haus-der-Deutschen-Zahn\u00e4rzte-Heidelberger-Platz-3-1200.jpg 1200w, https:\/\/iuzb.de\/wp-content\/uploads\/2017\/12\/1938-Haus-der-Deutschen-Zahn\u00e4rzte-Heidelberger-Platz-3-1200-154x120.jpg 154w, https:\/\/iuzb.de\/wp-content\/uploads\/2017\/12\/1938-Haus-der-Deutschen-Zahn\u00e4rzte-Heidelberger-Platz-3-1200-385x300.jpg 385w, https:\/\/iuzb.de\/wp-content\/uploads\/2017\/12\/1938-Haus-der-Deutschen-Zahn\u00e4rzte-Heidelberger-Platz-3-1200-768x598.jpg 768w\" sizes=\"auto, (max-width: 1200px) 100vw, 1200px\" \/><\/p>\n<p><a href=\"https:\/\/iuzb.de\/wp-content\/uploads\/2017\/12\/1943-Adressbuch-Zahn\u00e4rzte-Heidelberger-Platz-3.jpg\" target=\"_blank\" rel=\"noopener\"><img loading=\"lazy\" decoding=\"async\" class=\"wp-image-22583 size-medium alignright\" src=\"https:\/\/iuzb.de\/wp-content\/uploads\/2017\/12\/1943-Adressbuch-Zahn\u00e4rzte-Heidelberger-Platz-3-151x300.jpg\" alt=\"\" width=\"151\" height=\"300\" srcset=\"https:\/\/iuzb.de\/wp-content\/uploads\/2017\/12\/1943-Adressbuch-Zahn\u00e4rzte-Heidelberger-Platz-3-151x300.jpg 151w, https:\/\/iuzb.de\/wp-content\/uploads\/2017\/12\/1943-Adressbuch-Zahn\u00e4rzte-Heidelberger-Platz-3-60x120.jpg 60w, https:\/\/iuzb.de\/wp-content\/uploads\/2017\/12\/1943-Adressbuch-Zahn\u00e4rzte-Heidelberger-Platz-3.jpg 381w\" sizes=\"auto, (max-width: 151px) 100vw, 151px\" \/><\/a>Heidelberger Platz 3:<\/p>\n<p>Sitz der<\/p>\n<p>&#8211; Zahn\u00e4rztekammer f\u00fcr Preu\u00dfen<\/p>\n<p>&#8211; Deutsche Zahn\u00e4rzteschaft e.V.<\/p>\n<p>&#8211; Kassenzahn\u00e4rztliche Vereinigung Deutschland, Reichsf\u00fchrung und Landesstelle Berlin-Brandenburg<\/p>\n<p><span style=\"color: #ffffff;\">.<\/span><\/p>\n<p><span style=\"color: #ffffff;\">.<\/span><\/p>\n<p><span style=\"color: #ffffff;\">.<\/span><\/p>\n<p>&nbsp;<\/p>\n<p>&nbsp;<\/p>\n<p><span style=\"text-decoration: underline;\">Weiterf\u00fchrend:<\/span><\/p>\n<ul>\n<li>Bezirksamt Charlottenburg-Wilmersdorf: <a href=\"https:\/\/www.berlin.de\/ba-charlottenburg-wilmersdorf\/ueber-den-bezirk\/gebaeude-und-anlagen\/geschaeftshaeuser\/artikel.158824.php\" target=\"_blank\" rel=\"noopener\">Haus der Deutschen Zahn\u00e4rzte<\/a><\/li>\n<li>IUZB: <a href=\"https:\/\/iuzb.de\/?p=20059\" target=\"_blank\" rel=\"noopener\">Zahn\u00e4rztekammer f\u00fcr Preu\u00dfen<\/a><\/li>\n<li>zm: Die Sammlung Proskauer\/Witt: <a href=\"https:\/\/www.zm-online.de\/archiv\/2012\/19\/gesellschaft\/das-historische-gedaechtnis-der-zahnaerzte\/\" target=\"_blank\" rel=\"noopener\">Das historische Ged\u00e4chtnis der Zahn\u00e4rzte<\/a><\/li>\n<\/ul>\n<p>&nbsp;<\/p>\n<p>&nbsp;<\/p>\n","protected":false},"excerpt":{"rendered":"<p>Heidelberger Platz 3: Sitz der &#8211; Zahn\u00e4rztekammer f\u00fcr Preu\u00dfen &#8211; Deutsche Zahn\u00e4rzteschaft e.V. &#8211; Kassenzahn\u00e4rztliche Vereinigung Deutschland, Reichsf\u00fchrung und Landesstelle Berlin-Brandenburg . . . &nbsp; &nbsp; Weiterf\u00fchrend: Bezirksamt Charlottenburg-Wilmersdorf: Haus [&#8230;]<\/p>\n","protected":false},"author":13,"featured_media":0,"comment_status":"open","ping_status":"closed","sticky":false,"template":"","format":"standard","meta":{"ngg_post_thumbnail":0,"iawp_total_views":8,"footnotes":""},"categories":[123],"tags":[],"class_list":["post-22513","post","type-post","status-publish","format-standard","hentry","category-zahngeschichte"],"_links":{"self":[{"href":"https:\/\/iuzb.de\/index.php?rest_route=\/wp\/v2\/posts\/22513","targetHints":{"allow":["GET"]}}],"collection":[{"href":"https:\/\/iuzb.de\/index.php?rest_route=\/wp\/v2\/posts"}],"about":[{"href":"https:\/\/iuzb.de\/index.php?rest_route=\/wp\/v2\/types\/post"}],"author":[{"embeddable":true,"href":"https:\/\/iuzb.de\/index.php?rest_route=\/wp\/v2\/users\/13"}],"replies":[{"embeddable":true,"href":"https:\/\/iuzb.de\/index.php?rest_route=%2Fwp%2Fv2%2Fcomments&post=22513"}],"version-history":[{"count":12,"href":"https:\/\/iuzb.de\/index.php?rest_route=\/wp\/v2\/posts\/22513\/revisions"}],"predecessor-version":[{"id":22589,"href":"https:\/\/iuzb.de\/index.php?rest_route=\/wp\/v2\/posts\/22513\/revisions\/22589"}],"wp:attachment":[{"href":"https:\/\/iuzb.de\/index.php?rest_route=%2Fwp%2Fv2%2Fmedia&parent=22513"}],"wp:term":[{"taxonomy":"category","embeddable":true,"href":"https:\/\/iuzb.de\/index.php?rest_route=%2Fwp%2Fv2%2Fcategories&post=22513"},{"taxonomy":"post_tag","embeddable":true,"href":"https:\/\/iuzb.de\/index.php?rest_route=%2Fwp%2Fv2%2Ftags&post=22513"}],"curies":[{"name":"wp","href":"https:\/\/api.w.org\/{rel}","templated":true}]}}