{"id":22307,"date":"2017-11-09T19:49:04","date_gmt":"2017-11-09T18:49:04","guid":{"rendered":"http:\/\/iuzb.de\/?p=22307"},"modified":"2017-11-26T22:06:53","modified_gmt":"2017-11-26T21:06:53","slug":"vzb-einladung-zur-vertreterversammlung-am-25-november-2017","status":"publish","type":"post","link":"https:\/\/iuzb.de\/?p=22307","title":{"rendered":"VZB: Einladung zur Vertreterversammlung am 25. November 2017"},"content":{"rendered":"<ul>\n<li><strong>Sonnabend, 25. November 2017<\/strong><\/li>\n<li>um 10:00 Uhr<\/li>\n<li>im Sitzungssal der KZV Berlin<\/li>\n<li>Georg-Wilhelm-Str. 16, 10711 Berlin-Wilmersdorf<\/li>\n<\/ul>\n<p>Die Vertreterversammlung ist f\u00fcr Mitglieder des Versorgungswerkes \u00f6ffentlich, soweit nicht die Vertreterversammlung in Ausnahmef\u00e4llen die Nicht\u00f6ffentlichkeit beschlie\u00dft (\u00a7 3 Absatz 2 der <a href=\"http:\/\/vzberlin.org\/Satzung%20i.d.F%202011-05-07%20mit%20Aenderungen%202015-05-30gueltig%20ab%202015-10-10.pdf\" target=\"_blank\" rel=\"noopener\">VZB-Satzung<\/a>).<\/p>\n<table>\n<tbody>\n<tr>\n<td style=\"text-align: left; vertical-align: top;\" colspan=\"2\"><span style=\"text-decoration: underline;\"><strong>Tagesordnung:<\/strong><\/span><\/td>\n<\/tr>\n<tr>\n<td style=\"text-align: left; vertical-align: top;\">1.<\/td>\n<td style=\"vertical-align: top; text-align: justify;\">Begr\u00fc\u00dfung und Regularien<\/td>\n<\/tr>\n<tr>\n<td style=\"text-align: left; vertical-align: top;\">2.<\/td>\n<td style=\"vertical-align: top; text-align: justify;\">Antr\u00e4ge<\/td>\n<\/tr>\n<tr>\n<td style=\"text-align: left; vertical-align: top;\">3.<\/td>\n<td style=\"vertical-align: top; text-align: justify;\">Bericht des Versorgungswerkes der Zahn\u00e4rztekammer Berlin \u00fcber das Kalenderjahr 2016 (Anlage 1)<\/td>\n<\/tr>\n<tr>\n<td style=\"text-align: left; vertical-align: top;\">4.<\/td>\n<td style=\"vertical-align: top; text-align: justify;\">Bericht des Wirtschaftspr\u00fcfers des Versorgungswerkes der Zahn\u00e4rztekammer Berlin (Anlage 2)<\/td>\n<\/tr>\n<tr>\n<td style=\"text-align: left; vertical-align: top;\">5.<\/td>\n<td style=\"vertical-align: top; text-align: justify;\">Bericht des mathematischen Sachverst\u00e4ndigen des Versorgungswerkes der Zahn\u00e4rztekammer Berlin<br \/>\n(Anlage 3)<\/td>\n<\/tr>\n<tr>\n<td style=\"text-align: left; vertical-align: top;\">6.<\/td>\n<td style=\"vertical-align: top; text-align: justify;\">Diskussion zum TOP 3 bis 5<\/td>\n<\/tr>\n<tr>\n<td style=\"text-align: left; vertical-align: top;\">7.<\/td>\n<td style=\"vertical-align: top; text-align: justify;\">Feststellung des Jahresabschlusses des Versorgungswerkes der Zahn\u00e4rztekammer Berlin f\u00fcr das Kalenderjahr 2016 (Anlage 4) \/ <strong>Beschluss<\/strong><\/p>\n<p><strong><span style=\"text-decoration: underline;\">Antrag:<\/span><\/strong><\/p>\n<blockquote><p>Die Vertreterversammlung des Versorgungswerkes der Zahn\u00e4rztekammer Berlin stellt den Jahresabschluss des Versorgungswerkes \u00fcber das Gesch\u00e4ftsjahr 2016 nach \u00a7 3 Abs. 1 Satz 5 Nr. 3 der Satzung fest.<strong><br \/>\n<\/strong><\/p><\/blockquote>\n<\/td>\n<\/tr>\n<tr>\n<td style=\"text-align: left; vertical-align: top;\">8.<\/td>\n<td style=\"vertical-align: top; text-align: justify;\">Verwendung der \u00dcbersch\u00fcsse (Anlage 5) \/ <strong>Beschluss<\/strong><\/p>\n<p><strong><span style=\"text-decoration: underline;\">Antrag:<\/span><\/strong><\/p>\n<blockquote><p>Die Vertreterversammlung beschlie\u00dft,<br \/>\n1. aus dem Ergebnis der Kalenderjahre 2014 bis 2016 f\u00fcr die Renten mit Rentenbeginn vor dem 01.01.2018 aus Beitr\u00e4gen,<br \/>\n&#8211; die f\u00fcr Zeiten vor dem 01.01.2008 geleistet wurden, keine Dynamisierung zum 01.01.2018 vorzunehmen,<br \/>\n&#8211; die f\u00fcr Zeiten ab dem 01.01.2008 geleistet wurden, eine Dynamisierung zum 01.01.2018 in H\u00f6he von 2,94 % vorzunehmen.<br \/>\n(unter Ber\u00fccksichtigung der satzungsgem\u00e4\u00dfen Aussparungsregelungen)<br \/>\nund<br \/>\n2. die allgemeine Rentenbemessungsgrundlage f\u00fcr Renten mit einem Rentenbeginn nach dem 31.12.2017 gem. \u00a7 16 Abs. 1 der Satzung auf<br \/>\n1.668,04 \u20ac festzusetzen.<\/p><\/blockquote>\n<\/td>\n<\/tr>\n<tr>\n<td style=\"text-align: left; vertical-align: top;\">9<\/td>\n<td style=\"vertical-align: top; text-align: justify;\">Entlastung des Aufsichts- und des Verwaltungsausschusses des Versorgungswerkes der Zahn\u00e4rztekammer Berlin f\u00fcr das Kalenderjahr 2016 \/ <strong>Beschluss<\/strong><\/td>\n<\/tr>\n<tr>\n<td style=\"text-align: left; vertical-align: top;\">10.<\/td>\n<td style=\"vertical-align: top; text-align: justify;\">Versicherungsmathematische Rechnungsgrundlagen (Anlage 6) \/ <strong>Beschluss<\/strong><\/p>\n<p><strong><span style=\"text-decoration: underline;\">Antrag:<\/span><\/strong><\/p>\n<blockquote><p>Der in den Rechnungsgrundlagen f\u00fcr Beitr\u00e4ge bis 2007 enthaltene Rechnungszins von 4% soll baldm\u00f6glichst auf 3% abgesenkt werden ohne Ver\u00e4nderung der aus diesen Beitr\u00e4gen erworbenen Anwartschaften und gezahlten Renten, was eine Erh\u00f6hung der R\u00fcckstellungen bedeutet. F\u00fcr diese Ma\u00dfnahme soll kein versicherungsmathematischer Neuzugang eingerechnet werden.<\/p><\/blockquote>\n<\/td>\n<\/tr>\n<tr>\n<td style=\"text-align: left; vertical-align: top;\">11.<\/td>\n<td style=\"vertical-align: top; text-align: justify;\">Ausblick auf die Jahre 2017 und 2018<\/td>\n<\/tr>\n<tr>\n<td style=\"text-align: left; vertical-align: top;\">12.<\/td>\n<td style=\"vertical-align: top; text-align: justify;\">Verschiedenes<\/td>\n<\/tr>\n<\/tbody>\n<\/table>\n<p>&nbsp;<\/p>\n<p>&nbsp;<\/p>\n","protected":false},"excerpt":{"rendered":"<p>Sonnabend, 25. November 2017 um 10:00 Uhr im Sitzungssal der KZV Berlin Georg-Wilhelm-Str. 16, 10711 Berlin-Wilmersdorf Die Vertreterversammlung ist f\u00fcr Mitglieder des Versorgungswerkes \u00f6ffentlich, soweit nicht die Vertreterversammlung in Ausnahmef\u00e4llen [&#8230;]<\/p>\n","protected":false},"author":13,"featured_media":0,"comment_status":"open","ping_status":"closed","sticky":false,"template":"","format":"standard","meta":{"ngg_post_thumbnail":0,"iawp_total_views":1,"footnotes":""},"categories":[47,87],"tags":[],"class_list":["post-22307","post","type-post","status-publish","format-standard","hentry","category-versorgungswerk-vzb","category-vertreterversammlung"],"_links":{"self":[{"href":"https:\/\/iuzb.de\/index.php?rest_route=\/wp\/v2\/posts\/22307","targetHints":{"allow":["GET"]}}],"collection":[{"href":"https:\/\/iuzb.de\/index.php?rest_route=\/wp\/v2\/posts"}],"about":[{"href":"https:\/\/iuzb.de\/index.php?rest_route=\/wp\/v2\/types\/post"}],"author":[{"embeddable":true,"href":"https:\/\/iuzb.de\/index.php?rest_route=\/wp\/v2\/users\/13"}],"replies":[{"embeddable":true,"href":"https:\/\/iuzb.de\/index.php?rest_route=%2Fwp%2Fv2%2Fcomments&post=22307"}],"version-history":[{"count":16,"href":"https:\/\/iuzb.de\/index.php?rest_route=\/wp\/v2\/posts\/22307\/revisions"}],"predecessor-version":[{"id":22325,"href":"https:\/\/iuzb.de\/index.php?rest_route=\/wp\/v2\/posts\/22307\/revisions\/22325"}],"wp:attachment":[{"href":"https:\/\/iuzb.de\/index.php?rest_route=%2Fwp%2Fv2%2Fmedia&parent=22307"}],"wp:term":[{"taxonomy":"category","embeddable":true,"href":"https:\/\/iuzb.de\/index.php?rest_route=%2Fwp%2Fv2%2Fcategories&post=22307"},{"taxonomy":"post_tag","embeddable":true,"href":"https:\/\/iuzb.de\/index.php?rest_route=%2Fwp%2Fv2%2Ftags&post=22307"}],"curies":[{"name":"wp","href":"https:\/\/api.w.org\/{rel}","templated":true}]}}