{"id":21952,"date":"2017-09-20T20:39:12","date_gmt":"2017-09-20T18:39:12","guid":{"rendered":"http:\/\/iuzb.de\/?p=21952"},"modified":"2018-05-30T07:41:07","modified_gmt":"2018-05-30T05:41:07","slug":"zahnaerztekammer-berlin-will-die-kammerbeitraege-erhoehen","status":"publish","type":"post","link":"https:\/\/iuzb.de\/?p=21952","title":{"rendered":"Zahn\u00e4rztekammer Berlin will die Kammerbeitr\u00e4ge erh\u00f6hen"},"content":{"rendered":"<div id=\"attachment_21957\" style=\"width: 870px\" class=\"wp-caption alignnone\"><a href=\"https:\/\/iuzb.de\/wp-content\/uploads\/2017\/09\/2017-09-20-Einladung-Papierstabel.jpg\" target=\"_blank\" rel=\"noopener\"><img loading=\"lazy\" decoding=\"async\" aria-describedby=\"caption-attachment-21957\" class=\"size-large wp-image-21957\" src=\"https:\/\/iuzb.de\/wp-content\/uploads\/2017\/09\/2017-09-20-Einladung-Papierstabel-1600x1119.jpg\" alt=\"\" width=\"860\" height=\"601\" srcset=\"https:\/\/iuzb.de\/wp-content\/uploads\/2017\/09\/2017-09-20-Einladung-Papierstabel.jpg 1600w, https:\/\/iuzb.de\/wp-content\/uploads\/2017\/09\/2017-09-20-Einladung-Papierstabel-172x120.jpg 172w, https:\/\/iuzb.de\/wp-content\/uploads\/2017\/09\/2017-09-20-Einladung-Papierstabel-429x300.jpg 429w, https:\/\/iuzb.de\/wp-content\/uploads\/2017\/09\/2017-09-20-Einladung-Papierstabel-768x537.jpg 768w\" sizes=\"auto, (max-width: 860px) 100vw, 860px\" \/><\/a><p id=\"caption-attachment-21957\" class=\"wp-caption-text\"><span style=\"font-size: 10pt;\">Die Einladung zur n\u00e4chsten Delegiertenversammlung \u201everbirgt\u201c &#8222;im Kleingedruckten&#8220; eine \u201e\u00dcberraschung\u201c: Eine Beitragserh\u00f6hung!<\/span><\/p><\/div>\n<p>&nbsp;<\/p>\n<p style=\"text-align: justify;\">Die Delegiertenversammlung der Zahn\u00e4rztekammer Berlin soll auf der Delegiertenversammlung am 28. September 2017 unter dem Tagesordnungspunkt 8) den Wirtschaftsplan 2018 beschlie\u00dfen.<\/p>\n<p style=\"text-align: justify;\">Damit verbunden soll eine Erh\u00f6hung der Kammerbeitr\u00e4ge sein. Dies ergibt sich jedoch nicht aus der Tagesordnung, sondern erst nach einem genauen Durchlesen der Anlage d) Wirtschaftsplan 2018.<\/p>\n<p style=\"text-align: justify;\">Dort hei\u00df es auf Seite 23:<\/p>\n<blockquote>\n<p style=\"text-align: justify;\">Die Kammerbeitr\u00e4ge sollen im Wirtschaftsjahr 2018 angepasst werden.<\/p>\n<\/blockquote>\n<ul>\n<li style=\"text-align: justify;\">Wir halten diese Form der Beschlussvorlage f\u00fcr unseri\u00f6s!<\/li>\n<li style=\"text-align: justify;\">Seri\u00f6s w\u00e4re es, wenn eine so wichtige Angelegenheit wie eine Beitragserh\u00f6hung offen und transparent bereits in der Tagesordnung als Diskussionspunkt ausgewiesen wird.<\/li>\n<\/ul>\n<div id=\"attachment_21958\" style=\"width: 870px\" class=\"wp-caption alignnone\"><a href=\"https:\/\/iuzb.de\/wp-content\/uploads\/2017\/09\/2017-09-20-Einladung-Papierstabel-Fundstelle-Erh\u00f6hung.jpg\" target=\"_blank\" rel=\"noopener\"><img loading=\"lazy\" decoding=\"async\" aria-describedby=\"caption-attachment-21958\" class=\"size-large wp-image-21958\" src=\"https:\/\/iuzb.de\/wp-content\/uploads\/2017\/09\/2017-09-20-Einladung-Papierstabel-Fundstelle-Erh\u00f6hung-1600x1061.jpg\" alt=\"\" width=\"860\" height=\"570\" srcset=\"https:\/\/iuzb.de\/wp-content\/uploads\/2017\/09\/2017-09-20-Einladung-Papierstabel-Fundstelle-Erh\u00f6hung.jpg 1600w, https:\/\/iuzb.de\/wp-content\/uploads\/2017\/09\/2017-09-20-Einladung-Papierstabel-Fundstelle-Erh\u00f6hung-181x120.jpg 181w, https:\/\/iuzb.de\/wp-content\/uploads\/2017\/09\/2017-09-20-Einladung-Papierstabel-Fundstelle-Erh\u00f6hung-450x298.jpg 450w, https:\/\/iuzb.de\/wp-content\/uploads\/2017\/09\/2017-09-20-Einladung-Papierstabel-Fundstelle-Erh\u00f6hung-768x509.jpg 768w\" sizes=\"auto, (max-width: 860px) 100vw, 860px\" \/><\/a><p id=\"caption-attachment-21958\" class=\"wp-caption-text\"><span style=\"font-size: 10pt;\">Die genaue &#8222;Fundstelle&#8220; der Beitragserh\u00f6hung<\/span>.<\/p><\/div>\n<p>F\u00fcr alle Interessierten:<\/p>\n<ul>\n<li>Delegiertenversammlung der Zahn\u00e4rztekammer Berlin<\/li>\n<li>Donnerstag, 28. September 2017<\/li>\n<li>19:00 Uhr c.t.<\/li>\n<li>Im Haus der Kassenzahn\u00e4rztlichen Vereinigung Berlin K.d.\u00f6.R.<br \/>\n10711 Berlin, Georg-Wilhlem-Stra\u00dfe 16<\/li>\n<\/ul>\n<p>&nbsp;<\/p>\n","protected":false},"excerpt":{"rendered":"<p>&nbsp; Die Delegiertenversammlung der Zahn\u00e4rztekammer Berlin soll auf der Delegiertenversammlung am 28. September 2017 unter dem Tagesordnungspunkt 8) den Wirtschaftsplan 2018 beschlie\u00dfen. Damit verbunden soll eine Erh\u00f6hung der Kammerbeitr\u00e4ge sein. [&#8230;]<\/p>\n","protected":false},"author":13,"featured_media":21962,"comment_status":"open","ping_status":"closed","sticky":false,"template":"","format":"standard","meta":{"ngg_post_thumbnail":0,"iawp_total_views":3,"footnotes":""},"categories":[91,242,244,46],"tags":[],"class_list":["post-21952","post","type-post","status-publish","format-standard","has-post-thumbnail","hentry","category-delegiertenversammlung","category-infobriefe","category-kammerbeitrag","category-zahnaerztekammer-berlin"],"_links":{"self":[{"href":"https:\/\/iuzb.de\/index.php?rest_route=\/wp\/v2\/posts\/21952","targetHints":{"allow":["GET"]}}],"collection":[{"href":"https:\/\/iuzb.de\/index.php?rest_route=\/wp\/v2\/posts"}],"about":[{"href":"https:\/\/iuzb.de\/index.php?rest_route=\/wp\/v2\/types\/post"}],"author":[{"embeddable":true,"href":"https:\/\/iuzb.de\/index.php?rest_route=\/wp\/v2\/users\/13"}],"replies":[{"embeddable":true,"href":"https:\/\/iuzb.de\/index.php?rest_route=%2Fwp%2Fv2%2Fcomments&post=21952"}],"version-history":[{"count":11,"href":"https:\/\/iuzb.de\/index.php?rest_route=\/wp\/v2\/posts\/21952\/revisions"}],"predecessor-version":[{"id":21966,"href":"https:\/\/iuzb.de\/index.php?rest_route=\/wp\/v2\/posts\/21952\/revisions\/21966"}],"wp:featuredmedia":[{"embeddable":true,"href":"https:\/\/iuzb.de\/index.php?rest_route=\/wp\/v2\/media\/21962"}],"wp:attachment":[{"href":"https:\/\/iuzb.de\/index.php?rest_route=%2Fwp%2Fv2%2Fmedia&parent=21952"}],"wp:term":[{"taxonomy":"category","embeddable":true,"href":"https:\/\/iuzb.de\/index.php?rest_route=%2Fwp%2Fv2%2Fcategories&post=21952"},{"taxonomy":"post_tag","embeddable":true,"href":"https:\/\/iuzb.de\/index.php?rest_route=%2Fwp%2Fv2%2Ftags&post=21952"}],"curies":[{"name":"wp","href":"https:\/\/api.w.org\/{rel}","templated":true}]}}