{"id":21898,"date":"2017-09-06T13:39:25","date_gmt":"2017-09-06T11:39:25","guid":{"rendered":"http:\/\/iuzb.de\/?p=21898"},"modified":"2017-09-06T13:43:48","modified_gmt":"2017-09-06T11:43:48","slug":"kv-berlin-auch-nachwahl-des-vorstands-angefochten-ist-wahl-des-vorstandsmitglieds-scherer-auch-im-2-versuch-ungueltig","status":"publish","type":"post","link":"https:\/\/iuzb.de\/?p=21898","title":{"rendered":"KV Berlin: Auch Nachwahl des Vorstands angefochten &#8211; Ist Wahl des Vorstandsmitglieds Scherer auch im 2. Versuch ung\u00fcltig?"},"content":{"rendered":"<div class=\"textile\">\n<p style=\"text-align: justify;\">Ein Mitglied der Vertreterversammlung der Kassen\u00e4rztlichen Vereinigung Berlin (KV Berlin) hat am 4. September 2017 beim Sozialgericht Berlin auch die <a href=\"https:\/\/iuzb.de\/?p=21747\" target=\"_blank\" rel=\"noopener\">am 3. August 2017 abgehaltene Nachwahl<\/a> von G\u00fcnter Scherer in den Vorstand der KV angefochten. Die Klage ist zum Aktenzeichen S 87 KA 273\/17 registriert worden.<\/p>\n<p style=\"text-align: justify;\">Bereits bei den <a href=\"https:\/\/iuzb.de\/?p=19285\" target=\"_blank\" rel=\"noopener\">Vorstandswahlen vom 11. Februar 2017<\/a> war G\u00fcnter Scherer in den dreik\u00f6pfigen Vorstand der KV gew\u00e4hlt worden. Allerdings hatte das Sozialgericht Berlin mit Urteil vom 5. Juli 2017 (S 22 KA 46\/17) die Wahl insoweit f\u00fcr ung\u00fcltig erkl\u00e4rt, weshalb sie wiederholt werden musste (vgl. <a title=\"Sozialgericht Berlin Pressemitteilung\" href=\"https:\/\/iuzb.de\/?p=21460\" target=\"_blank\" rel=\"noopener\">Pressemitteilung vom 5. Juli 2017<\/a>). Bei der Wahlwiederholung wenige Wochen danach wurde G\u00fcnter Scherer erneut in den Vorstand gew\u00e4hlt.<\/p>\n<p style=\"text-align: justify;\">Mit seiner Klage begehrt der anwaltlich vertretene Kl\u00e4ger die Feststellung, dass die Wahl des Vorstandsmitglieds G\u00fcnter Scherer ung\u00fcltig sei. Seiner Meinung nach ist die Wahl insbesondere wegen folgender M\u00e4ngel anfechtbar:<\/p>\n<ul>\n<li style=\"text-align: justify;\">Die Einladungsfrist sei zu kurz bemessen gewesen. Die Mitglieder der Vertreterversammlung seien nur 3 Wochen vor dem Termin der Nachwahl geladen worden, der zudem noch in der Ferienzeit gelegen habe.<\/li>\n<li style=\"text-align: justify;\">Die Nachwahl sei nicht hinreichend bekannt gegeben worden, so dass weitere Kandidaten sich nicht um das Amt haben bewerben k\u00f6nnen. Auch eine \u00f6ffentliche Ausschreibung des Postens habe es nicht gegeben. Dabei handele es sich um eine herausgehobene Stellung mit gesteigerter Verantwortung. Die Besetzung habe daher so zu erfolgen, dass eine Bestenauslese m\u00f6glich sei. Transparente Ausschreibungen seien auch zur Vermeidung von Korruption verpflichtend.<\/li>\n<\/ul>\n<p style=\"text-align: justify;\">Eine Stellungnahme der beklagten Kassen\u00e4rztlichen Vereinigung liegt noch nicht vor. Ein Entscheidungstermin ist noch nicht absehbar.<\/p>\n<\/div>\n<p>Quelle: Sozialgericht Berlin, <a href=\"http:\/\/www.berlin.de\/gerichte\/sozialgericht\/presse\/pressemitteilungen\/2017\/pressemitteilung.627784.php\" target=\"_blank\" rel=\"noopener\">Pressemitteilung vom 09.09.2017<\/a><\/p>\n<p>&nbsp;<\/p>\n<p>&nbsp;<\/p>\n","protected":false},"excerpt":{"rendered":"<p>Ein Mitglied der Vertreterversammlung der Kassen\u00e4rztlichen Vereinigung Berlin (KV Berlin) hat am 4. September 2017 beim Sozialgericht Berlin auch die am 3. August 2017 abgehaltene Nachwahl von G\u00fcnter Scherer in [&#8230;]<\/p>\n","protected":false},"author":13,"featured_media":0,"comment_status":"open","ping_status":"closed","sticky":false,"template":"","format":"standard","meta":{"ngg_post_thumbnail":0,"iawp_total_views":1,"footnotes":""},"categories":[120],"tags":[],"class_list":["post-21898","post","type-post","status-publish","format-standard","hentry","category-kv-berlin"],"_links":{"self":[{"href":"https:\/\/iuzb.de\/index.php?rest_route=\/wp\/v2\/posts\/21898","targetHints":{"allow":["GET"]}}],"collection":[{"href":"https:\/\/iuzb.de\/index.php?rest_route=\/wp\/v2\/posts"}],"about":[{"href":"https:\/\/iuzb.de\/index.php?rest_route=\/wp\/v2\/types\/post"}],"author":[{"embeddable":true,"href":"https:\/\/iuzb.de\/index.php?rest_route=\/wp\/v2\/users\/13"}],"replies":[{"embeddable":true,"href":"https:\/\/iuzb.de\/index.php?rest_route=%2Fwp%2Fv2%2Fcomments&post=21898"}],"version-history":[{"count":3,"href":"https:\/\/iuzb.de\/index.php?rest_route=\/wp\/v2\/posts\/21898\/revisions"}],"predecessor-version":[{"id":21901,"href":"https:\/\/iuzb.de\/index.php?rest_route=\/wp\/v2\/posts\/21898\/revisions\/21901"}],"wp:attachment":[{"href":"https:\/\/iuzb.de\/index.php?rest_route=%2Fwp%2Fv2%2Fmedia&parent=21898"}],"wp:term":[{"taxonomy":"category","embeddable":true,"href":"https:\/\/iuzb.de\/index.php?rest_route=%2Fwp%2Fv2%2Fcategories&post=21898"},{"taxonomy":"post_tag","embeddable":true,"href":"https:\/\/iuzb.de\/index.php?rest_route=%2Fwp%2Fv2%2Ftags&post=21898"}],"curies":[{"name":"wp","href":"https:\/\/api.w.org\/{rel}","templated":true}]}}