{"id":21837,"date":"2017-08-18T12:54:16","date_gmt":"2017-08-18T10:54:16","guid":{"rendered":"http:\/\/iuzb.de\/?p=21837"},"modified":"2017-08-18T13:01:24","modified_gmt":"2017-08-18T11:01:24","slug":"kv-berlin-afd-fragt-nach-staatskommissar","status":"publish","type":"post","link":"https:\/\/iuzb.de\/?p=21837","title":{"rendered":"KV Berlin: AfD-Abgeordneter fragt nach Staatskommissar"},"content":{"rendered":"<p>Abgeordnetenhaus &#8211; <a href=\"http:\/\/pardok.parlament-berlin.de\/starweb\/adis\/citat\/VT\/18\/SchrAnfr\/S18-11878.pdf\" target=\"_blank\" rel=\"noopener\">Drucksache 18 \/ 11 878<\/a><\/p>\n<p>Schriftliche Anfrage des Abgeordneten <a href=\"https:\/\/www.parlament-berlin.de\/de\/Abgeordnete\/Neuendorf-Dieter\" target=\"_blank\" rel=\"noopener\">Dr. Dieter Neuendorf<\/a> (AFD) vom 20. Juli 2017 zum Thema:<\/p>\n<p><strong>Anfrage zum F\u00fchrungschaos bei der Kassen\u00e4rztlichen Vereinigung Berlin<\/strong><\/p>\n<p>und Antwort vom 02. August 2017 der Senatsverwaltung f\u00fcr Gesundheit, Pflege und Gleichstellung<\/p>\n<p>Im Namen des Senats von Berlin beantworte ich Ihre Schriftliche Anfrage wie folgt:<\/p>\n<p>__________________________________________________________________<\/p>\n<p>&nbsp;<\/p>\n<p style=\"text-align: justify;\">Das Sozialgericht Berlin hat am Mittwoch, dem 5. Juli 2017 die Wahl von Herrn G\u00fcnter Scherer zum dritten Vorstandsmitglied der kassen\u00e4rztlichen Vereinigung Berlin wegen schwerer Rechtsverst\u00f6\u00dfe f\u00fcr ung\u00fcltig erkl\u00e4rt. Herr Scherer kann damit seine Gesch\u00e4fte als Vorstand der KV Berlin aktuell nicht mehr rechtssicher wahrnehmen. Mit Zustimmung der Senatsverwaltung f\u00fcr Gesundheit, Pflege und Gleichstellung hatte das zweite \u2013 haus\u00e4rztliche \u2013 Mitglied des Vorstandes der kassen\u00e4rztlichen Vereinigung Berlin, Herr Burkhard Ruppert nach seiner Wahl am 18. Mai 2017 eine dienstvertragliche Regelung mit dem Inhalt getroffen, dass er das Amt erst zum September 2017 \u00fcbernehmen wird. Aufgrund dieser vertraglichen Regelung kann auch er zurzeit keine Gesch\u00e4fte als Vorstand der Kassen\u00e4rztlichen Vereinigung Berlin f\u00fchren. Lediglich die erste Vorsitzende der KV Berlin, Frau Dr. Margaret Stennes ist nach ihrer Wahl zurzeit rechtlich unbestritten als Vorstand t\u00e4tig und kann die Gesch\u00e4fte der K\u00f6rperschaft f\u00fchren. Die Satzung der kassen\u00e4rztlichen Vereinigung Berlin sieht vor, dass Gesch\u00e4fte der kassen\u00e4rztlichen Vereinigung nur dann rechtlich verbindlich sind, wenn sie von mindestens zwei Vorstandsmitgliedern unterzeichnet werden.<\/p>\n<p style=\"text-align: justify;\"><strong>1. Sieht die Senatsverwaltung f\u00fcr Gesundheit, Pflege und Gleichstellung die Handlungsf\u00e4higkeit des Vorstandes der KV Berlin aktuell (seit dem 5. Juli 2017) f\u00fcr gegeben an? H\u00e4lt sie es f\u00fcr zul\u00e4ssig, dass au\u00dfenwirksame Rechtsgesch\u00e4fte rechtlich bindend auch dann zustande kommen, wenn die KV Berlin nur von einem unbestrittenen im Amt befindlichen Vorstand vertreten wird?<\/strong><\/p>\n<p style=\"text-align: justify; padding-left: 30px;\">Zu 1.: Die Handlungsf\u00e4higkeit der KV Berlin ist gewahrt. Das Urteil des Sozialgerichts Berlin vom 05. Juli 2017 ist noch nicht rechtskr\u00e4ftig, da die Berufungsfrist gem\u00e4\u00df <a href=\"https:\/\/dejure.org\/gesetze\/SGG\/151.html\" target=\"_blank\" rel=\"noopener\">\u00a7 151 Sozialgerichtsgesetz<\/a> (SGG) noch l\u00e4uft. Gem\u00e4\u00df <a href=\"https:\/\/dejure.org\/gesetze\/SGG\/202.html\" target=\"_blank\" rel=\"noopener\">\u00a7 202 SGG<\/a> in Verbindung mit<a href=\"https:\/\/dejure.org\/gesetze\/ZPO\/705.html\" target=\"_blank\" rel=\"noopener\"> \u00a7 705 ZPO<\/a> Zivilprozessordnung tritt die Rechtskraft des Urteils nicht vor Ablauf der f\u00fcr die Einlegung des Rechtsmittels oder des zul\u00e4ssigen Einspruchs bestimmten Frist ein.<\/p>\n<p style=\"text-align: justify; padding-left: 30px;\">Die KV Berlin hat sich zudem entschlossen, am 03. August 2017 eine Wiederholungswahl f\u00fcr das dritte Vorstandsamt durchzuf\u00fchren. Der Vorstand ist bis dahin zur Vornahme au\u00dfenwirksamer Rechtsgesch\u00e4fte in der Lage.<\/p>\n<p style=\"text-align: justify;\"><strong>2. Sieht die Senatsverwaltung f\u00fcr Gesundheit, Pflege und Gleichstellung bei der bestehenden Konstellation die Notwendigkeit einen Staatskommissar einzusetzen und mit der F\u00fchrung der kassen\u00e4rztlichen Vereinigung Berlin zu beauftragen?<\/strong><\/p>\n<p style=\"text-align: justify; padding-left: 30px;\">Zu 2.: Nein. Die Einsetzung eines Staatkommissars ist ein in die Selbstverwaltung der K\u00f6rperschaft stark eingreifendes Mittel. Der Einsatz solch eines Aufsichtsmittels ist hier schon nicht erforderlich, da die KV Berlin und ihr Vorstand weiterhin handlungsf\u00e4hig sind. Angesichts der unmittelbar bevorstehenden Wiederholungswahl w\u00e4re die Einsetzung eines Staatskommissars auch nicht angemessen.<\/p>\n<p style=\"text-align: justify;\"><strong>3. Hat das Vorstandsmitglied Scherer trotz des Urteils des Sozialgerichts Berlin Anspruch auf die volle, vertraglich vereinbarte Monatsverg\u00fctung f\u00fcr Juli 2017?<\/strong><\/p>\n<p style=\"text-align: justify; padding-left: 30px;\">Zu 3.: Bis zum Eintritt einer rechtssicheren bzw. rechtskr\u00e4ftigen Situation (Wiederholungswahl oder Rechtskraft des Urteils) bleiben die zwischen den Beteiligten vertraglich vereinbarten und aus dem Amt erwachsenen Rechte und Pflichten bestehen.<\/p>\n<p>&nbsp;<\/p>\n<p>Berlin, den 02. August 2017<\/p>\n<p>In Vertretung<br \/>\nBarbara K\u00f6nig<br \/>\nSenatsverwaltung f\u00fcr Gesundheit,<br \/>\nPflege und Gleichstellung<\/p>\n","protected":false},"excerpt":{"rendered":"<p>Abgeordnetenhaus &#8211; Drucksache 18 \/ 11 878 Schriftliche Anfrage des Abgeordneten Dr. Dieter Neuendorf (AFD) vom 20. Juli 2017 zum Thema: Anfrage zum F\u00fchrungschaos bei der Kassen\u00e4rztlichen Vereinigung Berlin und [&#8230;]<\/p>\n","protected":false},"author":13,"featured_media":0,"comment_status":"open","ping_status":"closed","sticky":false,"template":"","format":"standard","meta":{"ngg_post_thumbnail":0,"iawp_total_views":1,"footnotes":""},"categories":[120],"tags":[],"class_list":["post-21837","post","type-post","status-publish","format-standard","hentry","category-kv-berlin"],"_links":{"self":[{"href":"https:\/\/iuzb.de\/index.php?rest_route=\/wp\/v2\/posts\/21837","targetHints":{"allow":["GET"]}}],"collection":[{"href":"https:\/\/iuzb.de\/index.php?rest_route=\/wp\/v2\/posts"}],"about":[{"href":"https:\/\/iuzb.de\/index.php?rest_route=\/wp\/v2\/types\/post"}],"author":[{"embeddable":true,"href":"https:\/\/iuzb.de\/index.php?rest_route=\/wp\/v2\/users\/13"}],"replies":[{"embeddable":true,"href":"https:\/\/iuzb.de\/index.php?rest_route=%2Fwp%2Fv2%2Fcomments&post=21837"}],"version-history":[{"count":9,"href":"https:\/\/iuzb.de\/index.php?rest_route=\/wp\/v2\/posts\/21837\/revisions"}],"predecessor-version":[{"id":21846,"href":"https:\/\/iuzb.de\/index.php?rest_route=\/wp\/v2\/posts\/21837\/revisions\/21846"}],"wp:attachment":[{"href":"https:\/\/iuzb.de\/index.php?rest_route=%2Fwp%2Fv2%2Fmedia&parent=21837"}],"wp:term":[{"taxonomy":"category","embeddable":true,"href":"https:\/\/iuzb.de\/index.php?rest_route=%2Fwp%2Fv2%2Fcategories&post=21837"},{"taxonomy":"post_tag","embeddable":true,"href":"https:\/\/iuzb.de\/index.php?rest_route=%2Fwp%2Fv2%2Ftags&post=21837"}],"curies":[{"name":"wp","href":"https:\/\/api.w.org\/{rel}","templated":true}]}}