{"id":21780,"date":"2017-08-09T09:21:31","date_gmt":"2017-08-09T07:21:31","guid":{"rendered":"http:\/\/iuzb.de\/?p=21780"},"modified":"2017-08-09T10:26:48","modified_gmt":"2017-08-09T08:26:48","slug":"gruene-wahlprogramm-keine-sonderrechte-fuer-politiker-bei-altersversorgung","status":"publish","type":"post","link":"https:\/\/iuzb.de\/?p=21780","title":{"rendered":"Wahlprogramm der GR\u00dcNEN sieht strategisch die Aufl\u00f6sung der berufsst\u00e4ndischen Versorgungswerke vor"},"content":{"rendered":"<p style=\"text-align: justify;\">Strategisch l\u00e4uft das <a href=\"https:\/\/www.gruene.de\/ueber-uns\/2017\/gruenes-wahlprogramm-zur-bundestagswahl-2017-zukunft-wird-aus-mut-gemacht.html?pk_campaign=programm-hh-programm17\" target=\"_blank\" rel=\"noopener\">Wahlprogramm<\/a> der Partei B\u00dcNDNIS 90 \/ DIE GR\u00dcNEN zur Bundestagswahl 2017 auf eine Abschaffung der berufsst\u00e4ndischen Versorgungswerke hinaus, denn sie wollen &#8222;auch Freiberufler und Beamte in die gesetzliche Rentenversicherung einbeziehen.&#8220; Wie dies technisch m\u00f6glich w\u00e4re, illustriert eine unserer Meldungen aus dem Jahr 2012: &#8222;<a href=\"https:\/\/iuzb.de\/?p=2821\" target=\"_blank\" rel=\"noopener\">Abwicklung eines Versorgungswerkes&#8220;<\/a>.<strong><br \/>\n<\/strong><\/p>\n<p style=\"text-align: justify;\">Nachfolgend im Auszug das Wahlprogramm zum Thema Rentenversicherung (<a href=\"https:\/\/www.gruene.de\/fileadmin\/user_upload\/Dokumente\/BUENDNIS_90_DIE_GRUENEN_Bundestagswahlprogramm_2017_barrierefrei.pdf\" target=\"_blank\" rel=\"noopener\">Seite 198-200<\/a>):<\/p>\n<blockquote>\n<p style=\"text-align: justify;\"><strong>Wie die Rente wirklich sicher wird<\/strong><br \/>\nUm die Rente wieder sicher und verl\u00e4sslich, nachhaltig und generationengerecht zu machen, setzen wir uns daf\u00fcr ein, das Drei-S\u00e4ulenSystem der Alterssicherung auf eine solide Basis zu stellen.<\/p>\n<ul style=\"text-align: justify;\">\n<li>In erster Linie st\u00e4rken wir die erste S\u00e4ule, die <strong>gesetzliche Rentenversicherung<\/strong>. Denn sie ist und bleibt die wichtigste S\u00e4ule, der Altersvorsorge. Durch die Rentenreformen der vergangenen Jahre ist das Rentenniveau gesunken. Eine Stabilisierung ist dringend notwendig. Das heutige \u2013 gegen\u00fcber dem Jahr 1998 bereits erheblich abgesenkte \u2013 Rentenniveau sollte nicht weiter fallen. Dabei m\u00fcssen Rentenniveau und Beitragssatz in einem angemessenen Verh\u00e4ltnis stehen, damit auch die junge Generation weiter in die gesetzliche Rente vertrauen kann. Wer viele Jahre eingezahlt hat, soll von seiner Rente auch leben k\u00f6nnen. Mit der <strong>Garantierente<\/strong> wollen wir f\u00fcr alle Menschen, die den gr\u00f6\u00dften Teil ihres Lebens rentenversichert waren, gearbeitet, Kinder erzogen oder andere Menschen gepflegt haben, ein Mindestniveau in der Rentenversicherung einf\u00fchren. Die Garantierente ist steuerfinanziert und die H\u00f6he wird oberhalb der Grundsicherung liegen. Es findet keine Bed\u00fcrftigkeitspr\u00fcfung statt und betriebliche und private Altersvorsorge wird nicht angerechnet. Um die gesetzliche Rente finanziell und solidarisch breiter aufzustellen, wollen wir versicherungsfremde Leistungen aus Steuern bezahlen und die Besch\u00e4ftigungsbedingungen gerade f\u00fcr Frauen so verbessern, dass sie \u00f6fter und gleichberechtigt erwerbst\u00e4tig sind.<br \/>\n<span style=\"color: #ffffff;\">.<\/span><\/li>\n<li>Wir wollen den ersten Schritt zur <strong>B\u00fcrger*innenversicherung<\/strong> gehen und hierf\u00fcr die nicht anderweitig abgesicherten Selbst\u00e4ndigen, Minijobber*innen und Abgeordnete in die gesetzliche Rentenversicherung einbeziehen. Auch Langzeitarbeitslose sollen wieder versichert werden. F\u00fcr die Selbst\u00e4ndigen und insbesondere die Existenzgr\u00fcnder*innen wird es \u00dcbergangsregelungen geben. Zudem wollen wir Selbst\u00e4ndigen mit Beitragsr\u00fcckst\u00e4nden bei der Krankenversicherung helfen und Schulden erlassen.<br \/>\n<span style=\"color: #ffffff;\">.<\/span><\/li>\n<li>In einem sp\u00e4teren Schritt wollen wir auch <strong>Freiberufler*innen und Beamt*innen<\/strong> in die gesetzliche Rentenversicherung einbeziehen. Hierf\u00fcr werden wir mit den L\u00e4ndern zusammenarbeiten. Bereits erworbene Anwartschaften auf Versorgung und bestehende Beamtenverh\u00e4ltnisse bleiben dabei aus Gr\u00fcnden des Vertrauensschutzes unber\u00fchrt.<\/li>\n<\/ul>\n<p style=\"text-align: justify;\">Grunds\u00e4tzlich halten wir an der Rente mit 67 fest. Wir wollen es Menschen aber leichter machen, selbst dar\u00fcber zu entscheiden, wann sie in Rente gehen wollen. Dazu f\u00f6rdern wir eine echte Altersteilzeit durch eine attraktive Teilrente ab 60 Jahren, die insbesondere Arbeitnehmer*innen in belastenden Berufen zugutekommt. F\u00fcr Menschen, die l\u00e4nger arbeiten wollen, soll sich das lohnen. Damit sie eine h\u00f6here Rente erhalten, f\u00fchren wir einfache Hinzuverdienstregeln ein und erleichtern es, Teilrente und Erwerbseinkommen zu kombinieren. So erleichtern wir es Menschen, selbst zu bestimmen, wann sie in Rente gehen. Arbeitnehmer*innen, die nicht mehr arbeiten k\u00f6nnen, sollen nicht l\u00e4nger auch noch daf\u00fcr bestraft werden, deshalb schaffen wir die Abschl\u00e4ge bei der Erwerbsminderungsrente ab.<\/p>\n<ul style=\"text-align: justify;\">\n<li>Neben der gesetzlichen Rente wollen wir auch die <strong>private und betriebliche Altersvorsorge<\/strong> st\u00e4rken. Kapitalgedeckte Altersvorsorge kann zu einem Bruchteil der Kosten und mit einer deutlich h\u00f6heren Rendite als in Deutschland durchgef\u00fchrt werden. Wir wollen deshalb einen <strong>B\u00fcrger*innenfonds<\/strong> in \u00f6ffentlicher Verwaltung einf\u00fchren und diesen sowohl f\u00fcr die betriebliche wie auch die private Vorsorge \u00f6ffnen. Bei hinreichender Gr\u00f6\u00dfe kann die laufende Verwaltungsgeb\u00fchr sehr gering sein. Die Sparleistung der Menschen kann so fast vollst\u00e4ndig in die Altersvorsorge gehen. Der B\u00fcrger*innenfonds soll nachhaltig investieren und dabei soziale und \u00f6kologische Belange ber\u00fccksichtigen.<br \/>\n<span style=\"color: #ffffff;\">.<\/span><\/li>\n<li>Alle Arbeitgeber*innen sollen k\u00fcnftig ihren Besch\u00e4ftigten eine <strong>Betriebsrente<\/strong> anbieten und sie mit einem eigenen Arbeitgeber*innenb eitrag unterst\u00fctzen. Kleinen Betrieben erleichtern wir dies mit einer \u00c4nderung der Haftungsregeln. Wenn sie diese nicht im eigenen Betrieb oder \u00fcberbetrieblich organisieren, soll sie unb\u00fcrokratisch \u00fcber den <strong>B\u00fcrger*innenfonds<\/strong> durchgef\u00fchrt werden k\u00f6nnen. Die Arbeitnehmer*innen sind nicht verpflichtet, das Angebot ihrer Arbeit geber*innen anzunehmen.<\/li>\n<\/ul>\n<p style=\"text-align: justify;\">Die \u00f6ffentliche F\u00f6rderung der privaten Altersvorsorge soll in Zukunft vor allem Geringverdienenden zugutekommen. Die Entgeltumwandlung lehnen wir ab, weil sie die gesetzliche Rente schw\u00e4cht.<br \/>\nViele Frauen sind von Armut im Alter bedroht. Sie leisten mehr Erziehungs- und Pflegearbeit, arbeiten oft in Teilzeit oder in schlecht bezahlten Branchen und erwerben weniger Rentenanspr\u00fcche. F\u00fcr Frauen muss es einfacher werden, sich durch Erwerbsarbeit selbst besser abzusichern. Mit guten Angeboten f\u00fcr die Kinderbetreuung, einer Umwandlung der Minijobs in sozialversicherungspflichtige Besch\u00e4ftigung, einem R\u00fcckkehrrecht auf Vollzeit, einer echten Pflegezeit, einer fairen Abbildung von Pflegezeiten bei der Rente und mit gleichem Lohn f\u00fcr gleiche und gleichwertige Arbeit k\u00f6nnen wir die Rentenl\u00fccke f\u00fcr Frauen mittelfristig schlie\u00dfen. Auch die Anrechnung von Aufwandsentsch\u00e4digungen f\u00fcr Ehren\u00e4mter auf die Rente werden wir neu ordnen.<br \/>\nWir wollen die Benachteiligung der j\u00fcdischen Zuwanderinnen und Zuwanderer aus der ehemaligen Sowjetunion gegen\u00fcber Sp\u00e4taussiedlerinnen und Sp\u00e4taussiedlern im Rentenrecht beenden.<\/p>\n<p style=\"text-align: justify;\">Zusatzversorgung\/Bankenwesen (<a href=\"https:\/\/www.gruene.de\/fileadmin\/user_upload\/Dokumente\/BUENDNIS_90_DIE_GRUENEN_Bundestagswahlprogramm_2017_barrierefrei.pdf\" target=\"_blank\" rel=\"noopener\">Seite 161<\/a>): In der Altersvorsorge wollen wir mit einem staatlichen Basisprodukt eine transparente Alternative zum Dschungel der Altersvorsorgeprodukte schaffen.<\/p>\n<\/blockquote>\n<p>&nbsp;<\/p>\n","protected":false},"excerpt":{"rendered":"<p>Strategisch l\u00e4uft das Wahlprogramm der Partei B\u00dcNDNIS 90 \/ DIE GR\u00dcNEN zur Bundestagswahl 2017 auf eine Abschaffung der berufsst\u00e4ndischen Versorgungswerke hinaus, denn sie wollen &#8222;auch Freiberufler und Beamte in die [&#8230;]<\/p>\n","protected":false},"author":13,"featured_media":0,"comment_status":"open","ping_status":"closed","sticky":false,"template":"","format":"standard","meta":{"ngg_post_thumbnail":0,"iawp_total_views":1,"footnotes":""},"categories":[180],"tags":[],"class_list":["post-21780","post","type-post","status-publish","format-standard","hentry","category-versorgungswerke"],"_links":{"self":[{"href":"https:\/\/iuzb.de\/index.php?rest_route=\/wp\/v2\/posts\/21780","targetHints":{"allow":["GET"]}}],"collection":[{"href":"https:\/\/iuzb.de\/index.php?rest_route=\/wp\/v2\/posts"}],"about":[{"href":"https:\/\/iuzb.de\/index.php?rest_route=\/wp\/v2\/types\/post"}],"author":[{"embeddable":true,"href":"https:\/\/iuzb.de\/index.php?rest_route=\/wp\/v2\/users\/13"}],"replies":[{"embeddable":true,"href":"https:\/\/iuzb.de\/index.php?rest_route=%2Fwp%2Fv2%2Fcomments&post=21780"}],"version-history":[{"count":18,"href":"https:\/\/iuzb.de\/index.php?rest_route=\/wp\/v2\/posts\/21780\/revisions"}],"predecessor-version":[{"id":21798,"href":"https:\/\/iuzb.de\/index.php?rest_route=\/wp\/v2\/posts\/21780\/revisions\/21798"}],"wp:attachment":[{"href":"https:\/\/iuzb.de\/index.php?rest_route=%2Fwp%2Fv2%2Fmedia&parent=21780"}],"wp:term":[{"taxonomy":"category","embeddable":true,"href":"https:\/\/iuzb.de\/index.php?rest_route=%2Fwp%2Fv2%2Fcategories&post=21780"},{"taxonomy":"post_tag","embeddable":true,"href":"https:\/\/iuzb.de\/index.php?rest_route=%2Fwp%2Fv2%2Ftags&post=21780"}],"curies":[{"name":"wp","href":"https:\/\/api.w.org\/{rel}","templated":true}]}}