{"id":21757,"date":"2017-08-08T15:41:36","date_gmt":"2017-08-08T13:41:36","guid":{"rendered":"http:\/\/iuzb.de\/?p=21757"},"modified":"2018-05-29T22:31:22","modified_gmt":"2018-05-29T20:31:22","slug":"aufgeblasene-backen-dicker-als-der-kopp","status":"publish","type":"post","link":"https:\/\/iuzb.de\/?p=21757","title":{"rendered":"Aufgeblasene Backen &#8211; dicker als der Kopp"},"content":{"rendered":"<p style=\"text-align: justify;\"><em>Der Berliner Verband versendet an seine Mitglieder eine eigene Zeitung, die allerlei kurzweilige Wortakrobatik seines Vorsitzenden enh\u00e4lt. Darunter nat\u00fcrlich auch Attacken gegen alles was diesem nicht passt, worunter gl\u00fccklicherweise auch wir fallen. Leider hinkt der Berliner Verband auch in der Ver\u00f6ffentlichung dieser Erg\u00fcsse im <a href=\"http:\/\/www.zahnaerzteverband-berlin.de\/bzz.php\" target=\"_blank\" rel=\"noopener\">Internet<\/a> hinterher &#8211; es ist halt immer noch f\u00fcr ihn Neuland&#8230;<\/em><\/p>\n<p style=\"text-align: justify;\"><em>Die folgende Antwort auf einen Artikel des Grossen Vorsitzenden Dr. Kopp ist sicherlich noch etwas verst\u00e4ndlicher, wenn sich der geneigte Leser einmal den Ausgangsartikel beschafft. Wir sind sicher, da finden sich Exemplare, die ihre Eigent\u00fcmer &#8211; teils sogar ungelesen &#8211; ins Altpapier bef\u00f6rdern. Oder man heuchelt Interesse an dieser wackeren Standesorganisation altdeutschen Zuschnitts und bittet um ein Probeexemplar? oder &#8230; oder<\/em><\/p>\n<p><span style=\"text-decoration: underline;\">Nun aber zu unserer Antwort:<\/span><\/p>\n<p><span style=\"color: #ffffff;\">.<\/span><\/p>\n<p><span style=\"font-size: 14pt;\"><strong>Aufgeblasene Backen &#8211; dicker als der Kopp<\/strong><\/span><\/p>\n<p style=\"text-align: justify;\">Dass die Spitzenfunktion\u00e4re unserer KZV vom &#8222;<a href=\"https:\/\/iuzb.de\/?p=20420\" target=\"_blank\" rel=\"noopener\">Stamme Nimm<\/a>&#8220; sind, schl\u00e4gt immer wieder einmal auch in die \u00d6ffentlichkeit au\u00dferhalb der Berufs\u00f6ffentlichkeit durch. Die KZV ist eine \u00f6ffentlich-rechtliche K\u00f6rperschaft mit dem Ziel der Interessenvertretung der Kassenzahn\u00e4rzte gegen\u00fcber den gesetzlichen Krankenkassen. Die Organisation als \u00f6ffentlich-rechtliche K\u00f6rperschaft soll f\u00fcr ein Mindestma\u00df an Kontrolle und demokratische Spielregeln sorgen, schlie\u00dflich gilt die Pflichtmitgliedschaft.<\/p>\n<p style=\"text-align: justify;\">Die KZV ist keine Vereinigung zur Verm\u00f6gensmehrung einzelner Funktion\u00e4re. Wenn diese das dennoch tun, muss eigentlich die <a href=\"https:\/\/iuzb.de\/?p=20943\" target=\"_blank\" rel=\"noopener\">demokratische Selbstkontrolle<\/a> greifen. Tut sie es nicht, hilft auch eine <a href=\"https:\/\/iuzb.de\/?p=21360\" target=\"_blank\" rel=\"noopener\">freie Presse<\/a> weiter. Das ist gut und nicht schlecht.<\/p>\n<p style=\"text-align: justify;\">Wie dann allerdings ein peinlichst bekannter Berufsfunktion\u00e4r auf derartige \u00f6ffentliche R\u00fcgen reagiert, ist keine gro\u00dfe \u00dcberraschung. Dass er dies von der Spitze des in Berlin f\u00fchrenden Berufsverbandes aus tut, best\u00e4tigt das Sprichwort vom Fisch, der zuerst am Kopf anf\u00e4ngt streng zu riechen. Aber das macht er doch nun schon ziemlich lange&#8230;<\/p>\n<p style=\"text-align: justify;\">Da wird zun\u00e4chst in die Mottenkiste aller erwischter Gierschlunde gegriffen und gegen den hass- und neiderf\u00fcllten Sensationsjournalismus gehetzt. Man riecht fast schon die Flammen, die um die Holzscheite des Scheiterhaufens z\u00fcngeln &#8222;Neiddebatte&#8220;, Ideologische Verirrung&#8220; und &#8222;F\u00f6rderung des Populismus&#8220; wird gebarmt. Und nat\u00fcrlich handelt es sich um einen Angriff auf die gesamte Zahn\u00e4rzteschaft und ihre K\u00f6rperschaften.<\/p>\n<p style=\"text-align: justify;\">Der Vollst\u00e4ndigkeit halber wird dann noch ein Angrif gegen die Opposition in der Vertreterversammlung geritten, allesamt Nestbeschmutzer und Brunnenvergifter, wutschnaubend &#8211; und inhaltsleer. Interessant nur die Formulierung \u00fcber einen &#8222;im Globudentskandal bei Gericht benannten&#8220; Kollegen, n\u00e4mlich ich. In der Tat wurde ich bei Gericht benannt, sogar beim Landessozialgericht: Als dieses n\u00e4mlich einen rechtswidrigen Disziplinarbescheid der KZV in dieser Sache gegen mich <a href=\"https:\/\/iuzb.de\/?p=3110\" target=\"_blank\" rel=\"noopener\">rechtskr\u00e4ftig aufhob<\/a>. Nur mit der Benennung bei Gericht zu argumentieren in der Hoffnung, dass etwas Negatives h\u00e4ngen bleibt, ist als &#8222;besonders perfide&#8220; anzusehen. Aber mit derartigen Beurteilungen hat der Vorstand des Berliner Verbandes ja Erfahrungen (vgl. <a href=\"https:\/\/iuzb.de\/wp-content\/uploads\/2017\/08\/2007-01-11-LG-Berlin-27O437-VdZvB-besonders-perfide.pdf\" target=\"_blank\" rel=\"noopener\">LG Berlin 27 O 437\/06<\/a>). Wenn der n\u00e4chste Teil des Artikels ausschlie\u00dflich der Opposition gewidmet sein soll, wird es dann wohl wieder erb\u00e4rmlich. Wirres Gehopse am Rande der Verbalinjurie ist zu erwarten.<\/p>\n<p style=\"text-align: justify;\">Die inhaltlichen Richtigstellungen des Spitzenfunktion\u00e4rs sind dann die bekannten Halbwahrheiten: Es geht nicht um 50 Euronen pro Monat, sondern <a href=\"https:\/\/iuzb.de\/?p=21175\" target=\"_blank\" rel=\"noopener\">um eine 700.000 Euro-Rente<\/a>. Frau Schmidt hat nicht nur die Hauptamtlichkeit der Vorstandst\u00e4tigkeit von K(Z)Ven &#8222;durchgepeitscht&#8220;, sondern auch die <a href=\"https:\/\/iuzb.de\/?p=13292\" target=\"_blank\" rel=\"noopener\">Ver\u00f6ffentlichungspflicht<\/a> hinsichtlich der Verg\u00fctung. Sie hat allerdings das Schamgef\u00fchl der Funktion\u00e4re deutlich \u00fcbersch\u00e4tzt. Und nat\u00fcrlich geht es bei den Vorstandsbez\u00fcgen nicht um das Geld der Krankenversicherten (obwohl es von diesen aufgebracht wird), sondern um das, was sich die Herren Funktion\u00e4re f\u00fcr sich abzwacken von dem, was allen Berliner Kassenzahn\u00e4rzten zur Verteilung zusteht.<\/p>\n<p style=\"text-align: justify;\">Die Vertreterversammlung ist &#8222;Herrin des Verfahrens&#8220;? Sie wird von einer <a href=\"https:\/\/iuzb.de\/wp-content\/uploads\/2017\/05\/2016-KZV-Vertreterversammlung-Fraktionen-Bild.jpg\" target=\"_blank\" rel=\"noopener\">Mehrheit<\/a> dominiert, die demokratische Grunds\u00e4tze im Sinne von Putin und Erdogan auslegt &#8211; die Minderheit hat zu schweigen, sie muss nicht spiegelbildlich in den Gremien ber\u00fccksichtigt werden. Und diese Mehrheit in der Vertreterversammlung folgt ihren Anf\u00fchrern erfahrungsgem\u00e4\u00df durch dick und doof.<\/p>\n<p style=\"text-align: justify;\"><span style=\"font-size: 14pt;\"><strong>Macht Euch endlich ehrlich &#8211; Hosen runter<\/strong><\/span><\/p>\n<p style=\"text-align: justify;\">Dieser Aufruf geht an die erbarmungsw\u00fcrdigen Opfer der Neiddebatte &#8211; die entsprechend ihrem Anstellungsvertrag auch noch nebenher eine Zahnarztpraxis betreiben d\u00fcrfen &#8211; und dies nat\u00fcrlich auch tun. Diese T\u00e4tigkeit darf nat\u00fcrlich die hauptamtliche T\u00e4tigkeit als Vorstandsmitglied der KZV nicht beeintr\u00e4chtigen. Stichentscheid dar\u00fcber, ob die Praxist\u00e4tigkeit die Vorstandst\u00e4tigkeit beeintr\u00e4chtigt &#8211; und damit zu reduzieren ist, trifft &#8211; na, wer wohl &#8211; die Vertreterversammlung (<a href=\"https:\/\/iuzb.de\/wp-content\/uploads\/2017\/05\/2016-KZV-Vertreterversammlung-Fraktionen-Bild.jpg\" target=\"_blank\" rel=\"noopener\">mehrheitlich nat\u00fcrlich&#8230;<\/a>). Zu deren Verhalten ist genug gesagt &#8211; die T\u00e4tigkeit der Vorstandsmitglieder als Zahn\u00e4rzte im &#8222;Nebenjob&#8220; wurde von der Mehrheit dieser Vertreterversammlung bislang nicht beanstandet und wird es bei diesen Mehrheitsverh\u00e4ltnissen auch in Zukunft nicht. Zahlen \u00fcber die Praxisums\u00e4tze der Vorstandsmitglieder liegen der Vertreterversammlung dementsprechend nicht vor. Ein bisschen erinnert das ja an einen F\u00fchrer der freien Welt, der seine Steuererkl\u00e4rung ungerne \u00f6ffentlich sehen w\u00fcrde.<\/p>\n<p style=\"text-align: justify;\">Bevor diese Eink\u00fcnfte nicht auf dem Tisch sind, brauchen wir \u00fcber einen Vergleich mit irgendwelchen Krankenkassenvorst\u00e4nden, \u00fcber Angemessenheit und Leistung, \u00fcber Neid und Missgunst, nicht zu reden. Wenn das alles so angemessen ist, so den Leistungen entspricht &#8211; wovor habt ihr Angst, ihr armen, hass- und neidverfolgten Gierschlunde?<\/p>\n<p><span style=\"color: #ffffff;\">.<\/span><\/p>\n<p><img loading=\"lazy\" decoding=\"async\" class=\"alignleft wp-image-16500 size-full\" src=\"https:\/\/iuzb.de\/wp-content\/uploads\/2013\/08\/Gerhard-Gneist-klein-150.jpg\" alt=\"\" width=\"150\" height=\"200\" \/><span style=\"color: #ffffff;\">.<\/span><br \/>\n<span style=\"color: #ffffff;\">.<\/span><br \/>\n<strong>Gerhard Gneist<\/strong><\/p>\n<ul>\n<li>1. Vorsitzender IUZB e.V<\/li>\n<li>Vertreter der KZV Berlin<br \/>\n<span style=\"color: #ffffff;\">.<\/span><br \/>\n<span style=\"color: #ffffff;\"> .<\/span><\/li>\n<\/ul>\n<p><span style=\"color: #ffffff;\">.<\/span><\/p>\n<p><span style=\"color: #ffffff;\">.<\/span><\/p>\n<p><span style=\"color: #ffffff;\">..<\/span><\/p>\n<p>&nbsp;<\/p>\n<p><span style=\"text-decoration: underline;\">Weiterf\u00fchrend:<\/span><\/p>\n<ul>\n<li>Artikel\u00fcbersicht in der Kategorie: <a href=\"https:\/\/iuzb.de\/?cat=98\" target=\"_blank\" rel=\"noopener\">KZV Berlin &#8211; Di\u00e4ten<\/a><\/li>\n<\/ul>\n","protected":false},"excerpt":{"rendered":"<p>Der Berliner Verband versendet an seine Mitglieder eine eigene Zeitung, die allerlei kurzweilige Wortakrobatik seines Vorsitzenden enh\u00e4lt. Darunter nat\u00fcrlich auch Attacken gegen alles was diesem nicht passt, worunter gl\u00fccklicherweise auch [&#8230;]<\/p>\n","protected":false},"author":8,"featured_media":21762,"comment_status":"open","ping_status":"closed","sticky":false,"template":"","format":"standard","meta":{"ngg_post_thumbnail":0,"iawp_total_views":0,"footnotes":""},"categories":[98,242,45,95],"tags":[],"class_list":["post-21757","post","type-post","status-publish","format-standard","has-post-thumbnail","hentry","category-diaeten-kzv","category-infobriefe","category-kzv-berlin","category-vdzvb"],"_links":{"self":[{"href":"https:\/\/iuzb.de\/index.php?rest_route=\/wp\/v2\/posts\/21757","targetHints":{"allow":["GET"]}}],"collection":[{"href":"https:\/\/iuzb.de\/index.php?rest_route=\/wp\/v2\/posts"}],"about":[{"href":"https:\/\/iuzb.de\/index.php?rest_route=\/wp\/v2\/types\/post"}],"author":[{"embeddable":true,"href":"https:\/\/iuzb.de\/index.php?rest_route=\/wp\/v2\/users\/8"}],"replies":[{"embeddable":true,"href":"https:\/\/iuzb.de\/index.php?rest_route=%2Fwp%2Fv2%2Fcomments&post=21757"}],"version-history":[{"count":16,"href":"https:\/\/iuzb.de\/index.php?rest_route=\/wp\/v2\/posts\/21757\/revisions"}],"predecessor-version":[{"id":21801,"href":"https:\/\/iuzb.de\/index.php?rest_route=\/wp\/v2\/posts\/21757\/revisions\/21801"}],"wp:featuredmedia":[{"embeddable":true,"href":"https:\/\/iuzb.de\/index.php?rest_route=\/wp\/v2\/media\/21762"}],"wp:attachment":[{"href":"https:\/\/iuzb.de\/index.php?rest_route=%2Fwp%2Fv2%2Fmedia&parent=21757"}],"wp:term":[{"taxonomy":"category","embeddable":true,"href":"https:\/\/iuzb.de\/index.php?rest_route=%2Fwp%2Fv2%2Fcategories&post=21757"},{"taxonomy":"post_tag","embeddable":true,"href":"https:\/\/iuzb.de\/index.php?rest_route=%2Fwp%2Fv2%2Ftags&post=21757"}],"curies":[{"name":"wp","href":"https:\/\/api.w.org\/{rel}","templated":true}]}}