{"id":21747,"date":"2017-08-04T11:43:28","date_gmt":"2017-08-04T09:43:28","guid":{"rendered":"http:\/\/iuzb.de\/?p=21747"},"modified":"2017-08-04T11:44:41","modified_gmt":"2017-08-04T09:44:41","slug":"kv-berlin-guenter-scherer-wurde-erneut-in-den-vorstand-der-kv-berlin-gewaehlt","status":"publish","type":"post","link":"https:\/\/iuzb.de\/?p=21747","title":{"rendered":"KV Berlin: G\u00fcnter Scherer wurde erneut in den Vorstand der KV Berlin gew\u00e4hlt"},"content":{"rendered":"<p style=\"text-align: justify;\"><strong>Dr. Christiane Wessel ruft Vertreterversammlung zur Geschlossenheit auf<\/strong><\/p>\n<p style=\"text-align: justify;\">Die Vertreterversammlung (VV) der Kassen\u00e4rztlichen Vereinigung (KV) Berlin hat gestern Abend G\u00fcnter Scherer mit 21 Stimmen erneut in den Vorstand der KV gew\u00e4hlt und damit ihr Votum vom 11. Februar 2017 best\u00e4tigt. Die Wiederholung der Wahl war notwendig geworden, nachdem das <a href=\"https:\/\/iuzb.de\/?p=21460\" target=\"_blank\" rel=\"noopener\">Sozialgericht Berlin<\/a> den urspr\u00fcnglichen Wahlgang wegen vermeintlicher Formfehler f\u00fcr ung\u00fcltig erkl\u00e4rt hatte.<\/p>\n<p style=\"text-align: justify;\">Die unmittelbar im Vorfeld von Teilen der VV \u00f6ffentlich formulierten Zweifel an der Rechtm\u00e4\u00dfigkeit des gestrigen Wahlgangs wies die VV-Vorsitzende Dr. Christiane Wessel zur\u00fcck: \u201eDie Wahl ist in jeglicher Hinsicht in einem korrekten Verfahren verlaufen. Die Fristen zur Einladung sowie die entsprechenden Vorgaben wurden eingehalten, eine \u00f6ffentliche Ausschreibung f\u00fcr Vorstands\u00e4mter ist nicht erforderlich.\u201c In ihrer pers\u00f6nlichen Erkl\u00e4rung zu Beginn der au\u00dferordentlichen Sitzung stellte sie zudem klar, dass aus ihrer Sicht bereits die Vorstandswahl am 11. Februar 2017 rechtm\u00e4\u00dfig gewesen sei, man aber aus Gr\u00fcnden der Aufrechterhaltung der Handlungsf\u00e4higkeit der KV und zugunsten einer zeitnahen Neuwahl auf ein Berufungsverfahren verzichtet habe.<\/p>\n<p style=\"text-align: justify;\">Wessel appellierte im Nachgang der Sitzung an alle VV-Mitglieder, im Interesse der Selbstverwaltung und im Interesse der niedergelassenen \u00c4rzte und Psychotherapeuten in Berlin auf eine Fortsetzung \u201eselbstzerst\u00f6rerischer \u00f6ffentlicher Debatten\u201c zu verzichten. \u201eAuch wenn die Stimmenmehrheit von 21\u00a0Vertretern faktisch die Mehrheit der VV abbildet, bedauere ich es an dieser Stelle au\u00dferordentlich, dass die VV nicht in ihrer Gesamtheit dar\u00fcber entschieden hat, wer die KV k\u00fcnftig f\u00fchrt. Ich finde es unproblematisch, in einem demokratischen Prozess mit Gegenstimmen zu leben. Sehr bedauerlich ist es aber, wenn gew\u00e4hlte Vertreter in den daf\u00fcr vorgesehenen Gremien nicht den Diskurs suchen, sondern diesem fern bleiben. Wir sollten nicht \u00fcbereinander, sondern wieder mehr miteinander reden und dabei \u2013 auch gerne kontrovers \u2013 um die besten L\u00f6sungen f\u00fcr unsere Kolleginnen und Kollegen in Berlin ringen. In diesem Sinne lade ich alle Beteiligten zu einem konstruktiven Dialog ein.\u201c<\/p>\n<p style=\"text-align: justify;\">Die KV-Vorstandsvorsitzende Dr. Margret Stennes bekr\u00e4ftigte die Bereitschaft des Vorstandes, seinen Anteil an einem konstruktiven Miteinander beizutragen und weiterhin mit aller Energie die anstehenden Herausforderungen in Angriff zu nehmen. \u201eWir haben uns sehr viel vorgenommen und sind bereits auf einem guten Weg\u201c, warb sie um Vertrauen f\u00fcr den Vorstand. Sie freue sich sehr, dass der Vorstand weiterhin seine Projekte vorantreiben kann, um die KV Berlin wieder zu einem vertrauensvollen, starken Dienstleister und Interessenvertreter f\u00fcr die niedergelassenen \u00c4rzte und Psychotherapeuten in Berlin zu machen, der eine qualitativ hochwertige Versorgung f\u00fcr die Patientinnen und Patienten in der ambulanten Versorgung Berlins gew\u00e4hrleistet.<\/p>\n<p>Quelle: KV Berlin, <a href=\"https:\/\/www.kvberlin.de\/40presse\/10pressemitteilung\/pe170804\/index.html\" target=\"_blank\" rel=\"noopener\">Pressemitteilung<\/a> vom 04.08.2017<\/p>\n","protected":false},"excerpt":{"rendered":"<p>Dr. Christiane Wessel ruft Vertreterversammlung zur Geschlossenheit auf Die Vertreterversammlung (VV) der Kassen\u00e4rztlichen Vereinigung (KV) Berlin hat gestern Abend G\u00fcnter Scherer mit 21 Stimmen erneut in den Vorstand der KV [&#8230;]<\/p>\n","protected":false},"author":13,"featured_media":0,"comment_status":"open","ping_status":"closed","sticky":false,"template":"","format":"standard","meta":{"ngg_post_thumbnail":0,"iawp_total_views":4,"footnotes":""},"categories":[120],"tags":[],"class_list":["post-21747","post","type-post","status-publish","format-standard","hentry","category-kv-berlin"],"_links":{"self":[{"href":"https:\/\/iuzb.de\/index.php?rest_route=\/wp\/v2\/posts\/21747","targetHints":{"allow":["GET"]}}],"collection":[{"href":"https:\/\/iuzb.de\/index.php?rest_route=\/wp\/v2\/posts"}],"about":[{"href":"https:\/\/iuzb.de\/index.php?rest_route=\/wp\/v2\/types\/post"}],"author":[{"embeddable":true,"href":"https:\/\/iuzb.de\/index.php?rest_route=\/wp\/v2\/users\/13"}],"replies":[{"embeddable":true,"href":"https:\/\/iuzb.de\/index.php?rest_route=%2Fwp%2Fv2%2Fcomments&post=21747"}],"version-history":[{"count":2,"href":"https:\/\/iuzb.de\/index.php?rest_route=\/wp\/v2\/posts\/21747\/revisions"}],"predecessor-version":[{"id":21749,"href":"https:\/\/iuzb.de\/index.php?rest_route=\/wp\/v2\/posts\/21747\/revisions\/21749"}],"wp:attachment":[{"href":"https:\/\/iuzb.de\/index.php?rest_route=%2Fwp%2Fv2%2Fmedia&parent=21747"}],"wp:term":[{"taxonomy":"category","embeddable":true,"href":"https:\/\/iuzb.de\/index.php?rest_route=%2Fwp%2Fv2%2Fcategories&post=21747"},{"taxonomy":"post_tag","embeddable":true,"href":"https:\/\/iuzb.de\/index.php?rest_route=%2Fwp%2Fv2%2Ftags&post=21747"}],"curies":[{"name":"wp","href":"https:\/\/api.w.org\/{rel}","templated":true}]}}