{"id":21616,"date":"2017-07-20T09:29:51","date_gmt":"2017-07-20T07:29:51","guid":{"rendered":"http:\/\/iuzb.de\/?p=21616"},"modified":"2017-07-20T17:42:00","modified_gmt":"2017-07-20T15:42:00","slug":"vzb-investment-logistik-vzb-direktor-ist-aufsichtsratsvorsitzender-der-aves-one-ag","status":"publish","type":"post","link":"https:\/\/iuzb.de\/?p=21616","title":{"rendered":"VZB Investment Logistik: VZB Direktor seit 13. M\u00e4rz 2017 Aufsichtsratsvorsitzender der Aves One AG"},"content":{"rendered":"<p><strong>Herr Ralf Wohltmann, Direktor des VZB, ist seit dem 13. M\u00e4rz 2017 Vorsitzender des Aufsichtsrates des Logistikunternehmens Aves One AG. Das VZB h\u00e4lt ein Aktienpaket an der Gesellschaft.<\/strong><\/p>\n<p><span style=\"text-decoration: underline;\">Quellen:<\/span><\/p>\n<div class=\"spoiler-wrap\">\n\t\t\t\t<div class=\"spoiler-head folded\">Spoiler<\/div>\n\t\t\t\t<div class=\"spoiler-body\">\n<p>a) Das Unternehmen &#8211; Der Vorstand &#8211; Der Aufsichtsrat, u.a. vorgestellt <strong>Aufsichtsratsvorsitzender Herr Ralf Wohltmann (Direktor des VZB) &#8211; <a href=\"http:\/\/www.avesone.com\/de\/aves_unternehmen.html\" target=\"_blank\" rel=\"noopener\">lesen<\/a><\/strong><\/p>\n<p>b)<a href=\"http:\/\/www.avesone.com\/downloads\/avesone_hv2017_geschaeftsbericht2016_de.pdf\" target=\"_blank\" rel=\"noopener\"> Gesch\u00e4ftsbericht 2016<\/a>, Seite 13:<\/p>\n<blockquote>\n<p style=\"text-align: justify\">Mit Wirkung zum 28. Februar 2017 legte Frau Britta Horney ihr Aufsichtsratsmandat nieder. Hierauf bestellte das Amtsgericht Hamburg, welches dem Antrag des Vorstands auf gerichtliche Erg\u00e4nzung folgte, <strong>Herrn Ralf Wohltmann<\/strong>, Diplom-Verwaltungswirt aus Berlin, mit Wirkung zum<strong> 1. M\u00e4rz 2017 <\/strong>in den Aufsichtsrat. Am<strong> 13. M\u00e4rz 2017<\/strong> fand eine konstituierende Sitzung statt, auf welcher Herr Wohltmann zum Vorsitzenden und Herr Kretzenbacher zu seinem Stellvertreter gew\u00e4hlt wurden. Drittes Mitglied des Aufsichtsrats war unver\u00e4ndert Herr Rainer Baumgarten.<\/p>\n<\/blockquote>\n<p><span style=\"color: #000000\"><\/div>\n\t\t\t<\/div><\/span><\/p>\n<p><strong>Die Aves One AG hat zum 29.08.2017 eine Hauptversammlung einberufen. &#8222;Herr Wohltmann beabsichtigt, sich erneut zum Vorsitzenden des Aufsichtsrats w\u00e4hlen zu lassen und hat sich der diesbez\u00fcglichen Unterst\u00fctzung der anderen Kandidaten vergewissert.&#8220;<\/strong><\/p>\n<p><span style=\"text-decoration: underline;\">Quellen:<\/span><\/p>\n<div class=\"spoiler-wrap\">\n\t\t\t\t<div class=\"spoiler-head folded\">Spoiler<\/div>\n\t\t\t\t<div class=\"spoiler-body\"><br \/>\na) Auszug aus der <strong><a href=\"http:\/\/www.finanznachrichten.de\/nachrichten-2017-07\/41241442-dgap-hv-aves-one-ag-bekanntmachung-der-2-015.htm\" target=\"_blank\" rel=\"noopener\">Bekanntmachung<\/a> der Einberufung zur Hauptversammlung am 29.08.2017\u00a0<\/strong><strong>in Hamburg mit dem Ziel der europaweiten Verbreitung gem\u00e4\u00df <a href=\"https:\/\/www.gesetze-im-internet.de\/aktg\/__121.html\" target=\"_blank\" rel=\"noopener\">\u00a7121 AktG<\/a><\/strong><\/p>\n<p>Tagesordnung:<\/p>\n<p>5. Beschlussfassung \u00fcber die Wahl der Mitglieder des Aufsichtsrats<br \/>\nDer Aufsichtsrat schl\u00e4gt vor, die folgenden Personen &#8230; in den Aufsichtsrat zu w\u00e4hlen,<\/p>\n<p>a) *Herr Ralf Wohltmann,*<br \/>\nDirektor des Versorgungswerks der Zahn\u00e4rztekammer Berlin Kd\u00f6R, wohnhaft in Berlin<\/p>\n<p>*Angaben gem\u00e4\u00df \u00a7 125 Abs. 1 S. 5 AktG:*<\/p>\n<p>Mitgliedschaften in anderen gesetzlich zu bildenden Aufsichtsr\u00e4ten sowie in vergleichbaren in- und ausl\u00e4ndischen Kontrollgremien von Wirtschaftsunternehmen:<\/p>\n<p>* <a href=\"https:\/\/www.google.de\/url?sa=t&amp;rct=j&amp;q=&amp;esrc=s&amp;source=web&amp;cd=2&amp;ved=0ahUKEwj8kKTCrJfVAhUBD8AKHVSZCDsQFgg2MAE&amp;url=http%3A%2F%2Fwww.magna.ag%2Fmedia%2Fmeldungen%2Fmagna_pm_170619.pdf&amp;usg=AFQjCNHWKsh8CPyMlPXVAuLmh_1BB3LUcw&amp;cad=rja\" target=\"_blank\" rel=\"noopener\">MAGNA Asset Management AG<\/a>, Vorsitzender<br \/>\n* <a href=\"https:\/\/iuzb.de\/?cat=223\" target=\"_blank\" rel=\"noopener\">Kapilendo AG<\/a>, <a href=\"https:\/\/www.kapilendo.de\/team\" target=\"_blank\" rel=\"noopener\">Vorsitzender<\/a><br \/>\n* <a href=\"http:\/\/www.7orca.com\/\" target=\"_blank\" rel=\"noopener\">7ORCA Asset Management AG<\/a>, Vorsitzender<\/p>\n<p>*Angaben gem\u00e4\u00df <a href=\"http:\/\/www.dcgk.de\/de\/kodex\/aktuelle-fassung\/aufsichtsrat.html\" target=\"_blank\" rel=\"noopener\">Ziffer 5.4.1<\/a> Absatz 4 ff. des <a href=\"http:\/\/www.dcgk.de\/de\/\" target=\"_blank\" rel=\"noopener\">Deutschen Corporate Governance Kodex<\/a>:*<\/p>\n<p>Pers\u00f6nliche oder gesch\u00e4ftliche Beziehungen zum Unternehmen, den Organen der Gesellschaft oder einem wesentlich an der Gesellschaft beteiligten Aktion\u00e4r:<\/p>\n<p>* Direktor des Versorgungswerks der Zahn\u00e4rztekammer Berlin Kd\u00f6R. Das Versorgungswerk der Zahn\u00e4rztekammer Berlin Kd\u00f6R h\u00e4lt (mittelbar) rd. 18,12 % der Aktien an der Aves One AG.<\/p>\n<p>Herr Wohltmann beabsichtigt, sich erneut zum Vorsitzenden des Aufsichtsrats w\u00e4hlen zu lassen und hat sich der diesbez\u00fcglichen Unterst\u00fctzung der anderen Kandidaten vergewissert.<\/p>\n<p>&nbsp;<\/p>\n<p>b) <a href=\"http:\/\/www.avesone.com\/de\/aves_investoren_hauptversammlung.html\" target=\"_blank\" rel=\"noopener\">Investor Relations der Aves One AG<\/a><\/p>\n<ul>\n<li>Ordentliche Hauptversammlung 2017, u.a.:<br \/>\n&#8211; <a href=\"http:\/\/www.avesone.com\/downloads\/avesone_hv2017_tagesordnung_de.pdf\" target=\"_blank\" rel=\"noopener\">Inhalt der Einberufung zur Hauptversammlung \/ Tagesordnung<br \/>\n<\/a>&#8211; <a href=\"http:\/\/www.avesone.com\/downloads\/avesone_hv2017_geschaeftsbericht2016_de.pdf\" target=\"_blank\" rel=\"noopener\">Gesch\u00e4ftsbericht 2016 einschlie\u00dflich Konzernlagebericht, Konzernabschluss und Bericht des Aufsichtsrats<\/a><a href=\"http:\/\/www.avesone.com\/downloads\/avesone_hv2017_tagesordnung_de.pdf\" target=\"_blank\" rel=\"noopener\"><br \/>\n<\/a>&#8211;\u00a0<a href=\"http:\/\/www.avesone.com\/downloads\/avesone_hv2017_vorstellung_ar_kandidaten_de.pdf\" target=\"_blank\" rel=\"noopener\">Lebensl\u00e4ufe der Kandidaten zur Wahl zum Aufsichtsrat<\/a><\/li>\n<\/ul>\n<p><\/div>\n\t\t\t<\/div>\n<p><span style=\"color: #ffffff;\">.<\/span><\/p>\n<p><span style=\"color: #ffffff;\">.<\/span><\/p>\n","protected":false},"excerpt":{"rendered":"<p>Herr Ralf Wohltmann, Direktor des VZB, ist seit dem 13. M\u00e4rz 2017 Vorsitzender des Aufsichtsrates des Logistikunternehmens Aves One AG. Das VZB h\u00e4lt ein Aktienpaket an der Gesellschaft. Quellen: Die [&#8230;]<\/p>\n","protected":false},"author":13,"featured_media":0,"comment_status":"open","ping_status":"closed","sticky":false,"template":"","format":"standard","meta":{"ngg_post_thumbnail":0,"iawp_total_views":3,"footnotes":""},"categories":[222,47],"tags":[],"class_list":["post-21616","post","type-post","status-publish","format-standard","hentry","category-invesntment-logistik","category-versorgungswerk-vzb"],"_links":{"self":[{"href":"https:\/\/iuzb.de\/index.php?rest_route=\/wp\/v2\/posts\/21616","targetHints":{"allow":["GET"]}}],"collection":[{"href":"https:\/\/iuzb.de\/index.php?rest_route=\/wp\/v2\/posts"}],"about":[{"href":"https:\/\/iuzb.de\/index.php?rest_route=\/wp\/v2\/types\/post"}],"author":[{"embeddable":true,"href":"https:\/\/iuzb.de\/index.php?rest_route=\/wp\/v2\/users\/13"}],"replies":[{"embeddable":true,"href":"https:\/\/iuzb.de\/index.php?rest_route=%2Fwp%2Fv2%2Fcomments&post=21616"}],"version-history":[{"count":20,"href":"https:\/\/iuzb.de\/index.php?rest_route=\/wp\/v2\/posts\/21616\/revisions"}],"predecessor-version":[{"id":21637,"href":"https:\/\/iuzb.de\/index.php?rest_route=\/wp\/v2\/posts\/21616\/revisions\/21637"}],"wp:attachment":[{"href":"https:\/\/iuzb.de\/index.php?rest_route=%2Fwp%2Fv2%2Fmedia&parent=21616"}],"wp:term":[{"taxonomy":"category","embeddable":true,"href":"https:\/\/iuzb.de\/index.php?rest_route=%2Fwp%2Fv2%2Fcategories&post=21616"},{"taxonomy":"post_tag","embeddable":true,"href":"https:\/\/iuzb.de\/index.php?rest_route=%2Fwp%2Fv2%2Ftags&post=21616"}],"curies":[{"name":"wp","href":"https:\/\/api.w.org\/{rel}","templated":true}]}}